{"id":44370,"date":"2014-03-18T10:05:37","date_gmt":"2014-03-18T13:05:37","guid":{"rendered":"http:\/\/www.eltrabajo.cl\/portal\/?p=44370"},"modified":"2014-03-18T10:05:37","modified_gmt":"2014-03-18T13:05:37","slug":"teniente-acevedo-asume-mando-tenencia-de-carabineros-de-putaendo","status":"publish","type":"post","link":"https:\/\/eltrabajo.cl\/portal\/teniente-acevedo-asume-mando-tenencia-de-carabineros-de-putaendo\/","title":{"rendered":"Teniente Acevedo asume mando Tenencia de Carabineros de Putaendo"},"content":{"rendered":"<figure id=\"attachment_44371\" aria-describedby=\"caption-attachment-44371\" style=\"width: 529px\" class=\"wp-caption alignnone\"><a href=\"https:\/\/i0.wp.com\/www.eltrabajo.cl\/portal\/wp-content\/uploads\/2014\/03\/Oficiales1.jpg\"><img data-recalc-dims=\"1\" loading=\"lazy\" decoding=\"async\" class=\"size-full wp-image-44371\" alt=\"En la imagen, de izquierda a derecha, el Suboficial Rub\u00e9n Sandoval, el Capit\u00e1n Alfredo Castillo y el Teniente \u00c1ngelo Acevedo.\" src=\"https:\/\/i0.wp.com\/www.eltrabajo.cl\/portal\/wp-content\/uploads\/2014\/03\/Oficiales1.jpg?resize=529%2C357\" width=\"529\" height=\"357\" srcset=\"https:\/\/i0.wp.com\/eltrabajo.cl\/portal\/wp-content\/uploads\/2014\/03\/Oficiales1.jpg?w=529&amp;ssl=1 529w, https:\/\/i0.wp.com\/eltrabajo.cl\/portal\/wp-content\/uploads\/2014\/03\/Oficiales1.jpg?resize=200%2C134&amp;ssl=1 200w, https:\/\/i0.wp.com\/eltrabajo.cl\/portal\/wp-content\/uploads\/2014\/03\/Oficiales1.jpg?resize=300%2C202&amp;ssl=1 300w, https:\/\/i0.wp.com\/eltrabajo.cl\/portal\/wp-content\/uploads\/2014\/03\/Oficiales1.jpg?resize=150%2C101&amp;ssl=1 150w, https:\/\/i0.wp.com\/eltrabajo.cl\/portal\/wp-content\/uploads\/2014\/03\/Oficiales1.jpg?resize=400%2C269&amp;ssl=1 400w\" sizes=\"auto, (max-width: 529px) 100vw, 529px\" \/><\/a><figcaption id=\"caption-attachment-44371\" class=\"wp-caption-text\">En la imagen, de izquierda a derecha, el Suboficial Rub\u00e9n Sandoval, el Capit\u00e1n Alfredo Castillo y el Teniente \u00c1ngelo Acevedo.<\/figcaption><\/figure>\n<p><strong>PUTAENDO<\/strong>.- Tras una labor de cuatro meses por parte del suboficial Rub\u00e9n Sandoval, que lleg\u00f3 a reemplazar al cuestionado suboficial mayor Pedro Moreno, asumi\u00f3 este domingo el teniente \u00c1ngelo Acevedo, como jefe de la Tenencia de Carabineros de Putaendo. El joven oficial y recientemente ascendido al grado de teniente, \u00c1ngelo Acevedo, asumi\u00f3 al mediod\u00eda de este domingo, la jefatura de la Tenencia de Carabineros de Putaendo, luego que el alto mando de la Prefectura Aconcagua resolviera este nombramiento.<\/p>\n<p>En una ceremonia que fue presidida por el subcomisario de Carabineros de San Felipe, capit\u00e1n Alfredo Castillo, quien adem\u00e1s hizo las veces de interventor, el suboficial Rub\u00e9n Sandoval hizo entrega del mando de la Tenencia que dirigi\u00f3 desde noviembre a la fecha, al teniente \u00c1ngelo Acevedo, quien se mostr\u00f3 agradecido del mando institucional por esta nueva responsabilidad que le han asignado.<\/p>\n<p>Con dos a\u00f1os de ejercicio profesional en la Segunda Comisar\u00eda de San Felipe, el teniente Acevedo asume la titularidad de esta unidad policial, de la cual dependen otros tres destacamentos, la cual durante seis a\u00f1os estuvo a cargo de suboficiales, ya que la \u00faltima vez que un oficial de Carabineros hab\u00eda ocupado este cargo, fue el a\u00f1o 2008.<\/p>\n<p>El nuevo jefe de la Tenencia de Putaendo, manifest\u00f3 que su pol\u00edtica ser\u00e1 de puertas abiertas, siguiendo la l\u00ednea de la instituci\u00f3n a nivel pa\u00eds, al mismo tiempo que espera mantener un contacto fluido con las autoridades comunales, dirigentes vecinales y comunitarios, as\u00ed como con toda la poblaci\u00f3n en general.<\/p>\n<p>\u201cMi intenci\u00f3n, as\u00ed como la disposici\u00f3n de la Prefectura Aconcagua, es estar permanentemente al lado de la comunidad, trabajando unidos por combatir la delincuencia, pero adem\u00e1s, con la finalidad de avanzar hacia el desarrollo del valle de Putaendo\u201d, manifest\u00f3 el teniente Acevedo.<\/p>\n<p>En tanto, el subcomisario de los servicios de la Segunda Comisar\u00eda de San Felipe, capit\u00e1n Alfredo Castillo, expres\u00f3 su optimismo del buen trabajo que pueda realizar el nuevo jefe de la Tenencia.<\/p>\n<p>Expres\u00f3 que \u201cno es f\u00e1cil y administrando una unidad de Carabineros como es una tenencia y que m\u00e1s a\u00fan, tiene tres cuarteles bajo su dependencia, como son los de Quebrada Herrera, Guzmanes y Los Patos, la que tiene adem\u00e1s una avanzada temporal en Los Ci\u00e9nagos. Es dif\u00edcil lograr una buena administraci\u00f3n\u201d.<\/p>\n<p>El capit\u00e1n Castillo destac\u00f3 el trabajo realizado por el suboficial Sandoval, quien estuvo desde noviembre pasado a cargo de la unidad policial de Putaendo.<\/p>\n<p>En el caso de Acevedo, dijo que permanecer\u00e1 en esta tenencia durante el tiempo en que permanezca ostentando el grado de teniente o bien, hasta una nueva designaci\u00f3n.<\/p>\n<p>En tanto, el suboficial Rub\u00e9n Sandoval manifest\u00f3 su conformidad por el trabajo realizado, pese a que admiti\u00f3 que quedaron tareas pendientes como son aquellas relacionadas con hechos il\u00edcitos que se han registrado en la comuna y que han generado bastante conmoci\u00f3n.<\/p>\n<p>\u201cHay mucho por hacer en la comuna. Harto trabajo va a tener mi teniente. Yo estoy contento por el trabajo que realic\u00e9. Implementamos patrullajes en sectores donde era necesario hacerlo, sobre todo en aquellos que han sido focalizados por la ocurrencia de robos, como son aquellos donde se emplazan locales comerciales\u201d, manifest\u00f3 el suboficial Sandoval.<\/p>\n<p>La ceremonia donde asumi\u00f3 el teniente Acevedo, cont\u00f3 con la participaci\u00f3n de los funcionarios pertenecientes a la Tenencia de Carabineros de Putaendo, a quienes llam\u00f3 el capit\u00e1n Castillo para que colaboren y se sigan esforzando al m\u00e1ximo para que esta nueva gesti\u00f3n sea exitosa.<\/p>\n<p>Patricio Gallardo M.<\/p>\n<p>&nbsp;<\/p>\n","protected":false},"excerpt":{"rendered":"<p>PUTAENDO.- Tras una labor de cuatro meses por parte del suboficial Rub\u00e9n Sandoval, que lleg\u00f3 a reemplazar al cuestionado suboficial mayor Pedro Moreno, asumi\u00f3 este domingo el teniente \u00c1ngelo Acevedo, como jefe&#8230;<\/p>\n","protected":false},"author":482,"featured_media":44371,"comment_status":"open","ping_status":"closed","sticky":false,"template":"","format":"standard","meta":{"advanced_seo_description":"","jetpack_seo_html_title":"","jetpack_seo_noindex":false,"_jetpack_memberships_contains_paid_content":false,"footnotes":""},"categories":[1],"tags":[],"class_list":["post-44370","post","type-post","status-publish","format-standard","has-post-thumbnail","hentry","category-cronica"],"jetpack_featured_media_url":"https:\/\/i0.wp.com\/eltrabajo.cl\/portal\/wp-content\/uploads\/2014\/03\/Oficiales1.jpg?fit=529%2C357&ssl=1","jetpack_sharing_enabled":true,"jetpack_likes_enabled":true,"jetpack-related-posts":[],"_links":{"self":[{"href":"https:\/\/eltrabajo.cl\/portal\/wp-json\/wp\/v2\/posts\/44370","targetHints":{"allow":["GET"]}}],"collection":[{"href":"https:\/\/eltrabajo.cl\/portal\/wp-json\/wp\/v2\/posts"}],"about":[{"href":"https:\/\/eltrabajo.cl\/portal\/wp-json\/wp\/v2\/types\/post"}],"author":[{"embeddable":true,"href":"https:\/\/eltrabajo.cl\/portal\/wp-json\/wp\/v2\/users\/482"}],"replies":[{"embeddable":true,"href":"https:\/\/eltrabajo.cl\/portal\/wp-json\/wp\/v2\/comments?post=44370"}],"version-history":[{"count":0,"href":"https:\/\/eltrabajo.cl\/portal\/wp-json\/wp\/v2\/posts\/44370\/revisions"}],"wp:featuredmedia":[{"embeddable":true,"href":"https:\/\/eltrabajo.cl\/portal\/wp-json\/wp\/v2\/media\/44371"}],"wp:attachment":[{"href":"https:\/\/eltrabajo.cl\/portal\/wp-json\/wp\/v2\/media?parent=44370"}],"wp:term":[{"taxonomy":"category","embeddable":true,"href":"https:\/\/eltrabajo.cl\/portal\/wp-json\/wp\/v2\/categories?post=44370"},{"taxonomy":"post_tag","embeddable":true,"href":"https:\/\/eltrabajo.cl\/portal\/wp-json\/wp\/v2\/tags?post=44370"}],"curies":[{"name":"wp","href":"https:\/\/api.w.org\/{rel}","templated":true}]}}