{"id":44373,"date":"2014-03-18T10:09:15","date_gmt":"2014-03-18T13:09:15","guid":{"rendered":"http:\/\/www.eltrabajo.cl\/portal\/?p=44373"},"modified":"2014-03-18T10:09:15","modified_gmt":"2014-03-18T13:09:15","slug":"los-pasos-de-nuestra-gigante-de-la-bala-natalia-duco-para-llegar-a-un-oro","status":"publish","type":"post","link":"https:\/\/eltrabajo.cl\/portal\/los-pasos-de-nuestra-gigante-de-la-bala-natalia-duco-para-llegar-a-un-oro\/","title":{"rendered":"Los pasos de nuestra gigante de la bala Natalia Duco para llegar a un Oro"},"content":{"rendered":"<figure id=\"attachment_44374\" aria-describedby=\"caption-attachment-44374\" style=\"width: 528px\" class=\"wp-caption alignnone\"><a href=\"https:\/\/i0.wp.com\/www.eltrabajo.cl\/portal\/wp-content\/uploads\/2014\/03\/Duco2.jpg\"><img data-recalc-dims=\"1\" loading=\"lazy\" decoding=\"async\" class=\"size-full wp-image-44374\" alt=\"SIN L\u00cdMITES.- Se fue de la casa a los 15 a\u00f1os porque deb\u00eda viajar muchas horas desde San Felipe a Valpara\u00edso para entrenar.\" src=\"https:\/\/i0.wp.com\/www.eltrabajo.cl\/portal\/wp-content\/uploads\/2014\/03\/Duco2.jpg?resize=528%2C358\" width=\"528\" height=\"358\" srcset=\"https:\/\/i0.wp.com\/eltrabajo.cl\/portal\/wp-content\/uploads\/2014\/03\/Duco2.jpg?w=528&amp;ssl=1 528w, https:\/\/i0.wp.com\/eltrabajo.cl\/portal\/wp-content\/uploads\/2014\/03\/Duco2.jpg?resize=200%2C135&amp;ssl=1 200w, https:\/\/i0.wp.com\/eltrabajo.cl\/portal\/wp-content\/uploads\/2014\/03\/Duco2.jpg?resize=300%2C203&amp;ssl=1 300w, https:\/\/i0.wp.com\/eltrabajo.cl\/portal\/wp-content\/uploads\/2014\/03\/Duco2.jpg?resize=150%2C101&amp;ssl=1 150w, https:\/\/i0.wp.com\/eltrabajo.cl\/portal\/wp-content\/uploads\/2014\/03\/Duco2.jpg?resize=400%2C271&amp;ssl=1 400w\" sizes=\"auto, (max-width: 528px) 100vw, 528px\" \/><\/a><figcaption id=\"caption-attachment-44374\" class=\"wp-caption-text\">SIN L\u00cdMITES.- Se fue de la casa a los 15 a\u00f1os porque deb\u00eda viajar muchas horas desde San Felipe a Valpara\u00edso para entrenar.<\/figcaption><\/figure>\n<p>Ya van doce a\u00f1os de ser la mejor. Se coron\u00f3 campeona en Buenos Aires 2006. Luego hizo lo propio en Medell\u00edn el 2010, y hoy cuatro a\u00f1os m\u00e1s tarde, nuevamente se qued\u00f3 con el triunfo en el lanzamiento de la bala. La Reina de Sudam\u00e9rica; la Gigante de Aconcagua; nuestra atleta ol\u00edmpica que este domingo le dio una alegr\u00eda muy importante a las miles de personas que llegaron al Estadio Nacional, especialmente a verla ella.<\/p>\n<p>Muchos viajaron a verla desde San Felipe, Llay Llay, Santa Mar\u00eda, Panquehue, y en rigor, desde muchos rincones de Aconcagua. Aunque muy pocos conocen su historial de sacrificio y hasta sufrimiento antes de subirse al m\u00e1ximo podio suramericano por tercera vez.<\/p>\n<figure id=\"attachment_44375\" aria-describedby=\"caption-attachment-44375\" style=\"width: 423px\" class=\"wp-caption alignright\"><a href=\"https:\/\/i0.wp.com\/www.eltrabajo.cl\/portal\/wp-content\/uploads\/2014\/03\/Duco1.jpg\"><img data-recalc-dims=\"1\" loading=\"lazy\" decoding=\"async\" class=\" wp-image-44375 \" alt=\"POTENCIA.- Cuando lanz\u00f3 su oro este domingo, sinti\u00f3 \u201cun silencio indescriptible\u201d y a pesar del griter\u00edo en las tribunas, s\u00f3lo recibi\u00f3 la energ\u00eda contenida. Llor\u00f3 de alegr\u00eda en los pasillos del Estadio Nacional. \" src=\"https:\/\/i0.wp.com\/www.eltrabajo.cl\/portal\/wp-content\/uploads\/2014\/03\/Duco1.jpg?resize=423%2C286\" width=\"423\" height=\"286\" srcset=\"https:\/\/i0.wp.com\/eltrabajo.cl\/portal\/wp-content\/uploads\/2014\/03\/Duco1.jpg?w=529&amp;ssl=1 529w, https:\/\/i0.wp.com\/eltrabajo.cl\/portal\/wp-content\/uploads\/2014\/03\/Duco1.jpg?resize=200%2C135&amp;ssl=1 200w, https:\/\/i0.wp.com\/eltrabajo.cl\/portal\/wp-content\/uploads\/2014\/03\/Duco1.jpg?resize=300%2C203&amp;ssl=1 300w, https:\/\/i0.wp.com\/eltrabajo.cl\/portal\/wp-content\/uploads\/2014\/03\/Duco1.jpg?resize=150%2C101&amp;ssl=1 150w, https:\/\/i0.wp.com\/eltrabajo.cl\/portal\/wp-content\/uploads\/2014\/03\/Duco1.jpg?resize=400%2C270&amp;ssl=1 400w\" sizes=\"auto, (max-width: 423px) 100vw, 423px\" \/><\/a><figcaption id=\"caption-attachment-44375\" class=\"wp-caption-text\">POTENCIA.- Cuando lanz\u00f3 su oro este domingo, sinti\u00f3 \u201cun silencio indescriptible\u201d y a pesar del griter\u00edo en las tribunas, s\u00f3lo recibi\u00f3 la energ\u00eda contenida. Llor\u00f3 de alegr\u00eda en los pasillos del Estadio Nacional.<\/figcaption><\/figure>\n<p>Para la estad\u00edstica quedar\u00e1 que la distancia fue de 18 metros siete cent\u00edmetros, que ni siquiera es su mejor marca (18.80 JJOO de Londres), porque hay otras cosas que esta mujer aconcag\u00fcina deja en el camino.<\/p>\n<p><strong>\u00a0CURIOSIDADES\u00a0NATALIA DUCO<\/strong><\/p>\n<p>1 &#8211; Naci\u00f3 prematura. Su madre tuvo un desprendimiento de placenta cuando levaba siete meses de gestaci\u00f3n. Todo estaba preparado para que naciera en Vi\u00f1a, como todos sus hermanos, pero como se adelant\u00f3, su madre debi\u00f3 ingresar de urgencia al Hospital Luis Guajardo Guerrero en Calle Sargento Cajales. El destino quiso que un 31 de enero viera la luz en la \u2018Tres veces heroica ciudad\u2019 de San Felipe.<\/p>\n<p>2 &#8211; Su pap\u00e1 tiene un molino de harina que hered\u00f3 del abuelo de Natalia, y cuando chica en vez de jugar con mu\u00f1ecas, se iba a jugar al trigo y cargaba sacos con los peonetas. Se cri\u00f3 entre ovejas, chivos, conejos, p\u00e1jaros, perros, gatos, gallinas.<\/p>\n<p>3 &#8211; Una vez se incendi\u00f3 su casa y era tan peque\u00f1a e inocente que se devolvi\u00f3 a su pieza mientras las llamas a\u00fan no eran contenidas por los Bomberos, se salv\u00f3 de milagro.<\/p>\n<p>4 &#8211; Fue presidente del Centro de alumnos del Colegio Alem\u00e1n en San Felipe, y particip\u00f3 en las marchas por la educaci\u00f3n, de la llamada \u2018Revoluci\u00f3n Ping\u00fcina\u2019, donde desfil\u00f3 frente a Carabineros y autoridades junto con liceos p\u00fablicos para intentar un cambio social.<\/p>\n<p>5 &#8211; Natalia es artista pl\u00e1stica y le gusta la pintura. Tom\u00f3 clases con el Maestro Hern\u00e1n Meschi, quien le ayud\u00f3 en su estilo surrealista. Comenz\u00f3 a pintar hace ya ocho a\u00f1os y ha montado incluso alguna exposici\u00f3n. Natalia asegura que este hobbie le permite desahogarse. Se emociona viendo a Dal\u00ed y sus obras tanto como ver correr a Hussain Bolt.<\/p>\n<p>6 &#8211; Se fue de la casa a los 15 a\u00f1os porque deb\u00eda viajar muchas horas desde San Felipe a Valpara\u00edso para entrenar. Eran cinco horas al d\u00eda sobre un bus y eso no deb\u00eda durar mucho por lo que se fue a vivir a Santiago, donde dorm\u00eda en los subterr\u00e1neos de los camarines del Estadio Manquehue.<\/p>\n<p>7 &#8211; Se dedic\u00f3 100% al deporte, pero un d\u00eda se dio cuenta de que deb\u00eda estudiar algo. Un d\u00eda se dio cuenta de que todos sus libros eran de psicolog\u00eda o filosof\u00eda, entonces decidi\u00f3 estudiar Psicolog\u00eda en la Universidad Gabriela Mistral.<\/p>\n<p>8 &#8211; Para conseguir una medalla m\u00e1s, Natalia debe entrenar nueve horas al d\u00eda, y en una oportunidad se cruz\u00f3 en el camino del director de Chiledeportes, qui\u00e9n justific\u00f3 su falta de apoyo a la campeona sanfelipe\u00f1a, que entrenaba por meses en Cuba se\u00f1al\u00e1ndole a la prensa \u201cno financiar\u00e9 las vacaciones de ella\u201d.<\/p>\n<p>9 &#8211; Natalia no vota porque asegura ser totalmente apol\u00edtica. Le decepciona darse cuenta de lo que sucede en la pol\u00edtica, \u201cde c\u00f3mo act\u00faan los pol\u00edticos\u201d. Y una vez asegur\u00f3 que \u201cla pol\u00edtica es triste, como un circo pobre. Por eso yo no voto\u201d.<\/p>\n<p>10 &#8211; Cuando lanz\u00f3 su oro este domingo, sinti\u00f3 \u201cun silencio indescriptible\u201d y a pesar del griter\u00edo en las tribunas, s\u00f3lo recibi\u00f3 la energ\u00eda contenida. Llor\u00f3 de alegr\u00eda en los pasillos del Estadio Nacional.<\/p>\n<p>As\u00ed es nuestra campeona, fuerte como una gigante en la pista, pero fr\u00e1gil y noble como todo buen aconcag\u00fcino, que siente y vibra con su tierra y su gente.<\/p>\n<p>&nbsp;<\/p>\n","protected":false},"excerpt":{"rendered":"<p>Ya van doce a\u00f1os de ser la mejor. Se coron\u00f3 campeona en Buenos Aires 2006. Luego hizo lo propio en Medell\u00edn el 2010, y hoy cuatro a\u00f1os m\u00e1s tarde, nuevamente se qued\u00f3&#8230;<\/p>\n","protected":false},"author":482,"featured_media":44374,"comment_status":"open","ping_status":"closed","sticky":false,"template":"","format":"standard","meta":{"advanced_seo_description":"","jetpack_seo_html_title":"","jetpack_seo_noindex":false,"_jetpack_memberships_contains_paid_content":false,"footnotes":""},"categories":[15],"tags":[],"class_list":["post-44373","post","type-post","status-publish","format-standard","has-post-thumbnail","hentry","category-comunidad"],"jetpack_featured_media_url":"https:\/\/i0.wp.com\/eltrabajo.cl\/portal\/wp-content\/uploads\/2014\/03\/Duco2.jpg?fit=528%2C358&ssl=1","jetpack_sharing_enabled":true,"jetpack_likes_enabled":true,"jetpack-related-posts":[],"_links":{"self":[{"href":"https:\/\/eltrabajo.cl\/portal\/wp-json\/wp\/v2\/posts\/44373","targetHints":{"allow":["GET"]}}],"collection":[{"href":"https:\/\/eltrabajo.cl\/portal\/wp-json\/wp\/v2\/posts"}],"about":[{"href":"https:\/\/eltrabajo.cl\/portal\/wp-json\/wp\/v2\/types\/post"}],"author":[{"embeddable":true,"href":"https:\/\/eltrabajo.cl\/portal\/wp-json\/wp\/v2\/users\/482"}],"replies":[{"embeddable":true,"href":"https:\/\/eltrabajo.cl\/portal\/wp-json\/wp\/v2\/comments?post=44373"}],"version-history":[{"count":0,"href":"https:\/\/eltrabajo.cl\/portal\/wp-json\/wp\/v2\/posts\/44373\/revisions"}],"wp:featuredmedia":[{"embeddable":true,"href":"https:\/\/eltrabajo.cl\/portal\/wp-json\/wp\/v2\/media\/44374"}],"wp:attachment":[{"href":"https:\/\/eltrabajo.cl\/portal\/wp-json\/wp\/v2\/media?parent=44373"}],"wp:term":[{"taxonomy":"category","embeddable":true,"href":"https:\/\/eltrabajo.cl\/portal\/wp-json\/wp\/v2\/categories?post=44373"},{"taxonomy":"post_tag","embeddable":true,"href":"https:\/\/eltrabajo.cl\/portal\/wp-json\/wp\/v2\/tags?post=44373"}],"curies":[{"name":"wp","href":"https:\/\/api.w.org\/{rel}","templated":true}]}}