{"id":44377,"date":"2014-03-18T10:11:52","date_gmt":"2014-03-18T13:11:52","guid":{"rendered":"http:\/\/www.eltrabajo.cl\/portal\/?p=44377"},"modified":"2014-03-18T10:14:03","modified_gmt":"2014-03-18T13:14:03","slug":"mamitas-defienden-su-derecho-a-amamantar-en-lugares-publicos","status":"publish","type":"post","link":"https:\/\/eltrabajo.cl\/portal\/mamitas-defienden-su-derecho-a-amamantar-en-lugares-publicos\/","title":{"rendered":"Mamitas defienden su derecho a amamantar en lugares p\u00fablicos"},"content":{"rendered":"<figure id=\"attachment_44378\" aria-describedby=\"caption-attachment-44378\" style=\"width: 529px\" class=\"wp-caption alignnone\"><img data-recalc-dims=\"1\" loading=\"lazy\" decoding=\"async\" class=\"size-full wp-image-44378\" alt=\"Milenia Vargas: \u00abest\u00e1n cada d\u00eda las mujeres m\u00e1s pudorosas y los hombres m\u00e1s mal intencionados\u00bb.\" src=\"https:\/\/i0.wp.com\/www.eltrabajo.cl\/portal\/wp-content\/uploads\/2014\/03\/Milenia-Vargas.jpg?resize=529%2C358\" width=\"529\" height=\"358\" srcset=\"https:\/\/i0.wp.com\/eltrabajo.cl\/portal\/wp-content\/uploads\/2014\/03\/Milenia-Vargas.jpg?w=529&amp;ssl=1 529w, https:\/\/i0.wp.com\/eltrabajo.cl\/portal\/wp-content\/uploads\/2014\/03\/Milenia-Vargas.jpg?resize=200%2C135&amp;ssl=1 200w, https:\/\/i0.wp.com\/eltrabajo.cl\/portal\/wp-content\/uploads\/2014\/03\/Milenia-Vargas.jpg?resize=300%2C203&amp;ssl=1 300w, https:\/\/i0.wp.com\/eltrabajo.cl\/portal\/wp-content\/uploads\/2014\/03\/Milenia-Vargas.jpg?resize=150%2C101&amp;ssl=1 150w, https:\/\/i0.wp.com\/eltrabajo.cl\/portal\/wp-content\/uploads\/2014\/03\/Milenia-Vargas.jpg?resize=400%2C270&amp;ssl=1 400w\" sizes=\"auto, (max-width: 529px) 100vw, 529px\" \/><\/a><figcaption id=\"caption-attachment-44378\" class=\"wp-caption-text\">Milenia Vargas: \u00abest\u00e1n cada d\u00eda las mujeres m\u00e1s pudorosas y los hombres m\u00e1s mal intencionados\u00bb.<\/figcaption><\/figure>\n<p>El caso de una mujer a la que se le prohibi\u00f3 amamantar en un restaurante de Quillota, dio paso a una discusi\u00f3n que hace rato est\u00e1 dando vueltas en el aire. \u00bfPueden las mam\u00e1s dar pecho libremente en lugares p\u00fablicos?<\/p>\n<p>La respuesta inmediata es que no habr\u00eda raz\u00f3n para oponerse, pero en la pr\u00e1ctica las mam\u00e1s encuentran m\u00e1s problemas que facilidades y por ello fuimos a preguntarles qu\u00e9 es lo que piensan de esta materia que cruza niveles sociales y a toda la estructura de la sociedad chilena.<\/p>\n<p>Para la mamita Lilibet \u00d3rdenes, \u201cla lactancia materna debiera ser considerada siempre como algo natural. Darle pecho a un ni\u00f1o debiera ser algo de lo m\u00e1s natural del mundo. Podr\u00eda ser un problema que algunas mam\u00e1s no se cubren al amamantar, y eso quiz\u00e1 complique a algunos pero nosotros debemos respetar a las que no se cubren tambi\u00e9n. Cada mam\u00e1 sabe lo que le acomoda y un acto tan lindo no debe ser mirado con malos ojos\u201d.<\/p>\n<p>Milenia Vargas es una mam\u00e1 con beb\u00e9 de dos meses y tiene claro que \u201cest\u00e1n cada d\u00eda las mujeres m\u00e1s pudorosas y los hombres m\u00e1s mal intencionados, por eso creo que ahora casi no se ven mam\u00e1s amamantando en lugares p\u00fablicos, entonces las mujeres prefieren llegar a su casa a darle pecho\u201d.<\/p>\n<p>Gabriela Marabol\u00ed es mam\u00e1 gestante y est\u00e1 a punto de dar a luz a su beb\u00e9. Para ella \u201ces horriblemente injusto que a las mam\u00e1s est\u00e9n priv\u00e1ndole espacios para amamantar. Una puede darle pecho donde sea que a la guagua le de hambre y eso no importa d\u00f3nde est\u00e9 una. El problema es de los dem\u00e1s y no de las mam\u00e1s. La lactancia materna tiene miles de beneficios y eso hay que cuidarlo para que los ni\u00f1os se cr\u00eden sanos\u201d.<\/p>\n<p>Para Gabriela Gallardo, vocera de \u2018Mamitas Pro-Aconcagua\u2019, el acto de amamantar es \u201cla actividad m\u00e1s noble que se desarrolla entre los humanos, sin embargo el tema es reiterativo y cada cierto tiempo aparece en la prensa. Cada vez vemos menos gente amamantando en las plazas y en los parques\u201d.<\/p>\n<p>Respecto a este problema, Gabriela Gallardo aclara que \u201clos hombres son m\u00e1s respetuosos, y en general son las mujeres las que le llaman la atenci\u00f3n a otras mujeres. El tema va por el que las mujeres se cubran o no, pero eso es reiterativo. Cada mam\u00e1 sabe si se cubre o no al amamantar, y es alg\u00fan tipo de desviaci\u00f3n la que genera empezar a ver esto como no natural\u201d.<\/p>\n<p>Debido a que la discusi\u00f3n est\u00e1 en el tapete, la agrupaci\u00f3n \u2018Mamitas-Pro Aconcagua\u2019 decidi\u00f3 realizar la primera gran \u2018tetada\u2019 en San Felipe este mi\u00e9rcoles 19:00 a las 18:30 horas en la Plaza de Armas de la ciudad. Para coordinar el apoyo que la gente pueda brindar a dicha actividad, la dirigente invita a buscarlas en Facebook con el nombre de la agrupaci\u00f3n.<\/p>\n<div class=\"tiled-gallery type-rectangular tiled-gallery-unresized\" data-original-width=\"640\" data-carousel-extra='null' itemscope itemtype=\"http:\/\/schema.org\/ImageGallery\" > <div class=\"gallery-row\" style=\"width: 640px; height: 218px;\" data-original-width=\"640\" data-original-height=\"218\" > <div class=\"gallery-group images-1\" style=\"width: 320px; height: 218px;\" data-original-width=\"320\" data-original-height=\"218\" > <div class=\"tiled-gallery-item tiled-gallery-item-large\" itemprop=\"associatedMedia\" itemscope itemtype=\"http:\/\/schema.org\/ImageObject\"> <a href=\"https:\/\/eltrabajo.cl\/portal\/mamitas-defienden-su-derecho-a-amamantar-en-lugares-publicos\/gabriela-maraboli\/\" border=\"0\" itemprop=\"url\"> <meta itemprop=\"width\" content=\"316\"> <meta itemprop=\"height\" content=\"214\"> <img decoding=\"async\" class=\"\" data-attachment-id=\"44379\" data-orig-file=\"https:\/\/eltrabajo.cl\/portal\/wp-content\/uploads\/2014\/03\/Gabriela-Marabol\u00ed.jpg\" data-orig-size=\"529,358\" data-comments-opened=\"1\" data-image-meta=\"{&quot;aperture&quot;:&quot;0&quot;,&quot;credit&quot;:&quot;Pedro Munoz H&quot;,&quot;camera&quot;:&quot;&quot;,&quot;caption&quot;:&quot;&quot;,&quot;created_timestamp&quot;:&quot;0&quot;,&quot;copyright&quot;:&quot;&quot;,&quot;focal_length&quot;:&quot;0&quot;,&quot;iso&quot;:&quot;0&quot;,&quot;shutter_speed&quot;:&quot;0&quot;,&quot;title&quot;:&quot;&quot;}\" data-image-title=\"Gabriela Marabol\u00ed\" data-image-description=\"&lt;p&gt;Gabriela Marabol\u00ed: \u00abes horriblemente injusto que a las mam\u00e1s est\u00e9n priv\u00e1ndole espacios para amamantar\u00bb. &lt;\/p&gt; \" data-medium-file=\"https:\/\/i0.wp.com\/eltrabajo.cl\/portal\/wp-content\/uploads\/2014\/03\/Gabriela-Marabol%C3%AD.jpg?fit=300%2C203&#038;ssl=1\" data-large-file=\"https:\/\/i0.wp.com\/eltrabajo.cl\/portal\/wp-content\/uploads\/2014\/03\/Gabriela-Marabol%C3%AD.jpg?fit=529%2C358&#038;ssl=1\" src=\"https:\/\/i0.wp.com\/eltrabajo.cl\/portal\/wp-content\/uploads\/2014\/03\/Gabriela-Marabol%C3%AD.jpg?w=316&#038;h=214&#038;ssl=1\" width=\"316\" height=\"214\" loading=\"lazy\" data-original-width=\"316\" data-original-height=\"214\" itemprop=\"http:\/\/schema.org\/image\" title=\"Gabriela Marabol\u00ed\" alt=\"Gabriela Marabol\u00ed: \u00abes horriblemente injusto que a las mam\u00e1s est\u00e9n priv\u00e1ndole espacios para amamantar\u00bb.\" style=\"width: 316px; height: 214px;\" \/> <\/a> <div class=\"tiled-gallery-caption\" itemprop=\"caption description\"> Gabriela Marabol\u00ed: \u00abes horriblemente injusto que a las mam\u00e1s est\u00e9n priv\u00e1ndole espacios para amamantar\u00bb. <\/div> <\/div> <\/div> <!-- close group --> <div class=\"gallery-group images-1\" style=\"width: 320px; height: 218px;\" data-original-width=\"320\" data-original-height=\"218\" > <div class=\"tiled-gallery-item tiled-gallery-item-large\" itemprop=\"associatedMedia\" itemscope itemtype=\"http:\/\/schema.org\/ImageObject\"> <a href=\"https:\/\/eltrabajo.cl\/portal\/mamitas-defienden-su-derecho-a-amamantar-en-lugares-publicos\/lilibet-ordenes\/\" border=\"0\" itemprop=\"url\"> <meta itemprop=\"width\" content=\"316\"> <meta itemprop=\"height\" content=\"214\"> <img decoding=\"async\" class=\"\" data-attachment-id=\"44380\" data-orig-file=\"https:\/\/eltrabajo.cl\/portal\/wp-content\/uploads\/2014\/03\/Lilibet-\u00d3rdenes.jpg\" data-orig-size=\"529,358\" data-comments-opened=\"1\" data-image-meta=\"{&quot;aperture&quot;:&quot;0&quot;,&quot;credit&quot;:&quot;Pedro Munoz H&quot;,&quot;camera&quot;:&quot;&quot;,&quot;caption&quot;:&quot;&quot;,&quot;created_timestamp&quot;:&quot;0&quot;,&quot;copyright&quot;:&quot;&quot;,&quot;focal_length&quot;:&quot;0&quot;,&quot;iso&quot;:&quot;0&quot;,&quot;shutter_speed&quot;:&quot;0&quot;,&quot;title&quot;:&quot;&quot;}\" data-image-title=\"Lilibet \u00d3rdenes\" data-image-description=\"&lt;p&gt;Lilibet \u00d3rdenes: \u00abla lactancia materna debiera ser considerada siempre como algo natural\u00bb.&lt;\/p&gt; \" data-medium-file=\"https:\/\/i0.wp.com\/eltrabajo.cl\/portal\/wp-content\/uploads\/2014\/03\/Lilibet-%C3%93rdenes.jpg?fit=300%2C203&#038;ssl=1\" data-large-file=\"https:\/\/i0.wp.com\/eltrabajo.cl\/portal\/wp-content\/uploads\/2014\/03\/Lilibet-%C3%93rdenes.jpg?fit=529%2C358&#038;ssl=1\" src=\"https:\/\/i0.wp.com\/eltrabajo.cl\/portal\/wp-content\/uploads\/2014\/03\/Lilibet-%C3%93rdenes.jpg?w=316&#038;h=214&#038;ssl=1\" width=\"316\" height=\"214\" loading=\"lazy\" data-original-width=\"316\" data-original-height=\"214\" itemprop=\"http:\/\/schema.org\/image\" title=\"Lilibet \u00d3rdenes\" alt=\"Lilibet \u00d3rdenes: \u00abla lactancia materna debiera ser considerada siempre como algo natural\u00bb.\" style=\"width: 316px; height: 214px;\" \/> <\/a> <div class=\"tiled-gallery-caption\" itemprop=\"caption description\"> Lilibet \u00d3rdenes: \u00abla lactancia materna debiera ser considerada siempre como algo natural\u00bb. <\/div> <\/div> <\/div> <!-- close group --> <\/div> <!-- close row --> <\/div>\n","protected":false},"excerpt":{"rendered":"<p>El caso de una mujer a la que se le prohibi\u00f3 amamantar en un restaurante de Quillota, dio paso a una discusi\u00f3n que hace rato est\u00e1 dando vueltas en el aire. \u00bfPueden&#8230;<\/p>\n","protected":false},"author":482,"featured_media":44378,"comment_status":"open","ping_status":"closed","sticky":false,"template":"","format":"standard","meta":{"advanced_seo_description":"","jetpack_seo_html_title":"","jetpack_seo_noindex":false,"_jetpack_memberships_contains_paid_content":false,"footnotes":""},"categories":[15],"tags":[],"class_list":["post-44377","post","type-post","status-publish","format-standard","has-post-thumbnail","hentry","category-comunidad"],"jetpack_featured_media_url":"https:\/\/i0.wp.com\/eltrabajo.cl\/portal\/wp-content\/uploads\/2014\/03\/Milenia-Vargas.jpg?fit=529%2C358&ssl=1","jetpack_sharing_enabled":true,"jetpack_likes_enabled":true,"jetpack-related-posts":[],"_links":{"self":[{"href":"https:\/\/eltrabajo.cl\/portal\/wp-json\/wp\/v2\/posts\/44377","targetHints":{"allow":["GET"]}}],"collection":[{"href":"https:\/\/eltrabajo.cl\/portal\/wp-json\/wp\/v2\/posts"}],"about":[{"href":"https:\/\/eltrabajo.cl\/portal\/wp-json\/wp\/v2\/types\/post"}],"author":[{"embeddable":true,"href":"https:\/\/eltrabajo.cl\/portal\/wp-json\/wp\/v2\/users\/482"}],"replies":[{"embeddable":true,"href":"https:\/\/eltrabajo.cl\/portal\/wp-json\/wp\/v2\/comments?post=44377"}],"version-history":[{"count":0,"href":"https:\/\/eltrabajo.cl\/portal\/wp-json\/wp\/v2\/posts\/44377\/revisions"}],"wp:featuredmedia":[{"embeddable":true,"href":"https:\/\/eltrabajo.cl\/portal\/wp-json\/wp\/v2\/media\/44378"}],"wp:attachment":[{"href":"https:\/\/eltrabajo.cl\/portal\/wp-json\/wp\/v2\/media?parent=44377"}],"wp:term":[{"taxonomy":"category","embeddable":true,"href":"https:\/\/eltrabajo.cl\/portal\/wp-json\/wp\/v2\/categories?post=44377"},{"taxonomy":"post_tag","embeddable":true,"href":"https:\/\/eltrabajo.cl\/portal\/wp-json\/wp\/v2\/tags?post=44377"}],"curies":[{"name":"wp","href":"https:\/\/api.w.org\/{rel}","templated":true}]}}