{"id":44383,"date":"2014-03-18T10:14:43","date_gmt":"2014-03-18T13:14:43","guid":{"rendered":"http:\/\/www.eltrabajo.cl\/portal\/?p=44383"},"modified":"2014-03-18T10:14:43","modified_gmt":"2014-03-18T13:14:43","slug":"hacen-llamado-a-licitacion-de-ascensor-para-personas-con-discapacidad","status":"publish","type":"post","link":"https:\/\/eltrabajo.cl\/portal\/hacen-llamado-a-licitacion-de-ascensor-para-personas-con-discapacidad\/","title":{"rendered":"Hacen llamado a licitaci\u00f3n de ascensor para personas con discapacidad"},"content":{"rendered":"<figure id=\"attachment_44384\" aria-describedby=\"caption-attachment-44384\" style=\"width: 528px\" class=\"wp-caption alignnone\"><img data-recalc-dims=\"1\" loading=\"lazy\" decoding=\"async\" class=\"size-full wp-image-44384\" alt=\"Un nuevo llamado a licitaci\u00f3n para el proyecto que contempla la adquisici\u00f3n de un ascensor para personas con discapacidad.\" src=\"https:\/\/i0.wp.com\/www.eltrabajo.cl\/portal\/wp-content\/uploads\/2014\/03\/Municipalidad1.jpg?resize=528%2C360\" width=\"528\" height=\"360\" srcset=\"https:\/\/i0.wp.com\/eltrabajo.cl\/portal\/wp-content\/uploads\/2014\/03\/Municipalidad1.jpg?w=528&amp;ssl=1 528w, https:\/\/i0.wp.com\/eltrabajo.cl\/portal\/wp-content\/uploads\/2014\/03\/Municipalidad1.jpg?resize=200%2C136&amp;ssl=1 200w, https:\/\/i0.wp.com\/eltrabajo.cl\/portal\/wp-content\/uploads\/2014\/03\/Municipalidad1.jpg?resize=300%2C204&amp;ssl=1 300w, https:\/\/i0.wp.com\/eltrabajo.cl\/portal\/wp-content\/uploads\/2014\/03\/Municipalidad1.jpg?resize=150%2C102&amp;ssl=1 150w, https:\/\/i0.wp.com\/eltrabajo.cl\/portal\/wp-content\/uploads\/2014\/03\/Municipalidad1.jpg?resize=400%2C272&amp;ssl=1 400w\" sizes=\"auto, (max-width: 528px) 100vw, 528px\" \/><\/a><figcaption id=\"caption-attachment-44384\" class=\"wp-caption-text\">Un nuevo llamado a licitaci\u00f3n para el proyecto que contempla la adquisici\u00f3n de un ascensor para personas con discapacidad.<\/figcaption><\/figure>\n<p>Un nuevo llamado a licitaci\u00f3n para el proyecto que contempla la adquisici\u00f3n de un ascensor para personas con discapacidad, realizar\u00e1 la Municipalidad de San Felipe el pr\u00f3ximo lunes 24 de marzo, luego que en una primera instancia el proceso se declarara desierto.<\/p>\n<p>Ante esa situaci\u00f3n el municipio solicit\u00f3 una reevaluaci\u00f3n al Gobierno Regional, tr\u00e1mite que fue autorizado y por ello se realizar\u00e1 este nuevo llamado a licitaci\u00f3n, que contemplar\u00e1 la adquisici\u00f3n de un ascensor panor\u00e1mico, que permitir\u00e1, tal como lo ha planteado el Alcalde Patricio Freire el acceso de todas las personas que lo requieran al edificio, tanto con discapacidad como de la tercera edad y que ellas puedan realizar con comodidad todos su tr\u00e1mites.<\/p>\n<p>\u201cEstamos solicitando una oferta de $76 millones como precio oficial y eso nos va a permitir ser competitivos y poder tener ya ese proyecto a trav\u00e9s de la Circular 33\u201d, dijo Claudio Paredes, Secretario Comunal de Planificaci\u00f3n.<\/p>\n<p>El proyecto contempla la instalaci\u00f3n del ascensor en el sector poniente del edificio consistorial, con una capacidad m\u00e1xima para ocho personas, es panor\u00e1mico, por tanto permitir\u00e1 dar mayor seguridad a las personas que se trasladan en su interior y es externo por las condiciones que tiene el edificio.<\/p>\n<p>\u201cEste edificio no fue concebido con ascensor desde el principio, por tanto lo m\u00e1s factible t\u00e9cnicamente es hacerlo por el exterior y esto va a permitir un acceso directo al segundo piso, por el lado de la oficina de Partes y al tercer piso por el sector que actualmente ocupan los concejales\u201d, sostuvo Paredes.<\/p>\n<p>El lunes pr\u00f3ximo se realizar\u00e1 este llamado a licitaci\u00f3n, proceso que se mantendr\u00e1 unos diez d\u00edas en el sistema, por ello el llamado es a las empresas que trabajan con este tipo de equipamiento que se acerquen a la municipalidad y consulten sobre el proceso, ya que el inter\u00e9s del municipio es adjudicar el proyecto para beneficio de los vecinos.<\/p>\n<p>&nbsp;<\/p>\n","protected":false},"excerpt":{"rendered":"<p>Un nuevo llamado a licitaci\u00f3n para el proyecto que contempla la adquisici\u00f3n de un ascensor para personas con discapacidad, realizar\u00e1 la Municipalidad de San Felipe el pr\u00f3ximo lunes 24 de marzo, luego&#8230;<\/p>\n","protected":false},"author":482,"featured_media":44384,"comment_status":"open","ping_status":"closed","sticky":false,"template":"","format":"standard","meta":{"advanced_seo_description":"","jetpack_seo_html_title":"","jetpack_seo_noindex":false,"_jetpack_memberships_contains_paid_content":false,"footnotes":""},"categories":[1],"tags":[],"class_list":["post-44383","post","type-post","status-publish","format-standard","has-post-thumbnail","hentry","category-cronica"],"jetpack_featured_media_url":"https:\/\/i0.wp.com\/eltrabajo.cl\/portal\/wp-content\/uploads\/2014\/03\/Municipalidad1.jpg?fit=528%2C360&ssl=1","jetpack_sharing_enabled":true,"jetpack_likes_enabled":true,"jetpack-related-posts":[],"_links":{"self":[{"href":"https:\/\/eltrabajo.cl\/portal\/wp-json\/wp\/v2\/posts\/44383","targetHints":{"allow":["GET"]}}],"collection":[{"href":"https:\/\/eltrabajo.cl\/portal\/wp-json\/wp\/v2\/posts"}],"about":[{"href":"https:\/\/eltrabajo.cl\/portal\/wp-json\/wp\/v2\/types\/post"}],"author":[{"embeddable":true,"href":"https:\/\/eltrabajo.cl\/portal\/wp-json\/wp\/v2\/users\/482"}],"replies":[{"embeddable":true,"href":"https:\/\/eltrabajo.cl\/portal\/wp-json\/wp\/v2\/comments?post=44383"}],"version-history":[{"count":0,"href":"https:\/\/eltrabajo.cl\/portal\/wp-json\/wp\/v2\/posts\/44383\/revisions"}],"wp:featuredmedia":[{"embeddable":true,"href":"https:\/\/eltrabajo.cl\/portal\/wp-json\/wp\/v2\/media\/44384"}],"wp:attachment":[{"href":"https:\/\/eltrabajo.cl\/portal\/wp-json\/wp\/v2\/media?parent=44383"}],"wp:term":[{"taxonomy":"category","embeddable":true,"href":"https:\/\/eltrabajo.cl\/portal\/wp-json\/wp\/v2\/categories?post=44383"},{"taxonomy":"post_tag","embeddable":true,"href":"https:\/\/eltrabajo.cl\/portal\/wp-json\/wp\/v2\/tags?post=44383"}],"curies":[{"name":"wp","href":"https:\/\/api.w.org\/{rel}","templated":true}]}}