{"id":44388,"date":"2014-03-18T10:19:40","date_gmt":"2014-03-18T13:19:40","guid":{"rendered":"http:\/\/www.eltrabajo.cl\/portal\/?p=44388"},"modified":"2014-03-18T10:19:40","modified_gmt":"2014-03-18T13:19:40","slug":"entre-18-y-20-semanas-de-gestacion-tenia-feto-encontrado-en-alcantarilla","status":"publish","type":"post","link":"https:\/\/eltrabajo.cl\/portal\/entre-18-y-20-semanas-de-gestacion-tenia-feto-encontrado-en-alcantarilla\/","title":{"rendered":"Entre 18 y 20 semanas de gestaci\u00f3n ten\u00eda feto encontrado en alcantarilla"},"content":{"rendered":"<figure id=\"attachment_44389\" aria-describedby=\"caption-attachment-44389\" style=\"width: 529px\" class=\"wp-caption alignnone\"><img data-recalc-dims=\"1\" loading=\"lazy\" decoding=\"async\" class=\"size-full wp-image-44389\" alt=\"El feto encontrado la ma\u00f1ana del domingo en el interior de un estanque de alcantarillado, ten\u00eda entre 18 y 20 semanas de gestaci\u00f3n.\" src=\"https:\/\/i0.wp.com\/www.eltrabajo.cl\/portal\/wp-content\/uploads\/2014\/03\/Feto12.jpg?resize=529%2C394\" width=\"529\" height=\"394\" srcset=\"https:\/\/i0.wp.com\/eltrabajo.cl\/portal\/wp-content\/uploads\/2014\/03\/Feto12.jpg?w=529&amp;ssl=1 529w, https:\/\/i0.wp.com\/eltrabajo.cl\/portal\/wp-content\/uploads\/2014\/03\/Feto12.jpg?resize=200%2C148&amp;ssl=1 200w, https:\/\/i0.wp.com\/eltrabajo.cl\/portal\/wp-content\/uploads\/2014\/03\/Feto12.jpg?resize=300%2C223&amp;ssl=1 300w, https:\/\/i0.wp.com\/eltrabajo.cl\/portal\/wp-content\/uploads\/2014\/03\/Feto12.jpg?resize=150%2C111&amp;ssl=1 150w, https:\/\/i0.wp.com\/eltrabajo.cl\/portal\/wp-content\/uploads\/2014\/03\/Feto12.jpg?resize=400%2C297&amp;ssl=1 400w\" sizes=\"auto, (max-width: 529px) 100vw, 529px\" \/><\/a><figcaption id=\"caption-attachment-44389\" class=\"wp-caption-text\">El feto encontrado la ma\u00f1ana del domingo en el interior de un estanque de alcantarillado, ten\u00eda entre 18 y 20 semanas de gestaci\u00f3n.<\/figcaption><\/figure>\n<p><strong>LOS ANDES<\/strong>.- El Jefe de la Brigada de Homicidios de la PDI de Los Andes, Subcomisario Carlos Alegr\u00eda, confirm\u00f3 que el feto encontrado la ma\u00f1ana del domingo en el interior de un estanque de alcantarillado en el sector de El Huape en San Esteban ten\u00eda entre 18 y 20 semanas de gestaci\u00f3n. El oficial indic\u00f3 que se encuentran trabajando para poder determinar la identidad de la madre y cu\u00e1les fueron las circunstancias en las que habr\u00eda llegado el feto a esta planta de tratamiento de aguas servidas.<\/p>\n<p>Indic\u00f3 que por las caracter\u00edsticas del no-nato, el aborto se pudo haber producido en horas de la noche del s\u00e1bado o madrugada del mismo domingo.<\/p>\n<p>\u201cNo descartamos ninguna hip\u00f3tesis, pero tenemos que concretar una l\u00ednea investigativa, por lo tanto cualquier hip\u00f3tesis puede ser factible, por lo que se trabaj\u00f3 en el lugar para determinar desde qu\u00e9 domicilio pudo haber generado el traslado del cuerpo al lugar\u201d, detall\u00f3 el Subcomisario.<\/p>\n<p>Sostuvo que la madre no pudo haber quedado en buenas condiciones tras el aborto, \u201cya que pudo tener hemorragia interna, infecciones o que generar\u00edan problemas de salud posteriores, por lo que tambi\u00e9n nos preocupa el estado en que se puede encontrar ella, por eso estamos tratando de ubicar su paradero\u201d.<\/p>\n<p>En este sentido, el oficial no descart\u00f3 que la madre pueda ser una adolescente menor de edad, \u201cno obstante, este aborto se pudo producir en forma espont\u00e1nea o generado, estamos indagando para establecer sus circunstancias\u201d.<\/p>\n<p>Finalmente el Jefe de Homicidios llam\u00f3 a la comunidad del sector a aportar antecedentes que permitan ubicar a la madre y as\u00ed esclarecer las circunstancias de este aborto. El feto fue remitido al Servicio M\u00e9dico Legal para realizarle las pericias correspondientes.<\/p>\n<p>&nbsp;<\/p>\n","protected":false},"excerpt":{"rendered":"<p>LOS ANDES.- El Jefe de la Brigada de Homicidios de la PDI de Los Andes, Subcomisario Carlos Alegr\u00eda, confirm\u00f3 que el feto encontrado la ma\u00f1ana del domingo en el interior de un&#8230;<\/p>\n","protected":false},"author":482,"featured_media":44389,"comment_status":"open","ping_status":"closed","sticky":false,"template":"","format":"standard","meta":{"advanced_seo_description":"","jetpack_seo_html_title":"","jetpack_seo_noindex":false,"_jetpack_memberships_contains_paid_content":false,"footnotes":""},"categories":[21],"tags":[],"class_list":["post-44388","post","type-post","status-publish","format-standard","has-post-thumbnail","hentry","category-policial"],"jetpack_featured_media_url":"https:\/\/i0.wp.com\/eltrabajo.cl\/portal\/wp-content\/uploads\/2014\/03\/Feto12.jpg?fit=529%2C394&ssl=1","jetpack_sharing_enabled":true,"jetpack_likes_enabled":true,"jetpack-related-posts":[],"_links":{"self":[{"href":"https:\/\/eltrabajo.cl\/portal\/wp-json\/wp\/v2\/posts\/44388","targetHints":{"allow":["GET"]}}],"collection":[{"href":"https:\/\/eltrabajo.cl\/portal\/wp-json\/wp\/v2\/posts"}],"about":[{"href":"https:\/\/eltrabajo.cl\/portal\/wp-json\/wp\/v2\/types\/post"}],"author":[{"embeddable":true,"href":"https:\/\/eltrabajo.cl\/portal\/wp-json\/wp\/v2\/users\/482"}],"replies":[{"embeddable":true,"href":"https:\/\/eltrabajo.cl\/portal\/wp-json\/wp\/v2\/comments?post=44388"}],"version-history":[{"count":0,"href":"https:\/\/eltrabajo.cl\/portal\/wp-json\/wp\/v2\/posts\/44388\/revisions"}],"wp:featuredmedia":[{"embeddable":true,"href":"https:\/\/eltrabajo.cl\/portal\/wp-json\/wp\/v2\/media\/44389"}],"wp:attachment":[{"href":"https:\/\/eltrabajo.cl\/portal\/wp-json\/wp\/v2\/media?parent=44388"}],"wp:term":[{"taxonomy":"category","embeddable":true,"href":"https:\/\/eltrabajo.cl\/portal\/wp-json\/wp\/v2\/categories?post=44388"},{"taxonomy":"post_tag","embeddable":true,"href":"https:\/\/eltrabajo.cl\/portal\/wp-json\/wp\/v2\/tags?post=44388"}],"curies":[{"name":"wp","href":"https:\/\/api.w.org\/{rel}","templated":true}]}}