{"id":44391,"date":"2014-03-18T10:25:39","date_gmt":"2014-03-18T13:25:39","guid":{"rendered":"http:\/\/www.eltrabajo.cl\/portal\/?p=44391"},"modified":"2014-03-18T10:25:57","modified_gmt":"2014-03-18T13:25:57","slug":"devastador-incendio-consumio-por-completo-bodega-agricola-en-sahonde","status":"publish","type":"post","link":"https:\/\/eltrabajo.cl\/portal\/devastador-incendio-consumio-por-completo-bodega-agricola-en-sahonde\/","title":{"rendered":"Devastador incendio consumi\u00f3 por completo bodega agr\u00edcola en Sahond\u00e9"},"content":{"rendered":"<figure id=\"attachment_44392\" aria-describedby=\"caption-attachment-44392\" style=\"width: 529px\" class=\"wp-caption alignnone\"><img data-recalc-dims=\"1\" loading=\"lazy\" decoding=\"async\" class=\"size-full wp-image-44392\" alt=\"La voracidad del incendio arras\u00f3 por completo con las pesebreras y la bodega donde se encontraba, adem\u00e1s del sector donde estaban acopiados los fardos de pasto.\" src=\"https:\/\/i0.wp.com\/www.eltrabajo.cl\/portal\/wp-content\/uploads\/2014\/03\/Fiego1.jpg?resize=529%2C314\" width=\"529\" height=\"314\" srcset=\"https:\/\/i0.wp.com\/eltrabajo.cl\/portal\/wp-content\/uploads\/2014\/03\/Fiego1.jpg?w=529&amp;ssl=1 529w, https:\/\/i0.wp.com\/eltrabajo.cl\/portal\/wp-content\/uploads\/2014\/03\/Fiego1.jpg?resize=200%2C118&amp;ssl=1 200w, https:\/\/i0.wp.com\/eltrabajo.cl\/portal\/wp-content\/uploads\/2014\/03\/Fiego1.jpg?resize=300%2C178&amp;ssl=1 300w, https:\/\/i0.wp.com\/eltrabajo.cl\/portal\/wp-content\/uploads\/2014\/03\/Fiego1.jpg?resize=150%2C89&amp;ssl=1 150w, https:\/\/i0.wp.com\/eltrabajo.cl\/portal\/wp-content\/uploads\/2014\/03\/Fiego1.jpg?resize=400%2C237&amp;ssl=1 400w\" sizes=\"auto, (max-width: 529px) 100vw, 529px\" \/><\/a><figcaption id=\"caption-attachment-44392\" class=\"wp-caption-text\">La voracidad del incendio arras\u00f3 por completo con las pesebreras y la bodega donde se encontraba, adem\u00e1s del sector donde estaban acopiados los fardos de pasto.<\/figcaption><\/figure>\n<p><strong>PUTAENDO<\/strong>.- Un devastador incendio se registr\u00f3 en horas de la madrugada de este lunes en el sector Sahond\u00e9, lo que dej\u00f3 p\u00e9rdidas millonarias, animales muertos y heridos y m\u00e1s de 900 colizas consumidas por la fuerza del fuego. El incendio habr\u00eda comenzado cerca de las seis de la madrugada en una bodega agr\u00edcola ubicada en el sector Sahonde, espec\u00edficamente en las cercan\u00edas de Calle Buin, lugar donde era acopiada una importante cantidad de fardos de pasto, hab\u00edan m\u00e1s de 40 animales, herramientas agr\u00edcolas, aperos, monturas y otros enceres ocupados en labores agr\u00edcolas.<\/p>\n<figure id=\"attachment_44393\" aria-describedby=\"caption-attachment-44393\" style=\"width: 423px\" class=\"wp-caption alignright\"><a href=\"https:\/\/i0.wp.com\/www.eltrabajo.cl\/portal\/wp-content\/uploads\/2014\/03\/Fiego2.jpg\"><img data-recalc-dims=\"1\" loading=\"lazy\" decoding=\"async\" class=\" wp-image-44393 \" alt=\"Un devastador incendio se registr\u00f3 en horas de la madrugada de este lunes en el sector Sahond\u00e9, lo que dej\u00f3 p\u00e9rdidas millonarias, animales muertos y heridos y m\u00e1s de 900 colizas consumidas por la fuerza del fuego.\" src=\"https:\/\/i0.wp.com\/www.eltrabajo.cl\/portal\/wp-content\/uploads\/2014\/03\/Fiego2.jpg?resize=423%2C286\" width=\"423\" height=\"286\" srcset=\"https:\/\/i0.wp.com\/eltrabajo.cl\/portal\/wp-content\/uploads\/2014\/03\/Fiego2.jpg?w=529&amp;ssl=1 529w, https:\/\/i0.wp.com\/eltrabajo.cl\/portal\/wp-content\/uploads\/2014\/03\/Fiego2.jpg?resize=200%2C135&amp;ssl=1 200w, https:\/\/i0.wp.com\/eltrabajo.cl\/portal\/wp-content\/uploads\/2014\/03\/Fiego2.jpg?resize=300%2C203&amp;ssl=1 300w, https:\/\/i0.wp.com\/eltrabajo.cl\/portal\/wp-content\/uploads\/2014\/03\/Fiego2.jpg?resize=150%2C101&amp;ssl=1 150w, https:\/\/i0.wp.com\/eltrabajo.cl\/portal\/wp-content\/uploads\/2014\/03\/Fiego2.jpg?resize=400%2C270&amp;ssl=1 400w\" sizes=\"auto, (max-width: 423px) 100vw, 423px\" \/><\/a><figcaption id=\"caption-attachment-44393\" class=\"wp-caption-text\">Un devastador incendio se registr\u00f3 en horas de la madrugada de este lunes en el sector Sahond\u00e9, lo que dej\u00f3 p\u00e9rdidas millonarias, animales muertos y heridos y m\u00e1s de 900 colizas consumidas por la fuerza del fuego.<\/figcaption><\/figure>\n<p>La voracidad del incendio arras\u00f3 por completo con las pesebreras y la bodega donde se encontraba, adem\u00e1s del sector donde estaban acopiados los fardos de pasto e incluso se propag\u00f3 a una vivienda colindante donde el fuego consumi\u00f3 otra pesebrera. Los animales huyeron de las llamas y a lo menos cuatro de ellos resultaron con graves quemaduras, mientras que un caballo en su intento por huir qued\u00f3 entre un cerco perimetral y muri\u00f3 quemado.<\/p>\n<p>Claudio Alvarado, propietario de la bodega, se encontraba consternado pues lament\u00f3 que todo el forraje que ten\u00edan guardado para el invierno se haya perdido y avalu\u00f3 las p\u00e9rdidas en m\u00e1s de $10.000.000. El afectado no pudo contener las l\u00e1grimas al ver como quedaron sus animales heridos y al mirar con horror como uno de sus caballos regalones muri\u00f3 aferrado a un cerco tratando de huir del fuego y la temperatura.<\/p>\n<p>El 2\u00ba Comandante del Cuerpo de Bomberos de Putaendo, Francisco Correa, indic\u00f3 que la primera unidad se encontr\u00f3 con fuego violento totalmente descontrolado y con un riesgo inminente de propagarse a algunas viviendas colindantes y a otros terrenos, adem\u00e1s se\u00f1al\u00f3 que la complicaci\u00f3n mas grande que tuvo personal bomberil fueron justamente las colizas de pasto, lo que llev\u00f3 a que Bomberos trabajara por casi cinco horas ocupando una gran cantidad de agua, por lo que se moviliz\u00f3 todo el material mayor de bomberos adem\u00e1s del apoyo de un cami\u00f3n municipal.<\/p>\n<p>En tanto, pasado el mediod\u00eda arrib\u00f3 hasta el lugar personal especializado de Labocar de Carabineros, quienes comenzaron a realizar pericias en el lugar pues su informe deber\u00e1 determinar las causas probables del incendio, el lugar del origen y confirmar o desmentir la tesis que mantienen los afectados sobre la intencionalidad del incendio.<\/p>\n<p>Patricio Gallardo M.<\/p>\n<p>&nbsp;<\/p>\n","protected":false},"excerpt":{"rendered":"<p>PUTAENDO.- Un devastador incendio se registr\u00f3 en horas de la madrugada de este lunes en el sector Sahond\u00e9, lo que dej\u00f3 p\u00e9rdidas millonarias, animales muertos y heridos y m\u00e1s de 900 colizas&#8230;<\/p>\n","protected":false},"author":482,"featured_media":44392,"comment_status":"open","ping_status":"closed","sticky":false,"template":"","format":"standard","meta":{"advanced_seo_description":"","jetpack_seo_html_title":"","jetpack_seo_noindex":false,"_jetpack_memberships_contains_paid_content":false,"footnotes":""},"categories":[21],"tags":[],"class_list":["post-44391","post","type-post","status-publish","format-standard","has-post-thumbnail","hentry","category-policial"],"jetpack_featured_media_url":"https:\/\/i0.wp.com\/eltrabajo.cl\/portal\/wp-content\/uploads\/2014\/03\/Fiego1.jpg?fit=529%2C314&ssl=1","jetpack_sharing_enabled":true,"jetpack_likes_enabled":true,"jetpack-related-posts":[],"_links":{"self":[{"href":"https:\/\/eltrabajo.cl\/portal\/wp-json\/wp\/v2\/posts\/44391","targetHints":{"allow":["GET"]}}],"collection":[{"href":"https:\/\/eltrabajo.cl\/portal\/wp-json\/wp\/v2\/posts"}],"about":[{"href":"https:\/\/eltrabajo.cl\/portal\/wp-json\/wp\/v2\/types\/post"}],"author":[{"embeddable":true,"href":"https:\/\/eltrabajo.cl\/portal\/wp-json\/wp\/v2\/users\/482"}],"replies":[{"embeddable":true,"href":"https:\/\/eltrabajo.cl\/portal\/wp-json\/wp\/v2\/comments?post=44391"}],"version-history":[{"count":0,"href":"https:\/\/eltrabajo.cl\/portal\/wp-json\/wp\/v2\/posts\/44391\/revisions"}],"wp:featuredmedia":[{"embeddable":true,"href":"https:\/\/eltrabajo.cl\/portal\/wp-json\/wp\/v2\/media\/44392"}],"wp:attachment":[{"href":"https:\/\/eltrabajo.cl\/portal\/wp-json\/wp\/v2\/media?parent=44391"}],"wp:term":[{"taxonomy":"category","embeddable":true,"href":"https:\/\/eltrabajo.cl\/portal\/wp-json\/wp\/v2\/categories?post=44391"},{"taxonomy":"post_tag","embeddable":true,"href":"https:\/\/eltrabajo.cl\/portal\/wp-json\/wp\/v2\/tags?post=44391"}],"curies":[{"name":"wp","href":"https:\/\/api.w.org\/{rel}","templated":true}]}}