{"id":44397,"date":"2014-03-18T10:29:10","date_gmt":"2014-03-18T13:29:10","guid":{"rendered":"http:\/\/www.eltrabajo.cl\/portal\/?p=44397"},"modified":"2014-03-18T10:29:10","modified_gmt":"2014-03-18T13:29:10","slug":"producto-de-una-larga-enfermedad-fallece-daniel-olguin","status":"publish","type":"post","link":"https:\/\/eltrabajo.cl\/portal\/producto-de-una-larga-enfermedad-fallece-daniel-olguin\/","title":{"rendered":"Producto de una larga enfermedad fallece Daniel Olgu\u00edn"},"content":{"rendered":"<figure id=\"attachment_44398\" aria-describedby=\"caption-attachment-44398\" style=\"width: 317px\" class=\"wp-caption alignleft\"><img data-recalc-dims=\"1\" loading=\"lazy\" decoding=\"async\" class=\" wp-image-44398 \" alt=\"Daniel Francisco Olgu\u00edn Meza, de 23 a\u00f1os de edad, falleci\u00f3 la tarde del domingo en la UCI del Hospital San Camilo de San Felipe.\" src=\"https:\/\/i0.wp.com\/www.eltrabajo.cl\/portal\/wp-content\/uploads\/2014\/03\/Daniel-Ilguin.jpg?resize=317%2C214\" width=\"317\" height=\"214\" srcset=\"https:\/\/i0.wp.com\/eltrabajo.cl\/portal\/wp-content\/uploads\/2014\/03\/Daniel-Ilguin.jpg?w=529&amp;ssl=1 529w, https:\/\/i0.wp.com\/eltrabajo.cl\/portal\/wp-content\/uploads\/2014\/03\/Daniel-Ilguin.jpg?resize=200%2C134&amp;ssl=1 200w, https:\/\/i0.wp.com\/eltrabajo.cl\/portal\/wp-content\/uploads\/2014\/03\/Daniel-Ilguin.jpg?resize=150%2C100&amp;ssl=1 150w, https:\/\/i0.wp.com\/eltrabajo.cl\/portal\/wp-content\/uploads\/2014\/03\/Daniel-Ilguin.jpg?resize=400%2C269&amp;ssl=1 400w\" sizes=\"auto, (max-width: 317px) 100vw, 317px\" \/><\/a><figcaption id=\"caption-attachment-44398\" class=\"wp-caption-text\">Daniel Francisco Olgu\u00edn Meza, de 23 a\u00f1os de edad, falleci\u00f3 la tarde del domingo en la UCI del Hospital San Camilo de San Felipe.<\/figcaption><\/figure>\n<p><strong>PUTAENDO.<\/strong>&#8211; Daniel Francisco Olgu\u00edn Meza, de 23 a\u00f1os de edad, falleci\u00f3 la tarde del domingo en la UCI del Hospital San Camilo de San Felipe, luego de enfrentar una larga enfermedad. Daniel era hijo del funcionario del Hospital San Camilo y conocido param\u00e9dico Pedro Olgu\u00edn y tambi\u00e9n hijo de la se\u00f1ora Edith Meza, matrimonio ampliamente conocido en Putaendo. Su deceso ha causado impacto en la comunidad producto de la juventud de Francisco, que en el \u00faltimo tiempo enfrent\u00f3 varias complicaciones de salud que lo llevaron a estar internado en varios hospitales y sufri\u00f3 un notorio deterioro en su estado f\u00edsico.<\/p>\n<p>Este joven, que antes de sufrir los embates de la enfermedad realizaba con total normalidad su pr\u00e1ctica para convertirse en param\u00e9dico del Hospital San Antonio de Putaendo, en los momentos m\u00e1s dif\u00edciles de su enfermedad estuvo siempre acompa\u00f1ado de sus padres y de su hermano Manuel, quien en m\u00e1s de una ocasi\u00f3n lo llevaba en su silla de ruedas a recorrer algunos sectores de la comuna.<\/p>\n<p>Daniel Francisco a pesar de lo complicado de su enfermedad, siempre se mostraba optimista, con mucha fuerza y con un tremendo esp\u00edritu de superaci\u00f3n, sin embargo, varias complicaciones llevaron a que el d\u00eda domingo falleciera en el Hospital San Camilo. Sus restos mortales est\u00e1n siendo velados en su casa habitaci\u00f3n ubicada en el Pasaje Las Camelias de Villa La Florida y su funeral ser\u00e1 realizado en el Cementerio Parroquial de Putaendo luego de una Misa que ser\u00e1 oficiada por el eterno descanso de su alma hoy a las 16:00 horas en el templo de la Parroquia San Antonio de Padua de Putaendo.<\/p>\n<p>Diario El Trabajo adhiere al dolor de la familia Olgu\u00edn Meza en estos dif\u00edciles momentos por la p\u00e9rdida irreparable de su amado ser querido, quien a temprana edad dej\u00f3 este mundo.<\/p>\n<p>Patricio Gallardo M.<\/p>\n<p>&nbsp;<\/p>\n","protected":false},"excerpt":{"rendered":"<p>PUTAENDO.&#8211; Daniel Francisco Olgu\u00edn Meza, de 23 a\u00f1os de edad, falleci\u00f3 la tarde del domingo en la UCI del Hospital San Camilo de San Felipe, luego de enfrentar una larga enfermedad. Daniel&#8230;<\/p>\n","protected":false},"author":482,"featured_media":44398,"comment_status":"open","ping_status":"closed","sticky":false,"template":"","format":"standard","meta":{"advanced_seo_description":"","jetpack_seo_html_title":"","jetpack_seo_noindex":false,"_jetpack_memberships_contains_paid_content":false,"footnotes":""},"categories":[15],"tags":[],"class_list":["post-44397","post","type-post","status-publish","format-standard","has-post-thumbnail","hentry","category-comunidad"],"jetpack_featured_media_url":"https:\/\/i0.wp.com\/eltrabajo.cl\/portal\/wp-content\/uploads\/2014\/03\/Daniel-Ilguin.jpg?fit=529%2C356&ssl=1","jetpack_sharing_enabled":true,"jetpack_likes_enabled":true,"jetpack-related-posts":[],"_links":{"self":[{"href":"https:\/\/eltrabajo.cl\/portal\/wp-json\/wp\/v2\/posts\/44397","targetHints":{"allow":["GET"]}}],"collection":[{"href":"https:\/\/eltrabajo.cl\/portal\/wp-json\/wp\/v2\/posts"}],"about":[{"href":"https:\/\/eltrabajo.cl\/portal\/wp-json\/wp\/v2\/types\/post"}],"author":[{"embeddable":true,"href":"https:\/\/eltrabajo.cl\/portal\/wp-json\/wp\/v2\/users\/482"}],"replies":[{"embeddable":true,"href":"https:\/\/eltrabajo.cl\/portal\/wp-json\/wp\/v2\/comments?post=44397"}],"version-history":[{"count":0,"href":"https:\/\/eltrabajo.cl\/portal\/wp-json\/wp\/v2\/posts\/44397\/revisions"}],"wp:featuredmedia":[{"embeddable":true,"href":"https:\/\/eltrabajo.cl\/portal\/wp-json\/wp\/v2\/media\/44398"}],"wp:attachment":[{"href":"https:\/\/eltrabajo.cl\/portal\/wp-json\/wp\/v2\/media?parent=44397"}],"wp:term":[{"taxonomy":"category","embeddable":true,"href":"https:\/\/eltrabajo.cl\/portal\/wp-json\/wp\/v2\/categories?post=44397"},{"taxonomy":"post_tag","embeddable":true,"href":"https:\/\/eltrabajo.cl\/portal\/wp-json\/wp\/v2\/tags?post=44397"}],"curies":[{"name":"wp","href":"https:\/\/api.w.org\/{rel}","templated":true}]}}