{"id":44402,"date":"2014-03-18T12:17:32","date_gmt":"2014-03-18T15:17:32","guid":{"rendered":"http:\/\/www.eltrabajo.cl\/portal\/?p=44402"},"modified":"2014-03-18T12:17:42","modified_gmt":"2014-03-18T15:17:42","slug":"ultimo-minuto-pesar-por-la-muerte-de-juan-fuentes-gallardo","status":"publish","type":"post","link":"https:\/\/eltrabajo.cl\/portal\/ultimo-minuto-pesar-por-la-muerte-de-juan-fuentes-gallardo\/","title":{"rendered":"\u00daLTIMO MINUTO: Pesar por la muerte de Juan Fuentes Gallardo"},"content":{"rendered":"<figure id=\"attachment_44403\" aria-describedby=\"caption-attachment-44403\" style=\"width: 300px\" class=\"wp-caption alignleft\"><a href=\"http:\/\/www.eltrabajo.cl\/portal\/2014\/03\/ultimo-minuto-pesar-por-la-muerte-de-juan-fuentes-gallardo\/juan-fuentes-y-frey\/\" rel=\"attachment wp-att-44403\"><img data-recalc-dims=\"1\" loading=\"lazy\" decoding=\"async\" class=\"size-medium wp-image-44403\" alt=\"Juan Fuentes Gallardo, un gran sanfelipe\u00f1o, un gran personaje, ser\u00e1 por siempre recordado.\" src=\"https:\/\/i0.wp.com\/www.eltrabajo.cl\/portal\/wp-content\/uploads\/2014\/03\/juan-fuentes-y-frey-300x199.jpg?resize=300%2C199\" width=\"300\" height=\"199\" srcset=\"https:\/\/i0.wp.com\/eltrabajo.cl\/portal\/wp-content\/uploads\/2014\/03\/juan-fuentes-y-frey.jpg?resize=300%2C199&amp;ssl=1 300w, https:\/\/i0.wp.com\/eltrabajo.cl\/portal\/wp-content\/uploads\/2014\/03\/juan-fuentes-y-frey.jpg?resize=200%2C132&amp;ssl=1 200w, https:\/\/i0.wp.com\/eltrabajo.cl\/portal\/wp-content\/uploads\/2014\/03\/juan-fuentes-y-frey.jpg?resize=150%2C99&amp;ssl=1 150w, https:\/\/i0.wp.com\/eltrabajo.cl\/portal\/wp-content\/uploads\/2014\/03\/juan-fuentes-y-frey.jpg?resize=400%2C265&amp;ssl=1 400w, https:\/\/i0.wp.com\/eltrabajo.cl\/portal\/wp-content\/uploads\/2014\/03\/juan-fuentes-y-frey.jpg?w=529&amp;ssl=1 529w\" sizes=\"auto, (max-width: 300px) 100vw, 300px\" \/><\/a><figcaption id=\"caption-attachment-44403\" class=\"wp-caption-text\">Juan Fuentes Gallardo, un gran sanfelipe\u00f1o, un gran personaje, ser\u00e1 por siempre recordado.<\/figcaption><\/figure>\n<p>Hondo pesar ha causado en la ciudad de San Felipe la muerte de Juan Fuentes Gallardo, ex alcalde y ex concejal de San Felipe. Uno de los hombres m\u00e1s emblem\u00e1ticos y carism\u00e1ticos de San Felipe. Ac\u00e1 les dejamos uno de los \u00faltimos art\u00edculos publicados por Diario El Trabajo.<\/p>\n<p>http:\/\/www.eltrabajo.cl\/portal\/2013\/06\/ex-alcalde-juan-fuentes-necesita-del-san-felipe-a-quien-sirvio-por-anos\/<\/p>\n","protected":false},"excerpt":{"rendered":"<p>Hondo pesar ha causado en la ciudad de San Felipe la muerte de Juan Fuentes Gallardo, ex alcalde y ex concejal de San Felipe. Uno de los hombres m\u00e1s emblem\u00e1ticos y carism\u00e1ticos&#8230;<\/p>\n","protected":false},"author":1,"featured_media":44403,"comment_status":"open","ping_status":"closed","sticky":false,"template":"","format":"standard","meta":{"advanced_seo_description":"","jetpack_seo_html_title":"","jetpack_seo_noindex":false,"_jetpack_memberships_contains_paid_content":false,"footnotes":""},"categories":[15],"tags":[],"class_list":["post-44402","post","type-post","status-publish","format-standard","has-post-thumbnail","hentry","category-comunidad"],"jetpack_featured_media_url":"https:\/\/i0.wp.com\/eltrabajo.cl\/portal\/wp-content\/uploads\/2014\/03\/juan-fuentes-y-frey.jpg?fit=529%2C351&ssl=1","jetpack_sharing_enabled":true,"jetpack_likes_enabled":true,"jetpack-related-posts":[],"_links":{"self":[{"href":"https:\/\/eltrabajo.cl\/portal\/wp-json\/wp\/v2\/posts\/44402","targetHints":{"allow":["GET"]}}],"collection":[{"href":"https:\/\/eltrabajo.cl\/portal\/wp-json\/wp\/v2\/posts"}],"about":[{"href":"https:\/\/eltrabajo.cl\/portal\/wp-json\/wp\/v2\/types\/post"}],"author":[{"embeddable":true,"href":"https:\/\/eltrabajo.cl\/portal\/wp-json\/wp\/v2\/users\/1"}],"replies":[{"embeddable":true,"href":"https:\/\/eltrabajo.cl\/portal\/wp-json\/wp\/v2\/comments?post=44402"}],"version-history":[{"count":0,"href":"https:\/\/eltrabajo.cl\/portal\/wp-json\/wp\/v2\/posts\/44402\/revisions"}],"wp:featuredmedia":[{"embeddable":true,"href":"https:\/\/eltrabajo.cl\/portal\/wp-json\/wp\/v2\/media\/44403"}],"wp:attachment":[{"href":"https:\/\/eltrabajo.cl\/portal\/wp-json\/wp\/v2\/media?parent=44402"}],"wp:term":[{"taxonomy":"category","embeddable":true,"href":"https:\/\/eltrabajo.cl\/portal\/wp-json\/wp\/v2\/categories?post=44402"},{"taxonomy":"post_tag","embeddable":true,"href":"https:\/\/eltrabajo.cl\/portal\/wp-json\/wp\/v2\/tags?post=44402"}],"curies":[{"name":"wp","href":"https:\/\/api.w.org\/{rel}","templated":true}]}}