{"id":44410,"date":"2014-03-19T09:35:21","date_gmt":"2014-03-19T12:35:21","guid":{"rendered":"http:\/\/www.eltrabajo.cl\/portal\/?p=44410"},"modified":"2014-03-19T09:35:46","modified_gmt":"2014-03-19T12:35:46","slug":"vecinos-de-rinconada-de-silva-ya-no-quieren-mas-camiones-por-el-sector","status":"publish","type":"post","link":"https:\/\/eltrabajo.cl\/portal\/vecinos-de-rinconada-de-silva-ya-no-quieren-mas-camiones-por-el-sector\/","title":{"rendered":"Vecinos de Rinconada de Silva ya no quieren m\u00e1s camiones por el sector"},"content":{"rendered":"<figure id=\"attachment_44411\" aria-describedby=\"caption-attachment-44411\" style=\"width: 529px\" class=\"wp-caption alignnone\"><img data-recalc-dims=\"1\" loading=\"lazy\" decoding=\"async\" class=\"size-full wp-image-44411\" alt=\"Karina Palma, una de las tantas vecinas afectadas, dijo que a\u00fan no entiende la raz\u00f3n por la cual los camiones no ocupan el sector Las Cabritas para ingresar a Tabolango y La Orilla.\" src=\"https:\/\/i0.wp.com\/www.eltrabajo.cl\/portal\/wp-content\/uploads\/2014\/03\/CAMIONES-RINCONADA-DE-SILVA-3.jpg?resize=529%2C358\" width=\"529\" height=\"358\" srcset=\"https:\/\/i0.wp.com\/eltrabajo.cl\/portal\/wp-content\/uploads\/2014\/03\/CAMIONES-RINCONADA-DE-SILVA-3.jpg?w=529&amp;ssl=1 529w, https:\/\/i0.wp.com\/eltrabajo.cl\/portal\/wp-content\/uploads\/2014\/03\/CAMIONES-RINCONADA-DE-SILVA-3.jpg?resize=200%2C135&amp;ssl=1 200w, https:\/\/i0.wp.com\/eltrabajo.cl\/portal\/wp-content\/uploads\/2014\/03\/CAMIONES-RINCONADA-DE-SILVA-3.jpg?resize=300%2C203&amp;ssl=1 300w, https:\/\/i0.wp.com\/eltrabajo.cl\/portal\/wp-content\/uploads\/2014\/03\/CAMIONES-RINCONADA-DE-SILVA-3.jpg?resize=150%2C101&amp;ssl=1 150w, https:\/\/i0.wp.com\/eltrabajo.cl\/portal\/wp-content\/uploads\/2014\/03\/CAMIONES-RINCONADA-DE-SILVA-3.jpg?resize=400%2C270&amp;ssl=1 400w\" sizes=\"auto, (max-width: 529px) 100vw, 529px\" \/><\/a><figcaption id=\"caption-attachment-44411\" class=\"wp-caption-text\">Karina Palma, una de las tantas vecinas afectadas, dijo que a\u00fan no entiende la raz\u00f3n por la cual los camiones no ocupan el sector Las Cabritas para ingresar a Tabolango y La Orilla.<\/figcaption><\/figure>\n<p><strong>PUTAENDO<\/strong>.- Vecinos del sector c\u00e9ntrico de Rinconada de Silva decidieron instalar letreros en la v\u00eda p\u00fablica y en el frontis de sus viviendas para exigir que se termine de una vez por todas con el tr\u00e1nsito de camiones de alto tonelaje por ese sector.<\/p>\n<p>Karina Palma Cornejo dijo que en su caso, el domingo en horas de la ma\u00f1ana, un cami\u00f3n que se dirig\u00eda a los secados de uva para pasas, pas\u00f3 a gran velocidad por el frontis de su casa y cort\u00f3 el tendido el\u00e9ctrico, y a pesar de los esfuerzos de su esposo por pedirle al conductor que se detuviera, \u00e9ste pr\u00e1cticamente hizo caso omiso y continu\u00f3 su rumbo como si nada hubiese ocurrido, dejando la vivienda sin energ\u00eda el\u00e9ctrica durante varias horas, hasta que con posterioridad personal de Chilquinta lleg\u00f3 a reparar el cable del tendido el\u00e9ctrico.<\/p>\n<p>Esta vecina, al igual que otros residentes del sector, se\u00f1ala que a diario deben soportar el ir y venir de camiones que son bastante grandes y cuyos conductores no respetan el l\u00edmite de velocidad permitido, y que al ser camiones de alto tonelaje ocupan pr\u00e1cticamente toda la calle. Adem\u00e1s indic\u00f3 que son varios los afectados por cortes de cables del tendido el\u00e9ctrico y alegan que ninguna autoridad se ha preocupado de esta situaci\u00f3n.<\/p>\n<p>Karina Palma se\u00f1al\u00f3 que la situaci\u00f3n no da para m\u00e1s y que a\u00fan no entiende la raz\u00f3n por la cual los camiones no ocupan el sector Las Cabritas para ingresar a Tabolango y La Orilla, que en su momento fue lo anunciado por las autoridades, e incluso hasta hoy a\u00fan Vialidad no instala una se\u00f1alizaci\u00f3n para que los camiones ingresen por esa zona.<\/p>\n<p>Finalmente la vecina anunci\u00f3 que los residente del sector analizar\u00e1n otras formas de manifestar su descontento que comenz\u00f3 con la instalaci\u00f3n de carteles que indican \u2018No m\u00e1s camiones\u2019.<\/p>\n<p>Patricio Gallardo M.<\/p>\n<p>&nbsp;<\/p>\n","protected":false},"excerpt":{"rendered":"<p>PUTAENDO.- Vecinos del sector c\u00e9ntrico de Rinconada de Silva decidieron instalar letreros en la v\u00eda p\u00fablica y en el frontis de sus viviendas para exigir que se termine de una vez por&#8230;<\/p>\n","protected":false},"author":482,"featured_media":44411,"comment_status":"open","ping_status":"closed","sticky":false,"template":"","format":"standard","meta":{"advanced_seo_description":"","jetpack_seo_html_title":"","jetpack_seo_noindex":false,"_jetpack_memberships_contains_paid_content":false,"footnotes":""},"categories":[15],"tags":[],"class_list":["post-44410","post","type-post","status-publish","format-standard","has-post-thumbnail","hentry","category-comunidad"],"jetpack_featured_media_url":"https:\/\/i0.wp.com\/eltrabajo.cl\/portal\/wp-content\/uploads\/2014\/03\/CAMIONES-RINCONADA-DE-SILVA-3.jpg?fit=529%2C358&ssl=1","jetpack_sharing_enabled":true,"jetpack_likes_enabled":true,"jetpack-related-posts":[],"_links":{"self":[{"href":"https:\/\/eltrabajo.cl\/portal\/wp-json\/wp\/v2\/posts\/44410","targetHints":{"allow":["GET"]}}],"collection":[{"href":"https:\/\/eltrabajo.cl\/portal\/wp-json\/wp\/v2\/posts"}],"about":[{"href":"https:\/\/eltrabajo.cl\/portal\/wp-json\/wp\/v2\/types\/post"}],"author":[{"embeddable":true,"href":"https:\/\/eltrabajo.cl\/portal\/wp-json\/wp\/v2\/users\/482"}],"replies":[{"embeddable":true,"href":"https:\/\/eltrabajo.cl\/portal\/wp-json\/wp\/v2\/comments?post=44410"}],"version-history":[{"count":0,"href":"https:\/\/eltrabajo.cl\/portal\/wp-json\/wp\/v2\/posts\/44410\/revisions"}],"wp:featuredmedia":[{"embeddable":true,"href":"https:\/\/eltrabajo.cl\/portal\/wp-json\/wp\/v2\/media\/44411"}],"wp:attachment":[{"href":"https:\/\/eltrabajo.cl\/portal\/wp-json\/wp\/v2\/media?parent=44410"}],"wp:term":[{"taxonomy":"category","embeddable":true,"href":"https:\/\/eltrabajo.cl\/portal\/wp-json\/wp\/v2\/categories?post=44410"},{"taxonomy":"post_tag","embeddable":true,"href":"https:\/\/eltrabajo.cl\/portal\/wp-json\/wp\/v2\/tags?post=44410"}],"curies":[{"name":"wp","href":"https:\/\/api.w.org\/{rel}","templated":true}]}}