{"id":44418,"date":"2014-03-19T09:46:16","date_gmt":"2014-03-19T12:46:16","guid":{"rendered":"http:\/\/www.eltrabajo.cl\/portal\/?p=44418"},"modified":"2014-03-19T09:46:16","modified_gmt":"2014-03-19T12:46:16","slug":"liceo-bicentenario-cordillera-recibira-10-millones-en-instrumentos-musicales","status":"publish","type":"post","link":"https:\/\/eltrabajo.cl\/portal\/liceo-bicentenario-cordillera-recibira-10-millones-en-instrumentos-musicales\/","title":{"rendered":"Liceo Bicentenario Cordillera recibir\u00e1 $10 millones en instrumentos musicales"},"content":{"rendered":"<figure id=\"attachment_44419\" aria-describedby=\"caption-attachment-44419\" style=\"width: 529px\" class=\"wp-caption alignnone\"><a href=\"https:\/\/i0.wp.com\/www.eltrabajo.cl\/portal\/wp-content\/uploads\/2014\/03\/Musicos1.jpg\"><img data-recalc-dims=\"1\" loading=\"lazy\" decoding=\"async\" class=\"size-full wp-image-44419\" alt=\"M\u00daSICOS REGALONES.- Ellos son parte de los chicos m\u00fasicos que dan y seguir\u00e1n dando vida a este proyecto musical que naci\u00f3 en la Daem en 2009.\" src=\"https:\/\/i0.wp.com\/www.eltrabajo.cl\/portal\/wp-content\/uploads\/2014\/03\/Musicos1.jpg?resize=529%2C349\" width=\"529\" height=\"349\" srcset=\"https:\/\/i0.wp.com\/eltrabajo.cl\/portal\/wp-content\/uploads\/2014\/03\/Musicos1.jpg?w=529&amp;ssl=1 529w, https:\/\/i0.wp.com\/eltrabajo.cl\/portal\/wp-content\/uploads\/2014\/03\/Musicos1.jpg?resize=200%2C131&amp;ssl=1 200w, https:\/\/i0.wp.com\/eltrabajo.cl\/portal\/wp-content\/uploads\/2014\/03\/Musicos1.jpg?resize=300%2C197&amp;ssl=1 300w, https:\/\/i0.wp.com\/eltrabajo.cl\/portal\/wp-content\/uploads\/2014\/03\/Musicos1.jpg?resize=150%2C98&amp;ssl=1 150w, https:\/\/i0.wp.com\/eltrabajo.cl\/portal\/wp-content\/uploads\/2014\/03\/Musicos1.jpg?resize=400%2C263&amp;ssl=1 400w\" sizes=\"auto, (max-width: 529px) 100vw, 529px\" \/><\/a><figcaption id=\"caption-attachment-44419\" class=\"wp-caption-text\">M\u00daSICOS REGALONES.- Ellos son parte de los chicos m\u00fasicos que dan y seguir\u00e1n dando vida a este proyecto musical que naci\u00f3 en la Daem en 2009.<\/figcaption><\/figure>\n<p>En el Liceo Bicentenario Cordillera de San Felipe, ubicado en Villa Cordillera, est\u00e1n que no caben de contentos tras darse a conocer que ellos son uno de los dos \u00fanicos colegios con un 100% de Excelencia Acad\u00e9mica del Valle de Aconcagua. M\u00e1s all\u00e1 de estar felices con dicha conquista, tambi\u00e9n se sienten animados porque durante el primer semestre 2014 estar\u00e1n recibiendo los instrumentos musicales para conformar as\u00ed su orquesta estudiantil.<\/p>\n<p>Se trata de un proyecto postulado y ganado en la Daem por concepto de la Ley de Subvenci\u00f3n Especial Preferencial (Ley SEP), aplicaci\u00f3n administrativa que les permiti\u00f3 ganar unos $10 millones en 2013, pero que los podr\u00e1n recibir hasta este a\u00f1o.<\/p>\n<p>\u00abSon 50 estudiantes entre 5\u00ba B\u00e1sico y 4\u00ba Medio, los que participan activamente en esta escuela musical desde 2013 en nuestro colegio, dicho proyecto cuenta con cinco profesores de M\u00fasica, propiamente en lo que es flauta, saxof\u00f3n, trompeta, bater\u00eda y otros instrumentos de viento\u00bb, coment\u00f3 a Diario El Trabajo el Subdirector del Liceo Bicentenario Cordillera de San Felipe, Jos\u00e9 Ib\u00e1\u00f1ez Rojas.<\/p>\n<p>Seg\u00fan explic\u00f3 Ib\u00e1\u00f1ez, \u00ablos instrumentos que nos llegar\u00e1n son de cuerda, hablo de guitarras, violines, chelos, violones y muchos m\u00e1s, creo que hasta una bater\u00eda nos llegar\u00e1, los estudiantes est\u00e1n muy animados, pues ya este a\u00f1o incursionar\u00e1n en eventos p\u00fablicos y para ellos es un reto por superar, pues el d\u00eda de ma\u00f1ana podr\u00e1n ingresar al Servicio Militar y hacer carrera en esas bandas de prestigio\u00bb, agreg\u00f3 el funcionario.<\/p>\n<p>En el Liceo Bicentenario Cordillera de San Felipe estudian unos 950 alumnos entre Preb\u00e1sica hasta 4\u00ba Medio, todos ellos est\u00e1n a cargo de 104 profesionales en la parte de docencia. Esta casa del saber ocupa la casilla N\u00ba 20 entre 60 centros de estudio con Excelencia Acad\u00e9mica a nivel de todo Chile.<\/p>\n<p>Roberto Gonz\u00e1lez Short<\/p>\n<p>rgonzalez@eltrabajo.cl<\/p>\n<div class=\"tiled-gallery type-rectangular tiled-gallery-unresized\" data-original-width=\"640\" data-carousel-extra='null' itemscope itemtype=\"http:\/\/schema.org\/ImageGallery\" > <div class=\"gallery-row\" style=\"width: 640px; height: 452px;\" data-original-width=\"640\" data-original-height=\"452\" > <div class=\"gallery-group images-1\" style=\"width: 416px; height: 452px;\" data-original-width=\"416\" data-original-height=\"452\" > <div class=\"tiled-gallery-item tiled-gallery-item-large\" itemprop=\"associatedMedia\" itemscope itemtype=\"http:\/\/schema.org\/ImageObject\"> <a href=\"https:\/\/eltrabajo.cl\/portal\/liceo-bicentenario-cordillera-recibira-10-millones-en-instrumentos-musicales\/catalina-cortes\/\" border=\"0\" itemprop=\"url\"> <meta itemprop=\"width\" content=\"412\"> <meta itemprop=\"height\" content=\"448\"> <img decoding=\"async\" class=\"\" data-attachment-id=\"44420\" data-orig-file=\"https:\/\/eltrabajo.cl\/portal\/wp-content\/uploads\/2014\/03\/Catalina-Cortes.jpg\" data-orig-size=\"529,576\" data-comments-opened=\"1\" data-image-meta=\"{&quot;aperture&quot;:&quot;3.1&quot;,&quot;credit&quot;:&quot;&quot;,&quot;camera&quot;:&quot;DSC-H100&quot;,&quot;caption&quot;:&quot;&quot;,&quot;created_timestamp&quot;:&quot;1395148714&quot;,&quot;copyright&quot;:&quot;Copyright 2009&quot;,&quot;focal_length&quot;:&quot;4.5&quot;,&quot;iso&quot;:&quot;100&quot;,&quot;shutter_speed&quot;:&quot;0.02&quot;,&quot;title&quot;:&quot;&quot;}\" data-image-title=\"Catalina Cortes\" data-image-description=\"&lt;p&gt;Catalina Cort\u00e9s, 14 a\u00f1os, 1\u00ba Medio, Clarinete: \u00abEstoy muy pero muy motivada con esta iniciativa del colegio, me encanta el clarinete y ahora podr\u00e9 avanzar m\u00e1s\u00bb.&lt;\/p&gt; \" data-medium-file=\"https:\/\/i0.wp.com\/eltrabajo.cl\/portal\/wp-content\/uploads\/2014\/03\/Catalina-Cortes.jpg?fit=275%2C300&#038;ssl=1\" data-large-file=\"https:\/\/i0.wp.com\/eltrabajo.cl\/portal\/wp-content\/uploads\/2014\/03\/Catalina-Cortes.jpg?fit=529%2C576&#038;ssl=1\" src=\"https:\/\/i0.wp.com\/eltrabajo.cl\/portal\/wp-content\/uploads\/2014\/03\/Catalina-Cortes.jpg?w=412&#038;h=448&#038;ssl=1\" srcset=\"https:\/\/i0.wp.com\/eltrabajo.cl\/portal\/wp-content\/uploads\/2014\/03\/Catalina-Cortes.jpg?w=529&amp;ssl=1 529w, https:\/\/i0.wp.com\/eltrabajo.cl\/portal\/wp-content\/uploads\/2014\/03\/Catalina-Cortes.jpg?resize=137%2C150&amp;ssl=1 137w, https:\/\/i0.wp.com\/eltrabajo.cl\/portal\/wp-content\/uploads\/2014\/03\/Catalina-Cortes.jpg?resize=275%2C300&amp;ssl=1 275w, https:\/\/i0.wp.com\/eltrabajo.cl\/portal\/wp-content\/uploads\/2014\/03\/Catalina-Cortes.jpg?resize=400%2C435&amp;ssl=1 400w\" width=\"412\" height=\"448\" loading=\"lazy\" data-original-width=\"412\" data-original-height=\"448\" itemprop=\"http:\/\/schema.org\/image\" title=\"Catalina Cortes\" alt=\"Catalina Cort\u00e9s, 14 a\u00f1os, 1\u00ba Medio, Clarinete: \u00abEstoy muy pero muy motivada con esta iniciativa del colegio, me encanta el clarinete y ahora podr\u00e9 avanzar m\u00e1s\u00bb.\" style=\"width: 412px; height: 448px;\" \/> <\/a> <div class=\"tiled-gallery-caption\" itemprop=\"caption description\"> Catalina Cort\u00e9s, 14 a\u00f1os, 1\u00ba Medio, Clarinete: \u00abEstoy muy pero muy motivada con esta iniciativa del colegio, me encanta el clarinete y ahora podr\u00e9 avanzar m\u00e1s\u00bb. <\/div> <\/div> <\/div> <!-- close group --> <div class=\"gallery-group images-2\" style=\"width: 224px; height: 452px;\" data-original-width=\"224\" data-original-height=\"452\" > <div class=\"tiled-gallery-item tiled-gallery-item-small\" itemprop=\"associatedMedia\" itemscope itemtype=\"http:\/\/schema.org\/ImageObject\"> <a href=\"https:\/\/eltrabajo.cl\/portal\/liceo-bicentenario-cordillera-recibira-10-millones-en-instrumentos-musicales\/francisco-lagos\/\" border=\"0\" itemprop=\"url\"> <meta itemprop=\"width\" content=\"220\"> <meta itemprop=\"height\" content=\"218\"> <img decoding=\"async\" class=\"\" data-attachment-id=\"44421\" data-orig-file=\"https:\/\/eltrabajo.cl\/portal\/wp-content\/uploads\/2014\/03\/Francisco-Lagos.jpg\" data-orig-size=\"529,525\" data-comments-opened=\"1\" data-image-meta=\"{&quot;aperture&quot;:&quot;3.1&quot;,&quot;credit&quot;:&quot;&quot;,&quot;camera&quot;:&quot;DSC-H100&quot;,&quot;caption&quot;:&quot;&quot;,&quot;created_timestamp&quot;:&quot;1395148790&quot;,&quot;copyright&quot;:&quot;Copyright 2009&quot;,&quot;focal_length&quot;:&quot;4.5&quot;,&quot;iso&quot;:&quot;80&quot;,&quot;shutter_speed&quot;:&quot;0.02&quot;,&quot;title&quot;:&quot;&quot;}\" data-image-title=\"Francisco Lagos\" data-image-description=\"&lt;p&gt;Francisco Lagos, 15 a\u00f1os, 2\u00ba Medio, Clarinete: \u00abAdem\u00e1s que me gusta el clarinete, veo que el estar en la escuela de m\u00fasica me ayuda a calmarme y a estar sereno\u00bb.&lt;\/p&gt; \" data-medium-file=\"https:\/\/i0.wp.com\/eltrabajo.cl\/portal\/wp-content\/uploads\/2014\/03\/Francisco-Lagos.jpg?fit=300%2C297&#038;ssl=1\" data-large-file=\"https:\/\/i0.wp.com\/eltrabajo.cl\/portal\/wp-content\/uploads\/2014\/03\/Francisco-Lagos.jpg?fit=529%2C525&#038;ssl=1\" src=\"https:\/\/i0.wp.com\/eltrabajo.cl\/portal\/wp-content\/uploads\/2014\/03\/Francisco-Lagos.jpg?w=220&#038;h=218&#038;ssl=1\" srcset=\"https:\/\/i0.wp.com\/eltrabajo.cl\/portal\/wp-content\/uploads\/2014\/03\/Francisco-Lagos.jpg?w=529&amp;ssl=1 529w, https:\/\/i0.wp.com\/eltrabajo.cl\/portal\/wp-content\/uploads\/2014\/03\/Francisco-Lagos.jpg?resize=151%2C150&amp;ssl=1 151w, https:\/\/i0.wp.com\/eltrabajo.cl\/portal\/wp-content\/uploads\/2014\/03\/Francisco-Lagos.jpg?resize=300%2C297&amp;ssl=1 300w, https:\/\/i0.wp.com\/eltrabajo.cl\/portal\/wp-content\/uploads\/2014\/03\/Francisco-Lagos.jpg?resize=150%2C148&amp;ssl=1 150w, https:\/\/i0.wp.com\/eltrabajo.cl\/portal\/wp-content\/uploads\/2014\/03\/Francisco-Lagos.jpg?resize=400%2C396&amp;ssl=1 400w\" width=\"220\" height=\"218\" loading=\"lazy\" data-original-width=\"220\" data-original-height=\"218\" itemprop=\"http:\/\/schema.org\/image\" title=\"Francisco Lagos\" alt=\"Francisco Lagos, 15 a\u00f1os, 2\u00ba Medio, Clarinete: \u00abAdem\u00e1s que me gusta el clarinete, veo que el estar en la escuela de m\u00fasica me ayuda a calmarme y a estar sereno\u00bb.\" style=\"width: 220px; height: 218px;\" \/> <\/a> <div class=\"tiled-gallery-caption\" itemprop=\"caption description\"> Francisco Lagos, 15 a\u00f1os, 2\u00ba Medio, Clarinete: \u00abAdem\u00e1s que me gusta el clarinete, veo que el estar en la escuela de m\u00fasica me ayuda a calmarme y a estar sereno\u00bb. <\/div> <\/div> <div class=\"tiled-gallery-item tiled-gallery-item-small\" itemprop=\"associatedMedia\" itemscope itemtype=\"http:\/\/schema.org\/ImageObject\"> <a href=\"https:\/\/eltrabajo.cl\/portal\/liceo-bicentenario-cordillera-recibira-10-millones-en-instrumentos-musicales\/jose-ibanez\/\" border=\"0\" itemprop=\"url\"> <meta itemprop=\"width\" content=\"220\"> <meta itemprop=\"height\" content=\"226\"> <img decoding=\"async\" class=\"\" data-attachment-id=\"44422\" data-orig-file=\"https:\/\/eltrabajo.cl\/portal\/wp-content\/uploads\/2014\/03\/Jose-Ibanez.jpg\" data-orig-size=\"529,542\" data-comments-opened=\"1\" data-image-meta=\"{&quot;aperture&quot;:&quot;3.1&quot;,&quot;credit&quot;:&quot;&quot;,&quot;camera&quot;:&quot;DSC-H100&quot;,&quot;caption&quot;:&quot;&quot;,&quot;created_timestamp&quot;:&quot;1395147694&quot;,&quot;copyright&quot;:&quot;Copyright 2009&quot;,&quot;focal_length&quot;:&quot;4.5&quot;,&quot;iso&quot;:&quot;80&quot;,&quot;shutter_speed&quot;:&quot;0.02&quot;,&quot;title&quot;:&quot;&quot;}\" data-image-title=\"Jose Ibanez\" data-image-description=\"&lt;p&gt;Subdirector del Liceo Bicentenario Cordillera de San Felipe, Jos\u00e9 Ib\u00e1\u00f1ez Rojas.&lt;\/p&gt; \" data-medium-file=\"https:\/\/i0.wp.com\/eltrabajo.cl\/portal\/wp-content\/uploads\/2014\/03\/Jose-Ibanez.jpg?fit=292%2C300&#038;ssl=1\" data-large-file=\"https:\/\/i0.wp.com\/eltrabajo.cl\/portal\/wp-content\/uploads\/2014\/03\/Jose-Ibanez.jpg?fit=529%2C542&#038;ssl=1\" src=\"https:\/\/i0.wp.com\/eltrabajo.cl\/portal\/wp-content\/uploads\/2014\/03\/Jose-Ibanez.jpg?w=220&#038;h=226&#038;ssl=1\" srcset=\"https:\/\/i0.wp.com\/eltrabajo.cl\/portal\/wp-content\/uploads\/2014\/03\/Jose-Ibanez.jpg?w=529&amp;ssl=1 529w, https:\/\/i0.wp.com\/eltrabajo.cl\/portal\/wp-content\/uploads\/2014\/03\/Jose-Ibanez.jpg?resize=146%2C150&amp;ssl=1 146w, https:\/\/i0.wp.com\/eltrabajo.cl\/portal\/wp-content\/uploads\/2014\/03\/Jose-Ibanez.jpg?resize=292%2C300&amp;ssl=1 292w, https:\/\/i0.wp.com\/eltrabajo.cl\/portal\/wp-content\/uploads\/2014\/03\/Jose-Ibanez.jpg?resize=400%2C409&amp;ssl=1 400w\" width=\"220\" height=\"226\" loading=\"lazy\" data-original-width=\"220\" data-original-height=\"226\" itemprop=\"http:\/\/schema.org\/image\" title=\"Jose Ibanez\" alt=\"Subdirector del Liceo Bicentenario Cordillera de San Felipe, Jos\u00e9 Ib\u00e1\u00f1ez Rojas.\" style=\"width: 220px; height: 226px;\" \/> <\/a> <div class=\"tiled-gallery-caption\" itemprop=\"caption description\"> Subdirector del Liceo Bicentenario Cordillera de San Felipe, Jos\u00e9 Ib\u00e1\u00f1ez Rojas. <\/div> <\/div> <\/div> <!-- close group --> <\/div> <!-- close row --> <div class=\"gallery-row\" style=\"width: 640px; height: 410px;\" data-original-width=\"640\" data-original-height=\"410\" > <div class=\"gallery-group images-1\" style=\"width: 640px; height: 410px;\" data-original-width=\"640\" data-original-height=\"410\" > <div class=\"tiled-gallery-item tiled-gallery-item-large\" itemprop=\"associatedMedia\" itemscope itemtype=\"http:\/\/schema.org\/ImageObject\"> <a href=\"https:\/\/eltrabajo.cl\/portal\/liceo-bicentenario-cordillera-recibira-10-millones-en-instrumentos-musicales\/orquesta1-3\/\" border=\"0\" itemprop=\"url\"> <meta itemprop=\"width\" content=\"636\"> <meta itemprop=\"height\" content=\"406\"> <img decoding=\"async\" class=\"\" data-attachment-id=\"44423\" data-orig-file=\"https:\/\/eltrabajo.cl\/portal\/wp-content\/uploads\/2014\/03\/Orquesta1.jpg\" data-orig-size=\"529,338\" data-comments-opened=\"1\" data-image-meta=\"{&quot;aperture&quot;:&quot;3.1&quot;,&quot;credit&quot;:&quot;&quot;,&quot;camera&quot;:&quot;FinePix S4200&quot;,&quot;caption&quot;:&quot;&quot;,&quot;created_timestamp&quot;:&quot;1377250386&quot;,&quot;copyright&quot;:&quot;&quot;,&quot;focal_length&quot;:&quot;4.3&quot;,&quot;iso&quot;:&quot;64&quot;,&quot;shutter_speed&quot;:&quot;0.0095238095238095&quot;,&quot;title&quot;:&quot;&quot;}\" data-image-title=\"Orquesta1\" data-image-description=\"&lt;p&gt;CRECIENDO.- Son 50 estudiantes entre 5\u00ba B\u00e1sico y 4\u00ba Medio, los que participan activamente en esta escuela musical desde 2013 en ese colegio sanfelipe\u00f1o.&lt;\/p&gt; \" data-medium-file=\"https:\/\/i0.wp.com\/eltrabajo.cl\/portal\/wp-content\/uploads\/2014\/03\/Orquesta1.jpg?fit=300%2C191&#038;ssl=1\" data-large-file=\"https:\/\/i0.wp.com\/eltrabajo.cl\/portal\/wp-content\/uploads\/2014\/03\/Orquesta1.jpg?fit=529%2C338&#038;ssl=1\" src=\"https:\/\/i0.wp.com\/eltrabajo.cl\/portal\/wp-content\/uploads\/2014\/03\/Orquesta1.jpg?w=636&#038;h=406&#038;ssl=1\" srcset=\"https:\/\/i0.wp.com\/eltrabajo.cl\/portal\/wp-content\/uploads\/2014\/03\/Orquesta1.jpg?w=529&amp;ssl=1 529w, https:\/\/i0.wp.com\/eltrabajo.cl\/portal\/wp-content\/uploads\/2014\/03\/Orquesta1.jpg?resize=200%2C127&amp;ssl=1 200w, https:\/\/i0.wp.com\/eltrabajo.cl\/portal\/wp-content\/uploads\/2014\/03\/Orquesta1.jpg?resize=300%2C191&amp;ssl=1 300w, https:\/\/i0.wp.com\/eltrabajo.cl\/portal\/wp-content\/uploads\/2014\/03\/Orquesta1.jpg?resize=150%2C95&amp;ssl=1 150w, https:\/\/i0.wp.com\/eltrabajo.cl\/portal\/wp-content\/uploads\/2014\/03\/Orquesta1.jpg?resize=400%2C255&amp;ssl=1 400w\" width=\"636\" height=\"406\" loading=\"lazy\" data-original-width=\"636\" data-original-height=\"406\" itemprop=\"http:\/\/schema.org\/image\" title=\"Orquesta1\" alt=\"CRECIENDO.- Son 50 estudiantes entre 5\u00ba B\u00e1sico y 4\u00ba Medio, los que participan activamente en esta escuela musical desde 2013 en ese colegio sanfelipe\u00f1o.\" style=\"width: 636px; height: 406px;\" \/> <\/a> <div class=\"tiled-gallery-caption\" itemprop=\"caption description\"> CRECIENDO.- Son 50 estudiantes entre 5\u00ba B\u00e1sico y 4\u00ba Medio, los que participan activamente en esta escuela musical desde 2013 en ese colegio sanfelipe\u00f1o. <\/div> <\/div> <\/div> <!-- close group --> <\/div> <!-- close row --> <\/div>\n<p>&nbsp;<\/p>\n","protected":false},"excerpt":{"rendered":"<p>En el Liceo Bicentenario Cordillera de San Felipe, ubicado en Villa Cordillera, est\u00e1n que no caben de contentos tras darse a conocer que ellos son uno de los dos \u00fanicos colegios con&#8230;<\/p>\n","protected":false},"author":482,"featured_media":44419,"comment_status":"open","ping_status":"closed","sticky":false,"template":"","format":"standard","meta":{"advanced_seo_description":"","jetpack_seo_html_title":"","jetpack_seo_noindex":false,"_jetpack_memberships_contains_paid_content":false,"footnotes":""},"categories":[15],"tags":[],"class_list":["post-44418","post","type-post","status-publish","format-standard","has-post-thumbnail","hentry","category-comunidad"],"jetpack_featured_media_url":"https:\/\/i0.wp.com\/eltrabajo.cl\/portal\/wp-content\/uploads\/2014\/03\/Musicos1.jpg?fit=529%2C349&ssl=1","jetpack_sharing_enabled":true,"jetpack_likes_enabled":true,"jetpack-related-posts":[],"_links":{"self":[{"href":"https:\/\/eltrabajo.cl\/portal\/wp-json\/wp\/v2\/posts\/44418","targetHints":{"allow":["GET"]}}],"collection":[{"href":"https:\/\/eltrabajo.cl\/portal\/wp-json\/wp\/v2\/posts"}],"about":[{"href":"https:\/\/eltrabajo.cl\/portal\/wp-json\/wp\/v2\/types\/post"}],"author":[{"embeddable":true,"href":"https:\/\/eltrabajo.cl\/portal\/wp-json\/wp\/v2\/users\/482"}],"replies":[{"embeddable":true,"href":"https:\/\/eltrabajo.cl\/portal\/wp-json\/wp\/v2\/comments?post=44418"}],"version-history":[{"count":0,"href":"https:\/\/eltrabajo.cl\/portal\/wp-json\/wp\/v2\/posts\/44418\/revisions"}],"wp:featuredmedia":[{"embeddable":true,"href":"https:\/\/eltrabajo.cl\/portal\/wp-json\/wp\/v2\/media\/44419"}],"wp:attachment":[{"href":"https:\/\/eltrabajo.cl\/portal\/wp-json\/wp\/v2\/media?parent=44418"}],"wp:term":[{"taxonomy":"category","embeddable":true,"href":"https:\/\/eltrabajo.cl\/portal\/wp-json\/wp\/v2\/categories?post=44418"},{"taxonomy":"post_tag","embeddable":true,"href":"https:\/\/eltrabajo.cl\/portal\/wp-json\/wp\/v2\/tags?post=44418"}],"curies":[{"name":"wp","href":"https:\/\/api.w.org\/{rel}","templated":true}]}}