{"id":44427,"date":"2014-03-19T09:49:25","date_gmt":"2014-03-19T12:49:25","guid":{"rendered":"http:\/\/www.eltrabajo.cl\/portal\/?p=44427"},"modified":"2014-03-19T09:49:25","modified_gmt":"2014-03-19T12:49:25","slug":"alcalde-freire-y-gobernador-leon-visitan-obras-de-restauracion-buen-pastor","status":"publish","type":"post","link":"https:\/\/eltrabajo.cl\/portal\/alcalde-freire-y-gobernador-leon-visitan-obras-de-restauracion-buen-pastor\/","title":{"rendered":"Alcalde Freire y Gobernador Le\u00f3n visitan obras de restauraci\u00f3n Buen Pastor"},"content":{"rendered":"<figure id=\"attachment_44428\" aria-describedby=\"caption-attachment-44428\" style=\"width: 528px\" class=\"wp-caption alignnone\"><img data-recalc-dims=\"1\" loading=\"lazy\" decoding=\"async\" class=\"size-full wp-image-44428\" alt=\"El Alcalde Patricio Freire junto al Gobernador Eduardo Le\u00f3n visitaron los trabajos que se realizan en el Buen Pastor, obra que supera los 2.500 millones de pesos.\" src=\"https:\/\/i0.wp.com\/www.eltrabajo.cl\/portal\/wp-content\/uploads\/2014\/03\/visita-autoridades.jpg?resize=528%2C360\" width=\"528\" height=\"360\" srcset=\"https:\/\/i0.wp.com\/eltrabajo.cl\/portal\/wp-content\/uploads\/2014\/03\/visita-autoridades.jpg?w=528&amp;ssl=1 528w, https:\/\/i0.wp.com\/eltrabajo.cl\/portal\/wp-content\/uploads\/2014\/03\/visita-autoridades.jpg?resize=200%2C136&amp;ssl=1 200w, https:\/\/i0.wp.com\/eltrabajo.cl\/portal\/wp-content\/uploads\/2014\/03\/visita-autoridades.jpg?resize=300%2C204&amp;ssl=1 300w, https:\/\/i0.wp.com\/eltrabajo.cl\/portal\/wp-content\/uploads\/2014\/03\/visita-autoridades.jpg?resize=150%2C102&amp;ssl=1 150w, https:\/\/i0.wp.com\/eltrabajo.cl\/portal\/wp-content\/uploads\/2014\/03\/visita-autoridades.jpg?resize=400%2C272&amp;ssl=1 400w\" sizes=\"auto, (max-width: 528px) 100vw, 528px\" \/><\/a><figcaption id=\"caption-attachment-44428\" class=\"wp-caption-text\">El Alcalde Patricio Freire junto al Gobernador Eduardo Le\u00f3n visitaron los trabajos que se realizan en el Buen Pastor, obra que supera los 2.500 millones de pesos.<\/figcaption><\/figure>\n<p>Una visita a los trabajos de restauraci\u00f3n que se realizan en la Iglesia y el Monasterio Buen Pastor realizaron durante la ma\u00f1ana de este martes el Alcalde Patricio Freire, el Gobernador Eduardo Le\u00f3n y el director regional de Arquitectura del Ministerio de Obras P\u00fablicas, Rodrigo Pereira.<\/p>\n<p>Las autoridades recorrieron las instalaciones, las cuales desde el mes de diciembre est\u00e1n siendo intervenidas, en lo que constituye uno de los proyectos m\u00e1s emblem\u00e1ticos a nivel comunal, el que se encuentra avanzando seg\u00fan los plazos establecidos.<\/p>\n<p>Con una inversi\u00f3n que supera los 2.500 millones de pesos, el proyecto lleva cuatro meses de ejecuci\u00f3n, tiempo durante el cual se ha sacado el material de adobe que estaba originalmente instalado, se levantaron los cielos y la techumbre, trabajos que han permitido obtener una visi\u00f3n clara de los principales problemas que presenta el edificio.<\/p>\n<p>\u201cUna intervenci\u00f3n en un edificio tan a\u00f1oso como \u00e9ste siempre es una caja de sorpresas, el proyecto est\u00e1 asimilado, estamos trabajando en fundaciones de los elementos estructurales, tanto del convento como de la nave del templo y dir\u00eda que el tema va bien, y que podr\u00edamos estar cumpliendo con los plazos de ejecuci\u00f3n\u201d, se\u00f1al\u00f3 el director regional de Arquitectura del MOP, Rodrigo Pereira, plazo que se ha establecido en diciembre de este a\u00f1o.<\/p>\n<p>En el edificio se est\u00e1 realizando una intervenci\u00f3n estructural integral, que es llevada adelante por un equipo de ingenieros y con un proyecto de arquitectura, a lo que se suma un proyecto de instalaci\u00f3n sanitaria y de electricidad, que hacen una intervenci\u00f3n completa, sostuvo Pereira.<\/p>\n<p>En tanto respecto de la c\u00fapula de la Iglesia, \u00e9sta se encuentra en buen estado, aunque los profesionales realizar\u00e1n una intervenci\u00f3n con un coronamiento en toda la nave de la Iglesia, lo que constituye uno de los aspectos complejos de la obra, por lo que se est\u00e1 analizando de qu\u00e9 manera se ejecuta, a lo que se suma la intervenci\u00f3n de las paredes con una geomalla, que permite otorgar m\u00e1s seguridad al elemento estructural para evitar da\u00f1os en caso de sismo.<\/p>\n<p>\u201cEn cuanto a arquitectura, se mantienen los elementos originales y en cuanto a la t\u00e9cnica de ejecuci\u00f3n estamos trabajando con las t\u00e9cnicas ancestrales, de hecho todo lo que es el reemplazo de adobe se est\u00e1 elaborando ac\u00e1 en terreno para respetar el patrimonio\u201d, dijo Pereira.<\/p>\n<p>&nbsp;<\/p>\n","protected":false},"excerpt":{"rendered":"<p>Una visita a los trabajos de restauraci\u00f3n que se realizan en la Iglesia y el Monasterio Buen Pastor realizaron durante la ma\u00f1ana de este martes el Alcalde Patricio Freire, el Gobernador Eduardo&#8230;<\/p>\n","protected":false},"author":482,"featured_media":44428,"comment_status":"open","ping_status":"closed","sticky":false,"template":"","format":"standard","meta":{"advanced_seo_description":"","jetpack_seo_html_title":"","jetpack_seo_noindex":false,"_jetpack_memberships_contains_paid_content":false,"footnotes":""},"categories":[1],"tags":[],"class_list":["post-44427","post","type-post","status-publish","format-standard","has-post-thumbnail","hentry","category-cronica"],"jetpack_featured_media_url":"https:\/\/i0.wp.com\/eltrabajo.cl\/portal\/wp-content\/uploads\/2014\/03\/visita-autoridades.jpg?fit=528%2C360&ssl=1","jetpack_sharing_enabled":true,"jetpack_likes_enabled":true,"jetpack-related-posts":[],"_links":{"self":[{"href":"https:\/\/eltrabajo.cl\/portal\/wp-json\/wp\/v2\/posts\/44427","targetHints":{"allow":["GET"]}}],"collection":[{"href":"https:\/\/eltrabajo.cl\/portal\/wp-json\/wp\/v2\/posts"}],"about":[{"href":"https:\/\/eltrabajo.cl\/portal\/wp-json\/wp\/v2\/types\/post"}],"author":[{"embeddable":true,"href":"https:\/\/eltrabajo.cl\/portal\/wp-json\/wp\/v2\/users\/482"}],"replies":[{"embeddable":true,"href":"https:\/\/eltrabajo.cl\/portal\/wp-json\/wp\/v2\/comments?post=44427"}],"version-history":[{"count":0,"href":"https:\/\/eltrabajo.cl\/portal\/wp-json\/wp\/v2\/posts\/44427\/revisions"}],"wp:featuredmedia":[{"embeddable":true,"href":"https:\/\/eltrabajo.cl\/portal\/wp-json\/wp\/v2\/media\/44428"}],"wp:attachment":[{"href":"https:\/\/eltrabajo.cl\/portal\/wp-json\/wp\/v2\/media?parent=44427"}],"wp:term":[{"taxonomy":"category","embeddable":true,"href":"https:\/\/eltrabajo.cl\/portal\/wp-json\/wp\/v2\/categories?post=44427"},{"taxonomy":"post_tag","embeddable":true,"href":"https:\/\/eltrabajo.cl\/portal\/wp-json\/wp\/v2\/tags?post=44427"}],"curies":[{"name":"wp","href":"https:\/\/api.w.org\/{rel}","templated":true}]}}