{"id":44431,"date":"2014-03-19T09:54:37","date_gmt":"2014-03-19T12:54:37","guid":{"rendered":"http:\/\/www.eltrabajo.cl\/portal\/?p=44431"},"modified":"2014-03-19T09:54:37","modified_gmt":"2014-03-19T12:54:37","slug":"despues-de-4-anos-preparan-juicio-contra-acusado-de-violar-a-menor-en-los-patos","status":"publish","type":"post","link":"https:\/\/eltrabajo.cl\/portal\/despues-de-4-anos-preparan-juicio-contra-acusado-de-violar-a-menor-en-los-patos\/","title":{"rendered":"Despu\u00e9s de 4 a\u00f1os preparan juicio contra acusado de violar a menor en Los Patos"},"content":{"rendered":"<figure id=\"attachment_44432\" aria-describedby=\"caption-attachment-44432\" style=\"width: 317px\" class=\"wp-caption alignleft\"><a href=\"https:\/\/i0.wp.com\/www.eltrabajo.cl\/portal\/wp-content\/uploads\/2014\/03\/VIOLACION-LOS-PATOS.jpg\"><img data-recalc-dims=\"1\" loading=\"lazy\" decoding=\"async\" class=\" wp-image-44432 \" alt=\"El pr\u00f3ximo 22 de abril se iniciar\u00e1 la preparaci\u00f3n de juicio oral contra el imputado.\" src=\"https:\/\/i0.wp.com\/www.eltrabajo.cl\/portal\/wp-content\/uploads\/2014\/03\/VIOLACION-LOS-PATOS.jpg?resize=317%2C197\" width=\"317\" height=\"197\" srcset=\"https:\/\/i0.wp.com\/eltrabajo.cl\/portal\/wp-content\/uploads\/2014\/03\/VIOLACION-LOS-PATOS.jpg?w=529&amp;ssl=1 529w, https:\/\/i0.wp.com\/eltrabajo.cl\/portal\/wp-content\/uploads\/2014\/03\/VIOLACION-LOS-PATOS.jpg?resize=200%2C124&amp;ssl=1 200w, https:\/\/i0.wp.com\/eltrabajo.cl\/portal\/wp-content\/uploads\/2014\/03\/VIOLACION-LOS-PATOS.jpg?resize=300%2C186&amp;ssl=1 300w, https:\/\/i0.wp.com\/eltrabajo.cl\/portal\/wp-content\/uploads\/2014\/03\/VIOLACION-LOS-PATOS.jpg?resize=150%2C93&amp;ssl=1 150w, https:\/\/i0.wp.com\/eltrabajo.cl\/portal\/wp-content\/uploads\/2014\/03\/VIOLACION-LOS-PATOS.jpg?resize=400%2C248&amp;ssl=1 400w\" sizes=\"auto, (max-width: 317px) 100vw, 317px\" \/><\/a><figcaption id=\"caption-attachment-44432\" class=\"wp-caption-text\">El pr\u00f3ximo 22 de abril se iniciar\u00e1 la preparaci\u00f3n de juicio oral contra el imputado.<\/figcaption><\/figure>\n<p><strong>PUTAENDO.<\/strong>&#8211; Para el pr\u00f3ximo martes 22 de abril del presente a\u00f1o fue fijada la audiencia de preparaci\u00f3n del juicio oral en contra del imputado y acusado de haber violado a una menor de edad el a\u00f1o 2010 en el sector Los Patos.<\/p>\n<p>La ma\u00f1ana de este martes en el Tribunal Mixto de Putaendo compareci\u00f3 el imputado E.H.J.A., de 64 a\u00f1os, quien est\u00e1 acusado de haber violado a una menor de 17 a\u00f1os de edad el a\u00f1o 2010 en el sector Los Patos, cuando -y seg\u00fan consta en la carpeta investigativa- el hoy imputado caminaba en direcci\u00f3n a su casa por el camino rural de Los Patos y se encontr\u00f3 con la v\u00edctima, a quien tom\u00f3 por la fuerza, le tap\u00f3 la boca con su mano y le arranc\u00f3 la ropa para arrastrarla hacia un costado del camino y proceder a violarla, adem\u00e1s de amenazarla que si lo denunciaba har\u00eda lo mismo con una sobrina de la v\u00edctima de tan solo tres a\u00f1os.<\/p>\n<p>La investigaci\u00f3n fue cerrada el pasado 14 de febrero y el Fiscal Andr\u00e9s Gallardo Cerda, experto en delitos sexuales, formul\u00f3 acusaci\u00f3n en contra del imputado por los delitos de violaci\u00f3n con intimidaci\u00f3n y fuerza en contra de una mayor de 14 a\u00f1os, descrito y sancionado en el C\u00f3digo Penal en calidad de autor del delito.<\/p>\n<p>La fiscal\u00eda est\u00e1 solicitando que se condene al hoy imputado a 15 de a\u00f1os de presidio mayor en su grado medio, para lo cual se fij\u00f3 el inicio de la preparaci\u00f3n del juicio oral para el pr\u00f3ximo 22 de abril en el Tribunal Mixto de Putaendo.<\/p>\n<p>Patricio Gallardo M.<\/p>\n<p>&nbsp;<\/p>\n","protected":false},"excerpt":{"rendered":"<p>PUTAENDO.&#8211; Para el pr\u00f3ximo martes 22 de abril del presente a\u00f1o fue fijada la audiencia de preparaci\u00f3n del juicio oral en contra del imputado y acusado de haber violado a una menor&#8230;<\/p>\n","protected":false},"author":482,"featured_media":44432,"comment_status":"open","ping_status":"closed","sticky":false,"template":"","format":"standard","meta":{"advanced_seo_description":"","jetpack_seo_html_title":"","jetpack_seo_noindex":false,"_jetpack_memberships_contains_paid_content":false,"footnotes":""},"categories":[21],"tags":[],"class_list":["post-44431","post","type-post","status-publish","format-standard","has-post-thumbnail","hentry","category-policial"],"jetpack_featured_media_url":"https:\/\/i0.wp.com\/eltrabajo.cl\/portal\/wp-content\/uploads\/2014\/03\/VIOLACION-LOS-PATOS.jpg?fit=529%2C329&ssl=1","jetpack_sharing_enabled":true,"jetpack_likes_enabled":true,"jetpack-related-posts":[],"_links":{"self":[{"href":"https:\/\/eltrabajo.cl\/portal\/wp-json\/wp\/v2\/posts\/44431","targetHints":{"allow":["GET"]}}],"collection":[{"href":"https:\/\/eltrabajo.cl\/portal\/wp-json\/wp\/v2\/posts"}],"about":[{"href":"https:\/\/eltrabajo.cl\/portal\/wp-json\/wp\/v2\/types\/post"}],"author":[{"embeddable":true,"href":"https:\/\/eltrabajo.cl\/portal\/wp-json\/wp\/v2\/users\/482"}],"replies":[{"embeddable":true,"href":"https:\/\/eltrabajo.cl\/portal\/wp-json\/wp\/v2\/comments?post=44431"}],"version-history":[{"count":0,"href":"https:\/\/eltrabajo.cl\/portal\/wp-json\/wp\/v2\/posts\/44431\/revisions"}],"wp:featuredmedia":[{"embeddable":true,"href":"https:\/\/eltrabajo.cl\/portal\/wp-json\/wp\/v2\/media\/44432"}],"wp:attachment":[{"href":"https:\/\/eltrabajo.cl\/portal\/wp-json\/wp\/v2\/media?parent=44431"}],"wp:term":[{"taxonomy":"category","embeddable":true,"href":"https:\/\/eltrabajo.cl\/portal\/wp-json\/wp\/v2\/categories?post=44431"},{"taxonomy":"post_tag","embeddable":true,"href":"https:\/\/eltrabajo.cl\/portal\/wp-json\/wp\/v2\/tags?post=44431"}],"curies":[{"name":"wp","href":"https:\/\/api.w.org\/{rel}","templated":true}]}}