{"id":44436,"date":"2014-03-19T09:56:07","date_gmt":"2014-03-19T12:56:07","guid":{"rendered":"http:\/\/www.eltrabajo.cl\/portal\/?p=44436"},"modified":"2014-03-19T10:16:49","modified_gmt":"2014-03-19T13:16:49","slug":"en-estado-de-ebriedad-conducia-micro-por-poblaciones-del-centro-de-putaendo","status":"publish","type":"post","link":"https:\/\/eltrabajo.cl\/portal\/en-estado-de-ebriedad-conducia-micro-por-poblaciones-del-centro-de-putaendo\/","title":{"rendered":"En estado de ebriedad conduc\u00eda micro por poblaciones del centro de Putaendo"},"content":{"rendered":"<figure id=\"attachment_44437\" aria-describedby=\"caption-attachment-44437\" style=\"width: 529px\" class=\"wp-caption alignnone\"><img data-recalc-dims=\"1\" loading=\"lazy\" decoding=\"async\" class=\"size-full wp-image-44437\" alt=\"La ma\u00f1ana del lunes la micro fue retirada por su propietario y presidente de Buses Puma de Putaendo, Alexis Aguilera, quien se\u00f1al\u00f3 que el conductor que protagoniz\u00f3 este incidente desde hace bastante tiempo tiene prohibici\u00f3n de conducir cualquier micro que pertenezca a la empresa de Buses Puma.\" src=\"https:\/\/i0.wp.com\/www.eltrabajo.cl\/portal\/wp-content\/uploads\/2014\/03\/CONDUCTOR-EBRIO.jpg?resize=529%2C358\" width=\"529\" height=\"358\" srcset=\"https:\/\/i0.wp.com\/eltrabajo.cl\/portal\/wp-content\/uploads\/2014\/03\/CONDUCTOR-EBRIO.jpg?w=529&amp;ssl=1 529w, https:\/\/i0.wp.com\/eltrabajo.cl\/portal\/wp-content\/uploads\/2014\/03\/CONDUCTOR-EBRIO.jpg?resize=200%2C135&amp;ssl=1 200w, https:\/\/i0.wp.com\/eltrabajo.cl\/portal\/wp-content\/uploads\/2014\/03\/CONDUCTOR-EBRIO.jpg?resize=300%2C203&amp;ssl=1 300w, https:\/\/i0.wp.com\/eltrabajo.cl\/portal\/wp-content\/uploads\/2014\/03\/CONDUCTOR-EBRIO.jpg?resize=150%2C101&amp;ssl=1 150w, https:\/\/i0.wp.com\/eltrabajo.cl\/portal\/wp-content\/uploads\/2014\/03\/CONDUCTOR-EBRIO.jpg?resize=400%2C270&amp;ssl=1 400w\" sizes=\"auto, (max-width: 529px) 100vw, 529px\" \/><\/a><figcaption id=\"caption-attachment-44437\" class=\"wp-caption-text\">La ma\u00f1ana del lunes la micro fue retirada por su propietario y presidente de Buses Puma de Putaendo, Alexis Aguilera, quien se\u00f1al\u00f3 que el conductor que protagoniz\u00f3 este incidente desde hace bastante tiempo tiene prohibici\u00f3n de conducir cualquier micro que pertenezca a la empresa de Buses Puma.<\/figcaption><\/figure>\n<p><strong>PUTAENDO.-<\/strong> Un sujeto de 41 a\u00f1os de edad, identificado como H\u00e9ctor Escart\u00edn Vaselli, fue detenido por personal de Carabineros luego de ser sorprendido conduciendo una micro en manifiesto estado de ebriedad por las poblaciones c\u00e9ntricas de Putaendo.<\/p>\n<p>La informaci\u00f3n entregada por Carabineros se\u00f1ala que el domingo desde las 19:00 horas aproximadamente, recibieron varios llamados telef\u00f3nicos al nivel 133 que indicaban que una micro con un letrero de faenas agr\u00edcolas se desplazaba por las poblaciones San Antonio, Villa Los Alerces y Villa El Sendero y se evidenciaba que el conductor estaba ebrio.<\/p>\n<p>Debido a los reiterados llamados y a lo peligrosa que resultaba la situaci\u00f3n para la ciudadan\u00eda, Carabineros intercept\u00f3 la micro en uno de los pasajes de la Poblaci\u00f3n Do\u00f1a Javiera, pudiendo corroborar que el sujeto conduc\u00eda el microb\u00fas en manifiesto estado de ebriedad, por lo que fue detenido y trasladado hasta el Hospital San Antonio, lugar donde se le practic\u00f3 la alcoholemia de rigor.<\/p>\n<p>El conductor ya hab\u00eda sido detenido en otras ocasiones tambi\u00e9n por conducir en estado de ebriedad algunos veh\u00edculos, y registra una detenci\u00f3n por poseer una licencia de conducir profesional falsa.<\/p>\n<p>Luego de un par de horas el detenido recuper\u00f3 su libertad y qued\u00f3 a la espera de citaci\u00f3n para comparecer una vez m\u00e1s ante la fiscal\u00eda por el delito de conducci\u00f3n en estado de ebriedad de veh\u00edculo motorizado.<\/p>\n<p>En horas de la ma\u00f1ana del lunes la micro fue retirada desde la Tenencia de Carabineros de Putaendo por su propietario y el presidente de la l\u00ednea de Buses Puma de Putaendo, Alexis Aguilera, se\u00f1al\u00f3 que lamenta lo ocurrido y pidi\u00f3 clarificar que esa micro no pertenece a la empresa y que solo realiza faenas privadas. Adem\u00e1s indic\u00f3 que el conductor que protagoniz\u00f3 este incidente, en base a los mismos hechos, desde hace bastante tiempo tiene prohibici\u00f3n de conducir cualquier micro que pertenezca a la empresa de Buses Puma.<\/p>\n<p>Patricio Gallardo M.<\/p>\n<p>&nbsp;<\/p>\n","protected":false},"excerpt":{"rendered":"<p>PUTAENDO.- Un sujeto de 41 a\u00f1os de edad, identificado como H\u00e9ctor Escart\u00edn Vaselli, fue detenido por personal de Carabineros luego de ser sorprendido conduciendo una micro en manifiesto estado de ebriedad por&#8230;<\/p>\n","protected":false},"author":482,"featured_media":44437,"comment_status":"open","ping_status":"closed","sticky":false,"template":"","format":"standard","meta":{"advanced_seo_description":"","jetpack_seo_html_title":"","jetpack_seo_noindex":false,"_jetpack_memberships_contains_paid_content":false,"footnotes":""},"categories":[21],"tags":[],"class_list":["post-44436","post","type-post","status-publish","format-standard","has-post-thumbnail","hentry","category-policial"],"jetpack_featured_media_url":"https:\/\/i0.wp.com\/eltrabajo.cl\/portal\/wp-content\/uploads\/2014\/03\/CONDUCTOR-EBRIO.jpg?fit=529%2C358&ssl=1","jetpack_sharing_enabled":true,"jetpack_likes_enabled":true,"jetpack-related-posts":[],"_links":{"self":[{"href":"https:\/\/eltrabajo.cl\/portal\/wp-json\/wp\/v2\/posts\/44436","targetHints":{"allow":["GET"]}}],"collection":[{"href":"https:\/\/eltrabajo.cl\/portal\/wp-json\/wp\/v2\/posts"}],"about":[{"href":"https:\/\/eltrabajo.cl\/portal\/wp-json\/wp\/v2\/types\/post"}],"author":[{"embeddable":true,"href":"https:\/\/eltrabajo.cl\/portal\/wp-json\/wp\/v2\/users\/482"}],"replies":[{"embeddable":true,"href":"https:\/\/eltrabajo.cl\/portal\/wp-json\/wp\/v2\/comments?post=44436"}],"version-history":[{"count":0,"href":"https:\/\/eltrabajo.cl\/portal\/wp-json\/wp\/v2\/posts\/44436\/revisions"}],"wp:featuredmedia":[{"embeddable":true,"href":"https:\/\/eltrabajo.cl\/portal\/wp-json\/wp\/v2\/media\/44437"}],"wp:attachment":[{"href":"https:\/\/eltrabajo.cl\/portal\/wp-json\/wp\/v2\/media?parent=44436"}],"wp:term":[{"taxonomy":"category","embeddable":true,"href":"https:\/\/eltrabajo.cl\/portal\/wp-json\/wp\/v2\/categories?post=44436"},{"taxonomy":"post_tag","embeddable":true,"href":"https:\/\/eltrabajo.cl\/portal\/wp-json\/wp\/v2\/tags?post=44436"}],"curies":[{"name":"wp","href":"https:\/\/api.w.org\/{rel}","templated":true}]}}