{"id":44439,"date":"2014-03-19T09:57:45","date_gmt":"2014-03-19T12:57:45","guid":{"rendered":"http:\/\/www.eltrabajo.cl\/portal\/?p=44439"},"modified":"2014-03-19T09:57:45","modified_gmt":"2014-03-19T12:57:45","slug":"incendio-destruye-vivienda-y-deja-otra-con-danos-parciales-en-santa-maria","status":"publish","type":"post","link":"https:\/\/eltrabajo.cl\/portal\/incendio-destruye-vivienda-y-deja-otra-con-danos-parciales-en-santa-maria\/","title":{"rendered":"Incendio destruye vivienda y deja otra con da\u00f1os parciales en Santa Mar\u00eda"},"content":{"rendered":"<figure id=\"attachment_44440\" aria-describedby=\"caption-attachment-44440\" style=\"width: 529px\" class=\"wp-caption alignnone\"><a href=\"https:\/\/i0.wp.com\/www.eltrabajo.cl\/portal\/wp-content\/uploads\/2014\/03\/incendio-en-santa-mar%C3%ADa.jpg\"><img data-recalc-dims=\"1\" loading=\"lazy\" decoding=\"async\" class=\"size-full wp-image-44440\" alt=\"Pese a que a simple vista los da\u00f1os parecieran no ser cuantiosos, una familia perdi\u00f3 todos sus enseres en el incendio.\" src=\"https:\/\/i0.wp.com\/www.eltrabajo.cl\/portal\/wp-content\/uploads\/2014\/03\/incendio-en-santa-mar%C3%ADa.jpg?resize=529%2C401\" width=\"529\" height=\"401\" srcset=\"https:\/\/i0.wp.com\/eltrabajo.cl\/portal\/wp-content\/uploads\/2014\/03\/incendio-en-santa-mar%C3%ADa.jpg?w=529&amp;ssl=1 529w, https:\/\/i0.wp.com\/eltrabajo.cl\/portal\/wp-content\/uploads\/2014\/03\/incendio-en-santa-mar%C3%ADa.jpg?resize=197%2C150&amp;ssl=1 197w, https:\/\/i0.wp.com\/eltrabajo.cl\/portal\/wp-content\/uploads\/2014\/03\/incendio-en-santa-mar%C3%ADa.jpg?resize=300%2C227&amp;ssl=1 300w, https:\/\/i0.wp.com\/eltrabajo.cl\/portal\/wp-content\/uploads\/2014\/03\/incendio-en-santa-mar%C3%ADa.jpg?resize=150%2C113&amp;ssl=1 150w, https:\/\/i0.wp.com\/eltrabajo.cl\/portal\/wp-content\/uploads\/2014\/03\/incendio-en-santa-mar%C3%ADa.jpg?resize=400%2C303&amp;ssl=1 400w\" sizes=\"auto, (max-width: 529px) 100vw, 529px\" \/><\/a><figcaption id=\"caption-attachment-44440\" class=\"wp-caption-text\">Pese a que a simple vista los da\u00f1os parecieran no ser cuantiosos, una familia perdi\u00f3 todos sus enseres en el incendio.<\/figcaption><\/figure>\n<p>Un incendio estructural se declar\u00f3 en la comuna de Santa Mar\u00eda este martes cerca de las 17:00 horas, lo que dej\u00f3 a una familia sin hogar y otra vivienda con da\u00f1os en su techumbre.<\/p>\n<p>Seg\u00fan reportaron vecinos del pasaje San Mateo en la Poblaci\u00f3n Padre P\u00edo de dicha comuna, el fuego comenz\u00f3 r\u00e1pidamente y se propag\u00f3 por el entretecho a la casa contigua.<\/p>\n<p>Aunque por fuera la casa no da cuenta del da\u00f1o provocado por las llamas, en su interior las p\u00e9rdidas son totales.<\/p>\n<p>En la emergencia debieron trabajar unos veinte voluntarios de la primera y segunda compa\u00f1\u00edas del Cuerpo de Bomberos de Santa Mar\u00eda, y seg\u00fan coment\u00f3 Nelson Bruna Herrera, Teniente Segundo de la primera compa\u00f1\u00eda, \u00aba\u00fan no tenemos claridad del origen del fuego. Eso lo definir\u00e1 un investigador de la unidad investigadora de incendios. Ac\u00e1 hay p\u00e9rdidas totales de una vivienda y la casa de al lado perdi\u00f3 parte de su techumbre\u00bb.<\/p>\n<p>La propietaria de la vivienda que result\u00f3 m\u00e1s da\u00f1ada fue identificada como Mar\u00eda Mancilla, quien tiene dos hijos con los que vive en el lugar.<\/p>\n<p>El Municipio de Santa Mar\u00eda inform\u00f3 que inmediatamente dispuso las opciones de apoyo a esta familia afectada a trav\u00e9s de su departamento social.<\/p>\n<p>&nbsp;<\/p>\n","protected":false},"excerpt":{"rendered":"<p>Un incendio estructural se declar\u00f3 en la comuna de Santa Mar\u00eda este martes cerca de las 17:00 horas, lo que dej\u00f3 a una familia sin hogar y otra vivienda con da\u00f1os en&#8230;<\/p>\n","protected":false},"author":482,"featured_media":44440,"comment_status":"open","ping_status":"closed","sticky":false,"template":"","format":"standard","meta":{"advanced_seo_description":"","jetpack_seo_html_title":"","jetpack_seo_noindex":false,"_jetpack_memberships_contains_paid_content":false,"footnotes":""},"categories":[21],"tags":[],"class_list":["post-44439","post","type-post","status-publish","format-standard","has-post-thumbnail","hentry","category-policial"],"jetpack_featured_media_url":"https:\/\/i0.wp.com\/eltrabajo.cl\/portal\/wp-content\/uploads\/2014\/03\/incendio-en-santa-mar%C3%ADa.jpg?fit=529%2C401&ssl=1","jetpack_sharing_enabled":true,"jetpack_likes_enabled":true,"jetpack-related-posts":[],"_links":{"self":[{"href":"https:\/\/eltrabajo.cl\/portal\/wp-json\/wp\/v2\/posts\/44439","targetHints":{"allow":["GET"]}}],"collection":[{"href":"https:\/\/eltrabajo.cl\/portal\/wp-json\/wp\/v2\/posts"}],"about":[{"href":"https:\/\/eltrabajo.cl\/portal\/wp-json\/wp\/v2\/types\/post"}],"author":[{"embeddable":true,"href":"https:\/\/eltrabajo.cl\/portal\/wp-json\/wp\/v2\/users\/482"}],"replies":[{"embeddable":true,"href":"https:\/\/eltrabajo.cl\/portal\/wp-json\/wp\/v2\/comments?post=44439"}],"version-history":[{"count":0,"href":"https:\/\/eltrabajo.cl\/portal\/wp-json\/wp\/v2\/posts\/44439\/revisions"}],"wp:featuredmedia":[{"embeddable":true,"href":"https:\/\/eltrabajo.cl\/portal\/wp-json\/wp\/v2\/media\/44440"}],"wp:attachment":[{"href":"https:\/\/eltrabajo.cl\/portal\/wp-json\/wp\/v2\/media?parent=44439"}],"wp:term":[{"taxonomy":"category","embeddable":true,"href":"https:\/\/eltrabajo.cl\/portal\/wp-json\/wp\/v2\/categories?post=44439"},{"taxonomy":"post_tag","embeddable":true,"href":"https:\/\/eltrabajo.cl\/portal\/wp-json\/wp\/v2\/tags?post=44439"}],"curies":[{"name":"wp","href":"https:\/\/api.w.org\/{rel}","templated":true}]}}