{"id":44442,"date":"2014-03-19T10:00:16","date_gmt":"2014-03-19T13:00:16","guid":{"rendered":"http:\/\/www.eltrabajo.cl\/portal\/?p=44442"},"modified":"2014-03-19T10:02:51","modified_gmt":"2014-03-19T13:02:51","slug":"roban-seis-computadoras-portatiles-de-escuela-industrial","status":"publish","type":"post","link":"https:\/\/eltrabajo.cl\/portal\/roban-seis-computadoras-portatiles-de-escuela-industrial\/","title":{"rendered":"Roban seis computadoras port\u00e1tiles de Escuela Industrial"},"content":{"rendered":"<figure id=\"attachment_44443\" aria-describedby=\"caption-attachment-44443\" style=\"width: 528px\" class=\"wp-caption alignnone\"><img data-recalc-dims=\"1\" loading=\"lazy\" decoding=\"async\" class=\"size-full wp-image-44443\" alt=\"Mauricio Gonz\u00e1lez muestra a Diario El Trabajo los maletines vac\u00edos que fueron recuperados, luego que el ladr\u00f3n los dejara en la acera del colegio.\" src=\"https:\/\/i0.wp.com\/www.eltrabajo.cl\/portal\/wp-content\/uploads\/2014\/03\/Robo1.jpg?resize=528%2C401\" width=\"528\" height=\"401\" srcset=\"https:\/\/i0.wp.com\/eltrabajo.cl\/portal\/wp-content\/uploads\/2014\/03\/Robo1.jpg?w=528&amp;ssl=1 528w, https:\/\/i0.wp.com\/eltrabajo.cl\/portal\/wp-content\/uploads\/2014\/03\/Robo1.jpg?resize=197%2C150&amp;ssl=1 197w, https:\/\/i0.wp.com\/eltrabajo.cl\/portal\/wp-content\/uploads\/2014\/03\/Robo1.jpg?resize=300%2C227&amp;ssl=1 300w, https:\/\/i0.wp.com\/eltrabajo.cl\/portal\/wp-content\/uploads\/2014\/03\/Robo1.jpg?resize=150%2C113&amp;ssl=1 150w, https:\/\/i0.wp.com\/eltrabajo.cl\/portal\/wp-content\/uploads\/2014\/03\/Robo1.jpg?resize=400%2C303&amp;ssl=1 400w\" sizes=\"auto, (max-width: 528px) 100vw, 528px\" \/><\/a><figcaption id=\"caption-attachment-44443\" class=\"wp-caption-text\">Mauricio Gonz\u00e1lez muestra a Diario El Trabajo los maletines vac\u00edos que fueron recuperados, luego que el ladr\u00f3n los dejara en la acera del colegio.<\/figcaption><\/figure>\n<p>Los amigos de lo ajeno arrancaron esta semana con varias computadoras nuevas de la Oficina de la Unidad de Docencia de la Escuela Industrial de San Felipe. Esta ser\u00eda la segunda ocasi\u00f3n en que roben en ese despacho y a la fecha ya han sustra\u00eddo seis port\u00e1tiles, mismas avaluadas en $1.800.000.<\/p>\n<figure id=\"attachment_44444\" aria-describedby=\"caption-attachment-44444\" style=\"width: 370px\" class=\"wp-caption alignright\"><a href=\"https:\/\/i0.wp.com\/www.eltrabajo.cl\/portal\/wp-content\/uploads\/2014\/03\/Robo2.jpg\"><img data-recalc-dims=\"1\" loading=\"lazy\" decoding=\"async\" class=\" wp-image-44444 \" alt=\"Usando este tronco fue que el pillo logr\u00f3 ingresar a la cocina de la Escuela Industrial y cometer el delito.\" src=\"https:\/\/i0.wp.com\/www.eltrabajo.cl\/portal\/wp-content\/uploads\/2014\/03\/Robo2.jpg?resize=370%2C491\" width=\"370\" height=\"491\" srcset=\"https:\/\/i0.wp.com\/eltrabajo.cl\/portal\/wp-content\/uploads\/2014\/03\/Robo2.jpg?w=529&amp;ssl=1 529w, https:\/\/i0.wp.com\/eltrabajo.cl\/portal\/wp-content\/uploads\/2014\/03\/Robo2.jpg?resize=113%2C150&amp;ssl=1 113w, https:\/\/i0.wp.com\/eltrabajo.cl\/portal\/wp-content\/uploads\/2014\/03\/Robo2.jpg?resize=226%2C300&amp;ssl=1 226w, https:\/\/i0.wp.com\/eltrabajo.cl\/portal\/wp-content\/uploads\/2014\/03\/Robo2.jpg?resize=400%2C530&amp;ssl=1 400w\" sizes=\"auto, (max-width: 370px) 100vw, 370px\" \/><\/a><figcaption id=\"caption-attachment-44444\" class=\"wp-caption-text\">Usando este tronco fue que el pillo logr\u00f3 ingresar a la cocina de la Escuela Industrial y cometer el delito.<\/figcaption><\/figure>\n<p>\u00abEl ladr\u00f3n ingres\u00f3 rompiendo una ventana de la cocina, us\u00f3 un tronco de madera para pasar de un muro de cemento hasta la ventana, donde quebr\u00f3 el vidrio y as\u00ed pudo ingresar a nuestra escuela. Al llegar a la oficina tir\u00f3 de una patada la puerta y as\u00ed logr\u00f3 su prop\u00f3sito\u00bb, inform\u00f3 a Diario El Trabajo el Encargado de Convivencia de la Escuela Industria, Mauricio Gonz\u00e1lez Arancibia. El delincuente carg\u00f3 con las computadoras, en los alrededores las sac\u00f3 del malet\u00edn individual de cada una y los dej\u00f3 tirados.<\/p>\n<p>&nbsp;<\/p>\n","protected":false},"excerpt":{"rendered":"<p>Los amigos de lo ajeno arrancaron esta semana con varias computadoras nuevas de la Oficina de la Unidad de Docencia de la Escuela Industrial de San Felipe. Esta ser\u00eda la segunda ocasi\u00f3n&#8230;<\/p>\n","protected":false},"author":482,"featured_media":44443,"comment_status":"open","ping_status":"closed","sticky":false,"template":"","format":"standard","meta":{"advanced_seo_description":"","jetpack_seo_html_title":"","jetpack_seo_noindex":false,"_jetpack_memberships_contains_paid_content":false,"footnotes":""},"categories":[21],"tags":[],"class_list":["post-44442","post","type-post","status-publish","format-standard","has-post-thumbnail","hentry","category-policial"],"jetpack_featured_media_url":"https:\/\/i0.wp.com\/eltrabajo.cl\/portal\/wp-content\/uploads\/2014\/03\/Robo1.jpg?fit=528%2C401&ssl=1","jetpack_sharing_enabled":true,"jetpack_likes_enabled":true,"jetpack-related-posts":[],"_links":{"self":[{"href":"https:\/\/eltrabajo.cl\/portal\/wp-json\/wp\/v2\/posts\/44442","targetHints":{"allow":["GET"]}}],"collection":[{"href":"https:\/\/eltrabajo.cl\/portal\/wp-json\/wp\/v2\/posts"}],"about":[{"href":"https:\/\/eltrabajo.cl\/portal\/wp-json\/wp\/v2\/types\/post"}],"author":[{"embeddable":true,"href":"https:\/\/eltrabajo.cl\/portal\/wp-json\/wp\/v2\/users\/482"}],"replies":[{"embeddable":true,"href":"https:\/\/eltrabajo.cl\/portal\/wp-json\/wp\/v2\/comments?post=44442"}],"version-history":[{"count":0,"href":"https:\/\/eltrabajo.cl\/portal\/wp-json\/wp\/v2\/posts\/44442\/revisions"}],"wp:featuredmedia":[{"embeddable":true,"href":"https:\/\/eltrabajo.cl\/portal\/wp-json\/wp\/v2\/media\/44443"}],"wp:attachment":[{"href":"https:\/\/eltrabajo.cl\/portal\/wp-json\/wp\/v2\/media?parent=44442"}],"wp:term":[{"taxonomy":"category","embeddable":true,"href":"https:\/\/eltrabajo.cl\/portal\/wp-json\/wp\/v2\/categories?post=44442"},{"taxonomy":"post_tag","embeddable":true,"href":"https:\/\/eltrabajo.cl\/portal\/wp-json\/wp\/v2\/tags?post=44442"}],"curies":[{"name":"wp","href":"https:\/\/api.w.org\/{rel}","templated":true}]}}