{"id":44447,"date":"2014-03-19T10:04:05","date_gmt":"2014-03-19T13:04:05","guid":{"rendered":"http:\/\/www.eltrabajo.cl\/portal\/?p=44447"},"modified":"2014-03-19T10:04:05","modified_gmt":"2014-03-19T13:04:05","slug":"decretan-tres-dias-de-duelo-por-el-fallecimiento-de-juan-fuentes-gallardo","status":"publish","type":"post","link":"https:\/\/eltrabajo.cl\/portal\/decretan-tres-dias-de-duelo-por-el-fallecimiento-de-juan-fuentes-gallardo\/","title":{"rendered":"Decretan tres d\u00edas de duelo por el fallecimiento de Juan Fuentes Gallardo"},"content":{"rendered":"<figure id=\"attachment_44448\" aria-describedby=\"caption-attachment-44448\" style=\"width: 296px\" class=\"wp-caption alignleft\"><img data-recalc-dims=\"1\" loading=\"lazy\" decoding=\"async\" class=\" wp-image-44448  \" alt=\"En la foto de archivo, el homenaje brindado a Juan Fuentes por el Alcalde Patricio Freire en el marco de la celebraci\u00f3n de los 50 a\u00f1os de la Poblaci\u00f3n Pedro Aguirre Cerda.\" src=\"https:\/\/i0.wp.com\/www.eltrabajo.cl\/portal\/wp-content\/uploads\/2014\/03\/homenaje.jpg?resize=296%2C542\" width=\"296\" height=\"542\" srcset=\"https:\/\/i0.wp.com\/eltrabajo.cl\/portal\/wp-content\/uploads\/2014\/03\/homenaje.jpg?w=529&amp;ssl=1 529w, https:\/\/i0.wp.com\/eltrabajo.cl\/portal\/wp-content\/uploads\/2014\/03\/homenaje.jpg?resize=400%2C731&amp;ssl=1 400w\" sizes=\"auto, (max-width: 296px) 100vw, 296px\" \/><\/a><figcaption id=\"caption-attachment-44448\" class=\"wp-caption-text\">En la foto de archivo, el homenaje brindado a Juan Fuentes por el Alcalde Patricio Freire en el marco de la celebraci\u00f3n de los 50 a\u00f1os de la Poblaci\u00f3n Pedro Aguirre Cerda.<\/figcaption><\/figure>\n<p>Su profundo pesar por el fallecimiento de don Juan Fuentes Gallardo manifest\u00f3 el Alcalde de San Felipe, Patricio Freire Canto, hecho que se registr\u00f3 en horas de la ma\u00f1ana de este martes 18 de marzo, a los 82 a\u00f1os de edad.<\/p>\n<p>El deceso del ex alcalde se produjo en el Hospital San Camilo, lugar donde hab\u00eda sido internado el domingo pasado debido a la compleja situaci\u00f3n de salud en que se encontraba.<\/p>\n<p>En el centro asistencial estuvo internado en el servicio de Medicina, falleciendo a las 11:10 horas de este martes, producto de una falla renal aguda.<\/p>\n<p>El fallecimiento de Juan Fuentes produjo enorme consternaci\u00f3n entre los sanfelipe\u00f1os, quienes lo recordar\u00e1n como uno de los m\u00e1s importantes jefes comunales que ha tenido San Felipe, adem\u00e1s de desempe\u00f1arse como dirigente gremial y pol\u00edtico.<\/p>\n<p>\u201cEstamos muy dolidos por la partida de don Juan Fuentes Gallardo, una persona que entreg\u00f3 toda su vida al servicio p\u00fablico, un hombre que fue un gran Alcalde, por eso enviamos las condolencias a la familia, porque se fue un hombre muy querido por la comunidad sanfelipe\u00f1a, un idealista, una persona que hizo mucho por la comunidad\u201d, dijo el jefe comunal.<\/p>\n<p>El Alcalde Patricio Freire decret\u00f3 tres d\u00edas de duelo por la muerte de este servidor p\u00fablico sanfelipe\u00f1o, bajo cuya gesti\u00f3n se realizaron importantes avances en la comuna.<\/p>\n<p>Adem\u00e1s, en horas de la tarde el Concejo Municipal tom\u00f3 un minuto de silencio antes de iniciar la sesi\u00f3n, para recordarlo.<\/p>\n<p>Los restos de Juan Fuentes Gallardo est\u00e1n siendo velados en la Iglesia Nuestra Se\u00f1ora de la Merced.<\/p>\n<p>&nbsp;<\/p>\n","protected":false},"excerpt":{"rendered":"<p>Su profundo pesar por el fallecimiento de don Juan Fuentes Gallardo manifest\u00f3 el Alcalde de San Felipe, Patricio Freire Canto, hecho que se registr\u00f3 en horas de la ma\u00f1ana de este martes&#8230;<\/p>\n","protected":false},"author":482,"featured_media":44448,"comment_status":"open","ping_status":"closed","sticky":false,"template":"","format":"standard","meta":{"advanced_seo_description":"","jetpack_seo_html_title":"","jetpack_seo_noindex":false,"_jetpack_memberships_contains_paid_content":false,"footnotes":""},"categories":[15],"tags":[],"class_list":["post-44447","post","type-post","status-publish","format-standard","has-post-thumbnail","hentry","category-comunidad"],"jetpack_featured_media_url":"https:\/\/i0.wp.com\/eltrabajo.cl\/portal\/wp-content\/uploads\/2014\/03\/homenaje.jpg?fit=529%2C968&ssl=1","jetpack_sharing_enabled":true,"jetpack_likes_enabled":true,"jetpack-related-posts":[],"_links":{"self":[{"href":"https:\/\/eltrabajo.cl\/portal\/wp-json\/wp\/v2\/posts\/44447","targetHints":{"allow":["GET"]}}],"collection":[{"href":"https:\/\/eltrabajo.cl\/portal\/wp-json\/wp\/v2\/posts"}],"about":[{"href":"https:\/\/eltrabajo.cl\/portal\/wp-json\/wp\/v2\/types\/post"}],"author":[{"embeddable":true,"href":"https:\/\/eltrabajo.cl\/portal\/wp-json\/wp\/v2\/users\/482"}],"replies":[{"embeddable":true,"href":"https:\/\/eltrabajo.cl\/portal\/wp-json\/wp\/v2\/comments?post=44447"}],"version-history":[{"count":0,"href":"https:\/\/eltrabajo.cl\/portal\/wp-json\/wp\/v2\/posts\/44447\/revisions"}],"wp:featuredmedia":[{"embeddable":true,"href":"https:\/\/eltrabajo.cl\/portal\/wp-json\/wp\/v2\/media\/44448"}],"wp:attachment":[{"href":"https:\/\/eltrabajo.cl\/portal\/wp-json\/wp\/v2\/media?parent=44447"}],"wp:term":[{"taxonomy":"category","embeddable":true,"href":"https:\/\/eltrabajo.cl\/portal\/wp-json\/wp\/v2\/categories?post=44447"},{"taxonomy":"post_tag","embeddable":true,"href":"https:\/\/eltrabajo.cl\/portal\/wp-json\/wp\/v2\/tags?post=44447"}],"curies":[{"name":"wp","href":"https:\/\/api.w.org\/{rel}","templated":true}]}}