{"id":44454,"date":"2014-03-19T10:09:32","date_gmt":"2014-03-19T13:09:32","guid":{"rendered":"http:\/\/www.eltrabajo.cl\/portal\/?p=44454"},"modified":"2014-03-19T10:09:32","modified_gmt":"2014-03-19T13:09:32","slug":"la-ultima-entrevista-a-don-juan-fuentes-gallardo","status":"publish","type":"post","link":"https:\/\/eltrabajo.cl\/portal\/la-ultima-entrevista-a-don-juan-fuentes-gallardo\/","title":{"rendered":"La \u00faltima entrevista a don Juan Fuentes Gallardo"},"content":{"rendered":"<figure id=\"attachment_44455\" aria-describedby=\"caption-attachment-44455\" style=\"width: 529px\" class=\"wp-caption alignnone\"><a href=\"https:\/\/i0.wp.com\/www.eltrabajo.cl\/portal\/wp-content\/uploads\/2014\/03\/Juan-fuentes-una-de-las-ultimas-fotos.jpg\"><img data-recalc-dims=\"1\" loading=\"lazy\" decoding=\"async\" class=\"size-full wp-image-44455\" alt=\"Juan Fuentes en una de las \u00faltimas fotos que se le tom\u00f3. En su habitaci\u00f3n, hizo un esfuerzo adicional para incorporarse en su silla de ruedas y responder a una entrevista que lo retrata como una de las figuras m\u00e1s destacadas de la pol\u00edtica local. La \u00faltima entrevista a un hombre que forma parte del patrimonio colectivo de la ciudad.\" src=\"https:\/\/i0.wp.com\/www.eltrabajo.cl\/portal\/wp-content\/uploads\/2014\/03\/Juan-fuentes-una-de-las-ultimas-fotos.jpg?resize=529%2C358\" width=\"529\" height=\"358\" srcset=\"https:\/\/i0.wp.com\/eltrabajo.cl\/portal\/wp-content\/uploads\/2014\/03\/Juan-fuentes-una-de-las-ultimas-fotos.jpg?w=529&amp;ssl=1 529w, https:\/\/i0.wp.com\/eltrabajo.cl\/portal\/wp-content\/uploads\/2014\/03\/Juan-fuentes-una-de-las-ultimas-fotos.jpg?resize=200%2C135&amp;ssl=1 200w, https:\/\/i0.wp.com\/eltrabajo.cl\/portal\/wp-content\/uploads\/2014\/03\/Juan-fuentes-una-de-las-ultimas-fotos.jpg?resize=300%2C203&amp;ssl=1 300w, https:\/\/i0.wp.com\/eltrabajo.cl\/portal\/wp-content\/uploads\/2014\/03\/Juan-fuentes-una-de-las-ultimas-fotos.jpg?resize=150%2C101&amp;ssl=1 150w, https:\/\/i0.wp.com\/eltrabajo.cl\/portal\/wp-content\/uploads\/2014\/03\/Juan-fuentes-una-de-las-ultimas-fotos.jpg?resize=400%2C270&amp;ssl=1 400w\" sizes=\"auto, (max-width: 529px) 100vw, 529px\" \/><\/a><figcaption id=\"caption-attachment-44455\" class=\"wp-caption-text\">Juan Fuentes en una de las \u00faltimas fotos que se le tom\u00f3. En su habitaci\u00f3n, hizo un esfuerzo adicional para incorporarse en su silla de ruedas y responder a una entrevista que lo retrata como una de las figuras m\u00e1s destacadas de la pol\u00edtica local. La \u00faltima entrevista a un hombre que forma parte del patrimonio colectivo de la ciudad.<\/figcaption><\/figure>\n<p>Hace solo unos meses, y cuando la salud del querido Juan Fuentes estaba ya muy deteriorada, Pedro Mu\u00f1oz registr\u00f3 una entrevista para la agrupaci\u00f3n cultural MiPatrimonio, en el marco de un registro audiovisual de personajes t\u00edpicos del valle del Aconcagua. El trabajo elaborado junto al realizador Carlos Lertora da cuenta de la visi\u00f3n que el ex alcalde ten\u00eda del hombre p\u00fablico, de la vocaci\u00f3n de servicio y de c\u00f3mo se desarrolla la ciudad. Pero tambi\u00e9n abarca aspectos de su vida que bien vale la pena repasar en un trozo de dicho material.<\/p>\n<p>Juan de Dios Fuentes Gallardo, conocido en la ciudad como \u201ccacha de bast\u00f3n\u201d, sobrenombre heredado de su padre, nos recibe en su casa para hablar de la ciudad, su crecimiento y su historia como alcalde.<\/p>\n<p><strong>&#8211; \u00bfLe molesta ese sobrenombre?<\/strong><\/p>\n<p>&#8211; \u201cNo, para nada, porque me acuerdo de mi padre, a \u00e9l le dec\u00edan as\u00ed, entonces \u00bfporqu\u00e9 me deber\u00eda enojar?\u201d.<\/p>\n<p><strong>&#8211; H\u00e1blenos de su pasado ferroviario, cu\u00e9ntenos de su trabajo y los recuerdos que tiene de ese ambiente<\/strong><\/p>\n<p>&#8211; \u201cLo m\u00e1s lindo que me ha tocado vivir. Yo era bodeguero y recorr\u00eda todo este sector hasta Las Vegas y Putaendo por dentro. Arreglamos un galp\u00f3n que hab\u00eda en la estaci\u00f3n y ah\u00ed organiz\u00e1bamos funciones de circo, yo hac\u00eda de payaso, la gente se re\u00eda mucho. Tambi\u00e9n ten\u00edamos veladas de box y yo varias veces me puse los guantes, hab\u00eda que hacer de todo para que la gente se riera, eran tiempos sanos, los ni\u00f1os \u00e9ramos m\u00e1s inocentes, uno pod\u00eda recorrer la ciudad entera a pie y todos nos conoc\u00edamos\u201d, recuerda con nostalgia.<\/p>\n<p><strong>&#8211; \u00bfQu\u00e9 le produce ver el recinto donde antes estaba la estaci\u00f3n?<\/strong><\/p>\n<p>&#8211; \u201cDan ganas de llorar. Toda la bulla de la gente, los coches victoria, el pito del tren\u2026 (se emociona y guarda silencio) no deb\u00eda haber terminado as\u00ed. Si parece que hubiera habido una guerra, qued\u00f3 todo botado. Ya no hay negocios, ya no queda nada. (Otra vez pausa y medita un rato) Mire cuando sal\u00ed concejal (1990) yo quer\u00eda que se recuperara ese recinto, pero en la municipalidad quer\u00edan todo lo contrario, quer\u00edan romper la calle Riquelme para que saliera al estadio fiscal, al final no se hizo ni una de las dos cosas y ese es otro punto malo de la ciudad\u201d.<\/p>\n<p><strong>&#8211; \u00bfLe gusta como se ha planificado la ciudad?<\/strong><\/p>\n<p>&#8211; \u201cUta da pena, porque una cosa es que la ciudad crezca y otra muy distinta es que est\u00e9 tan desordenada. A lo mejor era m\u00e1s f\u00e1cil antes, pero ahora est\u00e1 todo sucio, desordenado. Hasta da verg\u00fcenza ver algunas calles. La gente no respeta nada, los cabros rayan hasta las estatuas. Hay unas poblaciones re grandes y no tienen \u00e1rboles, no hay plazas para los ni\u00f1os, nada. Mire lo principal aqu\u00ed es los ni\u00f1os, yo cuando era chico siempre me acord\u00e9 de la gente que nos daba cosas, regalos, juegos, una pelota, lo que sea, a los ni\u00f1os no se les olvida nunca, entonces estos pericos se gastan tanta plata en otras cosas y no hacen cosas mejores para los ni\u00f1os\u201d.<\/p>\n<p><strong>&#8211; Bueno y \u00bfes cierto que usted una vez dijo que iba a hacer \u201ccolumpios para que se columpeen y resfalines para que se resfalineen\u201d?<\/strong><\/p>\n<p>&#8211; (R\u00ede de buena gana) \u201cSiempre me gustaba molestar, porque la gente me hac\u00eda burla por mi habla, entonces yo inventaba frases como esa. Una vez un ni\u00f1o en una escuela me pregunt\u00f3 qu\u00e9 significaban las dos \u201cF\u201d que aparecen en el escudo de San Felipe, y se me ocurri\u00f3 responderle delante de uno de la Radio Aconcagua: significa \u2018Fuan Fuentes\u2019\u2026 siempre molestaba con eso\u201d.<\/p>\n<p><strong>&#8211; Usted arras\u00f3 en las urnas para las municipales de 1967<\/strong><\/p>\n<p>&#8211; \u201cHab\u00eda que levantar la ciudad despu\u00e9s del terremoto del 65\u2019 y el Intendente nos ayud\u00f3 a conseguir plata para empezar por arreglar la plaza, hab\u00eda que botar la Intendencia, el Teatro y el edificio municipal que estaba al lado del banco Espa\u00f1ol (mismo lugar que usa hoy Banco Falabella). Habl\u00e9 con el presidente Frei Montalva y \u00e9l vino a visitar la ciudad, lo convencimos y entreg\u00f3 los materiales para construir las poblaciones: Los \u00c1lamos, Manso Velasco y 11 de Septiembre, yo creo que el trabajo ayud\u00f3 a que la gente eligiera alguien del pueblo\u201d.<\/p>\n<p><strong>&#8211; Usted dise\u00f1\u00f3 el programa de autoconstrucci\u00f3n y ya hab\u00edan empezado a construir \u2018La Santita\u2019.<\/strong><\/p>\n<p>&#8211; \u201cEs que fue muy lindo porque la gente hac\u00eda sus propias casas, yo le dije al Presidente: \u2018Usted cons\u00edgame los materiales, que la gente en San Felipe es trabajadora, y si no pueden venir a levantar la ciudad, la levantamos nosotros mismos\u2019. Y el Presidente mand\u00f3 12 carros de carga con materiales para casas y levantar 4 colegios: la 62 (Hoy Jos\u00e9 de San Mart\u00edn), la escuela 21 (hoy Manso de Velasco), el Liceo de Ni\u00f1as que hab\u00eda que cambiarlo de lugar, y la Manuel Rodr\u00edguez. Me acuerdo que la gente estaba feliz y en todos lados me invitaban a celebrar con ellos\u201d.<\/p>\n<p><strong>&#8211; \u00bfEs cierto entonces que usted era amigo del Presidente Frei Montalva?<\/strong><\/p>\n<p>&#8211; \u201cClaro, si siempre ven\u00eda para ac\u00e1. Nosotros lo \u00edbamos a buscar a la estaci\u00f3n de trenes y lo sac\u00e1bamos a recorrer la ciudad. Una vez me met\u00ed para hablar por los trabajadores y \u00e9l me dijo que yo hablaba lindo, todos se rieron, pero Frei dijo que mientras uno hablaba con el coraz\u00f3n estaba todo bien, as\u00ed que me llev\u00f3 a Santiago a hablar en un acto oficial\u201d.<\/p>\n<p>Mientras hablamos con \u00e9l y una de sus hijas profesora, algunos de sus perros se inquietan y comienzan a ladrar. En alg\u00fan momento Juan Fuentes lleg\u00f3 a tener m\u00e1s de 20 perros y fue uno de los primeros miembros formales de la Sociedad Protectora de Animales en la ciudad. Aprovechamos la pausa para revisar los cientos de reconocimientos entregados a este hombre: ciudadano destacado, hijo ilustre, personaje del a\u00f1o, servidor p\u00fablico, mejor trabajador, mejor dirigente DC, vecino destacado, y un largo etc. que pasa incluso por un saludo escrito del mism\u00edsimo Juan Pablo II. De los muros cuelgan trabajos pl\u00e1sticos del extinto artista Carlos Ruiz Zald\u00edvar con quien tuvo innumerables diferencias, pero asegura que al final del camino \u201cnos convertimos en buenos amigos\u201d. Aprovechamos de regalarle una copia del documental \u2018El Sue\u00f1o y las Ruinas\u2019 del creador sanfelipe\u00f1o Carlos Lertora y que se basa en la ca\u00edda del Palacio de la Hacienda de Quilpu\u00e9, \u00edcono de las p\u00e9rdidas patrimoniales.<\/p>\n<p><strong>&#8211; Nos queda la sensaci\u00f3n de que si usted hubiese sido Alcalde en esa \u00e9poca, no hubiese permitido que demolieran el palacio.<\/strong><\/p>\n<p>&#8211; \u201cNo habr\u00eda dejado que lo tocaran. Cuando se demoli\u00f3 nadie dijo nada, y ojo que estaba esta misma gente. Claudio Rodr\u00edguez, el mismo Jaime Amar que era dirigente de varios organismos de peso, no se opusieron, no dijeron nada. Nosotros hab\u00edamos recibido con tanta alegr\u00eda el traspaso de la propiedad para el municipio. Yo hice funcionar all\u00ed los talleres femeninos. Llenamos de juguetes algunas piezas para regal\u00e1rsela a los ni\u00f1os para la pascua. Ten\u00edamos todo limpiecito, yo hice correr coches victoria desde el centro para que la gente fuera a visitar. Le pusimos agua a las piletas, y el que quer\u00eda se ba\u00f1aba. Hicimos el Festival de la Vendimia, eso nunca se debi\u00f3 terminar, la idea era mantenerlo, recuperarlo para la gente\u201d.<\/p>\n<p>Para el ex alcalde, \u201cahora algo raro pasa\u201d con los proyectos que se levantan en sitios patrimoniales.<\/p>\n<p>La nostalgia invade el peque\u00f1o espacio que queda entre cuadros, recuerdos, radios antiguas y plantas. Un dibujo al pincel de la antigua pileta de la Plaza de Armas sirve para retomar el tema.<\/p>\n<p>\u201cEsa es la verdadera pileta de San Felipe \u2013apunta Gallardo- esa nunca se debi\u00f3 cambiar. Esa fue una idea de Claudio D\u00edaz y la gente no pudo opinar ni reclamar, la pusieron de un d\u00eda para otro\u201d.<\/p>\n<p><strong>&#8211; Don Juan, \u00bfusted cree que la gente a\u00f1ora alcaldes m\u00e1s cercanos o funcionarios m\u00e1s abiertos a escuchar?<\/strong><\/p>\n<p>&#8211; \u201c\u00bfUsted qu\u00e9 cree?\u2026 si aqu\u00ed el tema es de la gente, la ciudad es de la gente y uno tiene que preocuparse de encontrarles trabajo y mantener limpia la comuna. A eso me dediqu\u00e9 yo y por eso me felicitan todos en la calle. Me dicen: \u2018pucha que lo echamos de menos Juanito\u2019. Yo hablaba con la gente y ellos se daban cuenta que uno hac\u00eda las cosas con cari\u00f1o y nada m\u00e1s\u201d.<\/p>\n<p><strong>&#8211; \u00bfC\u00f3mo quiere que le recuerde la ciudad? Como alcalde, como obrero, como amigo\u2026<\/strong><\/p>\n<p>&#8211; \u201cComo un obrero que lleg\u00f3 a ser algo. Yo de chico pasaba por la municipalidad y me quedaba mirando. Una vez entr\u00e9 al sal\u00f3n del alcalde y no hab\u00eda nadie. Me sent\u00e9 en el sill\u00f3n y pens\u00e9: \u2018cuando yo sea grande voy a estar sentado ac\u00e1 de alcalde\u2019, y as\u00ed fue. Entr\u00e9 con las manos peladas y cuando sal\u00ed de la municipalidad sal\u00ed con las manos de obrero honrado\u201d.<\/p>\n<p><strong>&#8211; Usted fue Alcalde para el Golpe de Estado y despu\u00e9s fue designado por Pinochet, \u00bfeso no le trajo problemas?<\/strong><\/p>\n<p>&#8211; \u201cNo no no, yo no fui designado por Pinochet, yo ya era Alcalde antes y me acuerdo que me llam\u00f3 un oficial para preguntarme si yo quer\u00eda seguir, y yo m\u00e1s contento que no s\u00e9 qu\u00e9 dije al tiro que s\u00ed, si eso era lo que me gustaba\u201d.<\/p>\n<p><strong>&#8211; \u00bfLa gente le agradece lo que usted hizo por la ciudad?<\/strong><\/p>\n<p>&#8211; \u201cPero si no le digo que me atajan en la calle. La gente es inteligente y saben reconocer todo. Cuando levantamos esta poblaci\u00f3n, cuando conseguimos el colegio (John Kennedy), tantas cosas que se hicieron\u201d.<\/p>\n<p><strong>&#8211; Me refiero a cosas m\u00e1s espec\u00edficas, por ejemplo \u00bflo vienen a ver?<\/strong><\/p>\n<p>&#8211; \u201cUna vez vino Jaime Amar a saludarme, se port\u00f3 muy bien conmigo. Hay dos o tres pol\u00edticos que vienen a sacarse la foto conmigo para cuando hay elecciones nada m\u00e1s\u2026 ahora lueguito van a aparecer. Pero as\u00ed es la cosa, no podr\u00e1n venir quiz\u00e1\u201d.<\/p>\n<p><strong>&#8211; Uno siempre habla de las cosas de la vida, los proyectos y las cosas diarias. Si yo le hablo de la muerte y le pregunto \u00bfQu\u00e9 le gustar\u00eda para despu\u00e9s que usted muera?<\/strong><\/p>\n<p>&#8211; (Guarda silencio mucho rato antes de responder) \u201cQue no se olviden de mis hijos. Cuando yo ten\u00eda que ir a alguna parte (cuando era alcalde) ellos se quedaban solos con la mam\u00e1. A ellos les costaba m\u00e1s que a m\u00ed. No se olviden de ellos\u2026 que se acuerden de los ni\u00f1itos, que le hagan fiestas y les regalen juguetes, los ni\u00f1os nunca se olvidan de los regalos\u201d.<\/p>\n<p><strong>&#8211; \u00bfY no pide nada para usted?<\/strong><\/p>\n<p>&#8211; \u201cQue no se olviden de mi\u201d.<\/p>\n","protected":false},"excerpt":{"rendered":"<p>Hace solo unos meses, y cuando la salud del querido Juan Fuentes estaba ya muy deteriorada, Pedro Mu\u00f1oz registr\u00f3 una entrevista para la agrupaci\u00f3n cultural MiPatrimonio, en el marco de un registro&#8230;<\/p>\n","protected":false},"author":482,"featured_media":44455,"comment_status":"open","ping_status":"closed","sticky":false,"template":"","format":"standard","meta":{"advanced_seo_description":"","jetpack_seo_html_title":"","jetpack_seo_noindex":false,"_jetpack_memberships_contains_paid_content":false,"footnotes":""},"categories":[15],"tags":[],"class_list":["post-44454","post","type-post","status-publish","format-standard","has-post-thumbnail","hentry","category-comunidad"],"jetpack_featured_media_url":"https:\/\/i0.wp.com\/eltrabajo.cl\/portal\/wp-content\/uploads\/2014\/03\/Juan-fuentes-una-de-las-ultimas-fotos.jpg?fit=529%2C358&ssl=1","jetpack_sharing_enabled":true,"jetpack_likes_enabled":true,"jetpack-related-posts":[],"_links":{"self":[{"href":"https:\/\/eltrabajo.cl\/portal\/wp-json\/wp\/v2\/posts\/44454","targetHints":{"allow":["GET"]}}],"collection":[{"href":"https:\/\/eltrabajo.cl\/portal\/wp-json\/wp\/v2\/posts"}],"about":[{"href":"https:\/\/eltrabajo.cl\/portal\/wp-json\/wp\/v2\/types\/post"}],"author":[{"embeddable":true,"href":"https:\/\/eltrabajo.cl\/portal\/wp-json\/wp\/v2\/users\/482"}],"replies":[{"embeddable":true,"href":"https:\/\/eltrabajo.cl\/portal\/wp-json\/wp\/v2\/comments?post=44454"}],"version-history":[{"count":0,"href":"https:\/\/eltrabajo.cl\/portal\/wp-json\/wp\/v2\/posts\/44454\/revisions"}],"wp:featuredmedia":[{"embeddable":true,"href":"https:\/\/eltrabajo.cl\/portal\/wp-json\/wp\/v2\/media\/44455"}],"wp:attachment":[{"href":"https:\/\/eltrabajo.cl\/portal\/wp-json\/wp\/v2\/media?parent=44454"}],"wp:term":[{"taxonomy":"category","embeddable":true,"href":"https:\/\/eltrabajo.cl\/portal\/wp-json\/wp\/v2\/categories?post=44454"},{"taxonomy":"post_tag","embeddable":true,"href":"https:\/\/eltrabajo.cl\/portal\/wp-json\/wp\/v2\/tags?post=44454"}],"curies":[{"name":"wp","href":"https:\/\/api.w.org\/{rel}","templated":true}]}}