{"id":44457,"date":"2014-03-19T10:15:12","date_gmt":"2014-03-19T13:15:12","guid":{"rendered":"http:\/\/www.eltrabajo.cl\/portal\/?p=44457"},"modified":"2014-03-19T10:15:12","modified_gmt":"2014-03-19T13:15:12","slug":"muere-juan-fuentes-gallardo-uno-de-los-mejores-alcaldes-que-tuvo-san-felipe","status":"publish","type":"post","link":"https:\/\/eltrabajo.cl\/portal\/muere-juan-fuentes-gallardo-uno-de-los-mejores-alcaldes-que-tuvo-san-felipe\/","title":{"rendered":"Muere Juan Fuentes Gallardo, uno de los mejores alcaldes que tuvo San Felipe"},"content":{"rendered":"<figure id=\"attachment_44458\" aria-describedby=\"caption-attachment-44458\" style=\"width: 317px\" class=\"wp-caption alignleft\"><img data-recalc-dims=\"1\" loading=\"lazy\" decoding=\"async\" class=\"wp-image-44458 \" alt=\"Juan Fuentes Gallardo tuvo 4 hijos y cinco nietos, su sonrisa bonachona y afable se apag\u00f3 definitivamente este martes 18 de marzo a dos d\u00edas de cumplir 82 a\u00f1os.\" src=\"https:\/\/i0.wp.com\/www.eltrabajo.cl\/portal\/wp-content\/uploads\/2014\/03\/juan-fuentes-gallardo.jpg?resize=317%2C215\" width=\"317\" height=\"215\" srcset=\"https:\/\/i0.wp.com\/eltrabajo.cl\/portal\/wp-content\/uploads\/2014\/03\/juan-fuentes-gallardo.jpg?w=529&amp;ssl=1 529w, https:\/\/i0.wp.com\/eltrabajo.cl\/portal\/wp-content\/uploads\/2014\/03\/juan-fuentes-gallardo.jpg?resize=200%2C135&amp;ssl=1 200w, https:\/\/i0.wp.com\/eltrabajo.cl\/portal\/wp-content\/uploads\/2014\/03\/juan-fuentes-gallardo.jpg?resize=300%2C203&amp;ssl=1 300w, https:\/\/i0.wp.com\/eltrabajo.cl\/portal\/wp-content\/uploads\/2014\/03\/juan-fuentes-gallardo.jpg?resize=150%2C101&amp;ssl=1 150w, https:\/\/i0.wp.com\/eltrabajo.cl\/portal\/wp-content\/uploads\/2014\/03\/juan-fuentes-gallardo.jpg?resize=400%2C270&amp;ssl=1 400w\" sizes=\"auto, (max-width: 317px) 100vw, 317px\" \/><\/a><figcaption id=\"caption-attachment-44458\" class=\"wp-caption-text\">Juan Fuentes Gallardo tuvo 4 hijos y cinco nietos, su sonrisa bonachona y afable se apag\u00f3 definitivamente este martes 18 de marzo a dos d\u00edas de cumplir 82 a\u00f1os.<\/figcaption><\/figure>\n<p>Es quiz\u00e1 el nombre m\u00e1s popular a la hora de votar por un alcalde hist\u00f3rico de la ciudad. Fue boxeador, payaso, maquinista de trenes, actor, telonero de circo, dirigente vecinal, pol\u00edtico y uno de los mejores alcaldes de San Felipe.<\/p>\n<p>Cuando uno habla de Juan Fuentes Gallardo, habla de un gran hombre, con real vocaci\u00f3n de servicio p\u00fablico, como lo dijo una vez el historiador y jefe de obras municipales, don Benjam\u00edn Olivares \u201cde aquellos pol\u00edticos que honran la pol\u00edtica y custodian la ciudad y su gente\u201d. Fue reconocido por el Colegio de periodistas como \u201cMejor hombre P\u00fablico de 1972\u201d de la entonces Provincia de Aconcagua, consigui\u00f3 que donaran dos colegios, levant\u00f3 la escuela John Kennedy, lider\u00f3 la construcci\u00f3n de la poblaci\u00f3n Corvi, ide\u00f3 el sistema de autoconstrucci\u00f3n en la zona y cort\u00f3 cinta en la inauguraci\u00f3n de 12 poblaciones en la ciudad.<\/p>\n<p>Si a\u00fan le parece un legado corriente, podemos agregar que estudi\u00f3 en la antigua escuela N\u00b04 y luego en la escuela Santa Juana de Arco siendo alumno de Emilia Corona Negrete, maestra fundadora de dicha casa de estudios, mientras estudiaba se escap\u00f3 un d\u00eda a Santiago, entr\u00f3 en la Moneda y habl\u00f3 con el mism\u00edsimo Presidente Gabriel Gonz\u00e1lez Videla, a qui\u00e9n le pidi\u00f3 trabajo en los ferrocarriles, donde comenz\u00f3 a laborar como portaequipaje siendo a\u00fan un ni\u00f1o. Luego trabaj\u00f3 en la desaparecida fabrica Duncan Fox. De regreso en ferrocarriles cargaba colisas de pasto hasta literalmente \u201cromperse la espalda\u201d. No dud\u00f3 en lanzarse a las v\u00edas para salvar a una dama que hab\u00eda ca\u00eddo antes del paso del tren, recibiendo una recompensa de la empresa ferroviaria. Cobr\u00f3 los boletos en el ramal San Felipe \u2013 Putaendo, fue regidor y uno de los pocos personajes locales a quienes un presidente de Chile haya servido de presentador.<\/p>\n<p>Juan de Dios Fuentes Gallardo, falleci\u00f3 este martes cerca de las 11 horas en el hospital San Camilo producto de una insuficiencia renal aguda y un derrame en sus pulmones, justo cuando hab\u00eda cumplido 82 a\u00f1os.<\/p>\n<p>Su hija, la profesora Julia Fuentes relat\u00f3 a Diario El Trabajo que este domingo \u201c\u00e9l estuvo de cumplea\u00f1os, y nos juntamos, lo levantamos y le servimos un pedacito de torta, porque aunque estaba malito eso no se le quitaba, lo de comer cositas dulces. Compartimos un rato y en la noche se descompens\u00f3 y lo llevamos al hospital. Lo dejaron internado y ayer no amaneci\u00f3 nada de bien. Bueno y ahora ya est\u00e1 descansando\u201d.<\/p>\n<p>Su cuerpo est\u00e1 siendo velado en la iglesia Nuestra Se\u00f1ora de La Merced y debido a la connotaci\u00f3n p\u00fablica de la figura de don Juan Fuentes Gallardo, hoy mi\u00e9rcoles ser\u00e1 trasladado hasta la catedral de la ciudad a eso de las 16:30 horas para brindar una misa en su memoria. A partir de las 20:00 el Cuerpo de Bomberos de San Felipe se har\u00e1 cargo de los honores del que fuera fundador de una de las compa\u00f1\u00edas y miembro honorario de la instituci\u00f3n.<\/p>\n<p>Dentro de la serie de homenajes que se ofrecer\u00e1n en su memoria, el municipio decret\u00f3 tres d\u00edas de duelo y comenz\u00f3 a preparar un merecido homenaje en la plaza de armas de la ciudad. Para perpetuar la memoria del ex alcalde, el Concejo Municipal decidi\u00f3 comenzar la discusi\u00f3n para que una de las calles de la ciudad lleve su nombre, en agradecimiento a lo que el realiz\u00f3 por los dem\u00e1s.<\/p>\n<div class=\"tiled-gallery type-rectangular tiled-gallery-unresized\" data-original-width=\"640\" data-carousel-extra='null' itemscope itemtype=\"http:\/\/schema.org\/ImageGallery\" > <div class=\"gallery-row\" style=\"width: 640px; height: 172px;\" data-original-width=\"640\" data-original-height=\"172\" > <div class=\"gallery-group images-1\" style=\"width: 253px; height: 172px;\" data-original-width=\"253\" data-original-height=\"172\" > <div class=\"tiled-gallery-item tiled-gallery-item-small\" itemprop=\"associatedMedia\" itemscope itemtype=\"http:\/\/schema.org\/ImageObject\"> <a href=\"https:\/\/eltrabajo.cl\/portal\/muere-juan-fuentes-gallardo-uno-de-los-mejores-alcaldes-que-tuvo-san-felipe\/juan-fuentes-gallardo-dando-discurso-en-el-ex-palacio-de-la-hacienda-quilpue\/\" border=\"0\" itemprop=\"url\"> <meta itemprop=\"width\" content=\"249\"> <meta itemprop=\"height\" content=\"168\"> <img decoding=\"async\" class=\"\" data-attachment-id=\"44463\" data-orig-file=\"https:\/\/eltrabajo.cl\/portal\/wp-content\/uploads\/2014\/03\/juan-fuentes-gallardo-dando-discurso-en-el-ex-palacio-de-la-hacienda-quilpu\u00e9.jpg\" data-orig-size=\"529,358\" data-comments-opened=\"1\" data-image-meta=\"{&quot;aperture&quot;:&quot;0&quot;,&quot;credit&quot;:&quot;&quot;,&quot;camera&quot;:&quot;&quot;,&quot;caption&quot;:&quot;&quot;,&quot;created_timestamp&quot;:&quot;0&quot;,&quot;copyright&quot;:&quot;&quot;,&quot;focal_length&quot;:&quot;0&quot;,&quot;iso&quot;:&quot;0&quot;,&quot;shutter_speed&quot;:&quot;0&quot;,&quot;title&quot;:&quot;&quot;}\" data-image-title=\"juan fuentes gallardo dando discurso en el ex palacio de la hacienda quilpu\u00e9\" data-image-description=\"&lt;p&gt;El ex alcalde Juan Fuentes dando su discurso de preparaci\u00f3n del Festival de la Vendimia frente al Palacio de la Hacienda de Quilpu\u00e9 en el a\u00f1o 1976.&lt;\/p&gt; \" data-medium-file=\"https:\/\/i0.wp.com\/eltrabajo.cl\/portal\/wp-content\/uploads\/2014\/03\/juan-fuentes-gallardo-dando-discurso-en-el-ex-palacio-de-la-hacienda-quilpu%C3%A9.jpg?fit=300%2C203&#038;ssl=1\" data-large-file=\"https:\/\/i0.wp.com\/eltrabajo.cl\/portal\/wp-content\/uploads\/2014\/03\/juan-fuentes-gallardo-dando-discurso-en-el-ex-palacio-de-la-hacienda-quilpu%C3%A9.jpg?fit=529%2C358&#038;ssl=1\" src=\"https:\/\/i0.wp.com\/eltrabajo.cl\/portal\/wp-content\/uploads\/2014\/03\/juan-fuentes-gallardo-dando-discurso-en-el-ex-palacio-de-la-hacienda-quilpu%C3%A9.jpg?w=249&#038;h=168&#038;ssl=1\" width=\"249\" height=\"168\" loading=\"lazy\" data-original-width=\"249\" data-original-height=\"168\" itemprop=\"http:\/\/schema.org\/image\" title=\"juan fuentes gallardo dando discurso en el ex palacio de la hacienda quilpu\u00e9\" alt=\"El ex alcalde Juan Fuentes dando su discurso de preparaci\u00f3n del Festival de la Vendimia frente al Palacio de la Hacienda de Quilpu\u00e9 en el a\u00f1o 1976.\" style=\"width: 249px; height: 168px;\" \/> <\/a> <div class=\"tiled-gallery-caption\" itemprop=\"caption description\"> El ex alcalde Juan Fuentes dando su discurso de preparaci\u00f3n del Festival de la Vendimia frente al Palacio de la Hacienda de Quilpu\u00e9 en el a\u00f1o 1976. <\/div> <\/div> <\/div> <!-- close group --> <div class=\"gallery-group images-1\" style=\"width: 134px; height: 172px;\" data-original-width=\"134\" data-original-height=\"172\" > <div class=\"tiled-gallery-item tiled-gallery-item-small\" itemprop=\"associatedMedia\" itemscope itemtype=\"http:\/\/schema.org\/ImageObject\"> <a href=\"https:\/\/eltrabajo.cl\/portal\/muere-juan-fuentes-gallardo-uno-de-los-mejores-alcaldes-que-tuvo-san-felipe\/juan-fuentes-discurso\/\" border=\"0\" itemprop=\"url\"> <meta itemprop=\"width\" content=\"130\"> <meta itemprop=\"height\" content=\"168\"> <img decoding=\"async\" class=\"\" data-attachment-id=\"44462\" data-orig-file=\"https:\/\/eltrabajo.cl\/portal\/wp-content\/uploads\/2014\/03\/juan-fuentes-discurso.jpg\" data-orig-size=\"529,682\" data-comments-opened=\"1\" data-image-meta=\"{&quot;aperture&quot;:&quot;0&quot;,&quot;credit&quot;:&quot;&quot;,&quot;camera&quot;:&quot;&quot;,&quot;caption&quot;:&quot;&quot;,&quot;created_timestamp&quot;:&quot;0&quot;,&quot;copyright&quot;:&quot;&quot;,&quot;focal_length&quot;:&quot;0&quot;,&quot;iso&quot;:&quot;0&quot;,&quot;shutter_speed&quot;:&quot;0&quot;,&quot;title&quot;:&quot;&quot;}\" data-image-title=\"juan fuentes discurso\" data-image-description=\"&lt;p&gt;El ex alcalde no ten\u00eda claridad de palabras, pero hac\u00eda un manejo simple de sus discursos y era capaz de llamar la atenci\u00f3n del colegio de Periodistas, que en 1972 lo eligi\u00f3 \u201cPersonaje del A\u00f1o\u201d. En esta foto hablando a un auditorio en el congreso de Municipalidades realizado en el a\u00f1o 1967 en la ciudad de Osorno.&lt;\/p&gt; \" data-medium-file=\"https:\/\/i0.wp.com\/eltrabajo.cl\/portal\/wp-content\/uploads\/2014\/03\/juan-fuentes-discurso.jpg?fit=232%2C300&#038;ssl=1\" data-large-file=\"https:\/\/i0.wp.com\/eltrabajo.cl\/portal\/wp-content\/uploads\/2014\/03\/juan-fuentes-discurso.jpg?fit=529%2C682&#038;ssl=1\" src=\"https:\/\/i0.wp.com\/eltrabajo.cl\/portal\/wp-content\/uploads\/2014\/03\/juan-fuentes-discurso.jpg?w=130&#038;h=168&#038;ssl=1\" srcset=\"https:\/\/i0.wp.com\/eltrabajo.cl\/portal\/wp-content\/uploads\/2014\/03\/juan-fuentes-discurso.jpg?w=529&amp;ssl=1 529w, https:\/\/i0.wp.com\/eltrabajo.cl\/portal\/wp-content\/uploads\/2014\/03\/juan-fuentes-discurso.jpg?resize=116%2C150&amp;ssl=1 116w, https:\/\/i0.wp.com\/eltrabajo.cl\/portal\/wp-content\/uploads\/2014\/03\/juan-fuentes-discurso.jpg?resize=232%2C300&amp;ssl=1 232w, https:\/\/i0.wp.com\/eltrabajo.cl\/portal\/wp-content\/uploads\/2014\/03\/juan-fuentes-discurso.jpg?resize=400%2C515&amp;ssl=1 400w\" width=\"130\" height=\"168\" loading=\"lazy\" data-original-width=\"130\" data-original-height=\"168\" itemprop=\"http:\/\/schema.org\/image\" title=\"juan fuentes discurso\" alt=\"El ex alcalde no ten\u00eda claridad de palabras, pero hac\u00eda un manejo simple de sus discursos y era capaz de llamar la atenci\u00f3n del colegio de Periodistas, que en 1972 lo eligi\u00f3 \u201cPersonaje del A\u00f1o\u201d. En esta foto hablando a un auditorio en el congreso de Municipalidades realizado en el a\u00f1o 1967 en la ciudad de Osorno.\" style=\"width: 130px; height: 168px;\" \/> <\/a> <div class=\"tiled-gallery-caption\" itemprop=\"caption description\"> El ex alcalde no ten\u00eda claridad de palabras, pero hac\u00eda un manejo simple de sus discursos y era capaz de llamar la atenci\u00f3n del colegio de Periodistas, que en 1972 lo eligi\u00f3 \u201cPersonaje del A\u00f1o\u201d. En esta foto hablando a un auditorio en el congreso de Municipalidades realizado en el a\u00f1o 1967 en la ciudad de Osorno. <\/div> <\/div> <\/div> <!-- close group --> <div class=\"gallery-group images-1\" style=\"width: 253px; height: 172px;\" data-original-width=\"253\" data-original-height=\"172\" > <div class=\"tiled-gallery-item tiled-gallery-item-small\" itemprop=\"associatedMedia\" itemscope itemtype=\"http:\/\/schema.org\/ImageObject\"> <a href=\"https:\/\/eltrabajo.cl\/portal\/muere-juan-fuentes-gallardo-uno-de-los-mejores-alcaldes-que-tuvo-san-felipe\/juan-fuentes-gallardo-ninos\/\" border=\"0\" itemprop=\"url\"> <meta itemprop=\"width\" content=\"249\"> <meta itemprop=\"height\" content=\"168\"> <img decoding=\"async\" class=\"\" data-attachment-id=\"44461\" data-orig-file=\"https:\/\/eltrabajo.cl\/portal\/wp-content\/uploads\/2014\/03\/juan-fuentes-gallardo-ni\u00f1os.jpg\" data-orig-size=\"529,358\" data-comments-opened=\"1\" data-image-meta=\"{&quot;aperture&quot;:&quot;0&quot;,&quot;credit&quot;:&quot;&quot;,&quot;camera&quot;:&quot;&quot;,&quot;caption&quot;:&quot;&quot;,&quot;created_timestamp&quot;:&quot;0&quot;,&quot;copyright&quot;:&quot;&quot;,&quot;focal_length&quot;:&quot;0&quot;,&quot;iso&quot;:&quot;0&quot;,&quot;shutter_speed&quot;:&quot;0&quot;,&quot;title&quot;:&quot;&quot;}\" data-image-title=\"juan fuentes gallardo ni\u00f1os\" data-image-description=\"&lt;p&gt;Juan Fuentes haciendo lo que m\u00e1s le gustaba: convertir un gesto amable en la sonrisa de los ni\u00f1os. En la foto, tras bambalina del Festival de la Vendimia del a\u00f1o 1975, entr\u00f3 a los ni\u00f1os que esperaban fuera para que saludaran al artista y les reparti\u00f3 bebidas y golosinas. Para el ex alcalde no exist\u00eda nada m\u00e1s grato que ver a un ni\u00f1o feliz.&lt;\/p&gt; \" data-medium-file=\"https:\/\/i0.wp.com\/eltrabajo.cl\/portal\/wp-content\/uploads\/2014\/03\/juan-fuentes-gallardo-ni%C3%B1os.jpg?fit=300%2C203&#038;ssl=1\" data-large-file=\"https:\/\/i0.wp.com\/eltrabajo.cl\/portal\/wp-content\/uploads\/2014\/03\/juan-fuentes-gallardo-ni%C3%B1os.jpg?fit=529%2C358&#038;ssl=1\" src=\"https:\/\/i0.wp.com\/eltrabajo.cl\/portal\/wp-content\/uploads\/2014\/03\/juan-fuentes-gallardo-ni%C3%B1os.jpg?w=249&#038;h=168&#038;ssl=1\" width=\"249\" height=\"168\" loading=\"lazy\" data-original-width=\"249\" data-original-height=\"168\" itemprop=\"http:\/\/schema.org\/image\" title=\"juan fuentes gallardo ni\u00f1os\" alt=\"Juan Fuentes haciendo lo que m\u00e1s le gustaba: convertir un gesto amable en la sonrisa de los ni\u00f1os. En la foto, tras bambalina del Festival de la Vendimia del a\u00f1o 1975, entr\u00f3 a los ni\u00f1os que esperaban fuera para que saludaran al artista y les reparti\u00f3 bebidas y golosinas. Para el ex alcalde no exist\u00eda nada m\u00e1s grato que ver a un ni\u00f1o feliz.\" style=\"width: 249px; height: 168px;\" \/> <\/a> <div class=\"tiled-gallery-caption\" itemprop=\"caption description\"> Juan Fuentes haciendo lo que m\u00e1s le gustaba: convertir un gesto amable en la sonrisa de los ni\u00f1os. En la foto, tras bambalina del Festival de la Vendimia del a\u00f1o 1975, entr\u00f3 a los ni\u00f1os que esperaban fuera para que saludaran al artista y les reparti\u00f3 bebidas y golosinas. Para el ex alcalde no exist\u00eda nada m\u00e1s grato que ver a un ni\u00f1o feliz. <\/div> <\/div> <\/div> <!-- close group --> <\/div> <!-- close row --> <\/div>\n<p>&nbsp;<\/p>\n","protected":false},"excerpt":{"rendered":"<p>Es quiz\u00e1 el nombre m\u00e1s popular a la hora de votar por un alcalde hist\u00f3rico de la ciudad. Fue boxeador, payaso, maquinista de trenes, actor, telonero de circo, dirigente vecinal, pol\u00edtico y&#8230;<\/p>\n","protected":false},"author":482,"featured_media":44458,"comment_status":"open","ping_status":"closed","sticky":false,"template":"","format":"standard","meta":{"advanced_seo_description":"","jetpack_seo_html_title":"","jetpack_seo_noindex":false,"_jetpack_memberships_contains_paid_content":false,"footnotes":""},"categories":[15],"tags":[],"class_list":["post-44457","post","type-post","status-publish","format-standard","has-post-thumbnail","hentry","category-comunidad"],"jetpack_featured_media_url":"https:\/\/i0.wp.com\/eltrabajo.cl\/portal\/wp-content\/uploads\/2014\/03\/juan-fuentes-gallardo.jpg?fit=529%2C358&ssl=1","jetpack_sharing_enabled":true,"jetpack_likes_enabled":true,"jetpack-related-posts":[],"_links":{"self":[{"href":"https:\/\/eltrabajo.cl\/portal\/wp-json\/wp\/v2\/posts\/44457","targetHints":{"allow":["GET"]}}],"collection":[{"href":"https:\/\/eltrabajo.cl\/portal\/wp-json\/wp\/v2\/posts"}],"about":[{"href":"https:\/\/eltrabajo.cl\/portal\/wp-json\/wp\/v2\/types\/post"}],"author":[{"embeddable":true,"href":"https:\/\/eltrabajo.cl\/portal\/wp-json\/wp\/v2\/users\/482"}],"replies":[{"embeddable":true,"href":"https:\/\/eltrabajo.cl\/portal\/wp-json\/wp\/v2\/comments?post=44457"}],"version-history":[{"count":0,"href":"https:\/\/eltrabajo.cl\/portal\/wp-json\/wp\/v2\/posts\/44457\/revisions"}],"wp:featuredmedia":[{"embeddable":true,"href":"https:\/\/eltrabajo.cl\/portal\/wp-json\/wp\/v2\/media\/44458"}],"wp:attachment":[{"href":"https:\/\/eltrabajo.cl\/portal\/wp-json\/wp\/v2\/media?parent=44457"}],"wp:term":[{"taxonomy":"category","embeddable":true,"href":"https:\/\/eltrabajo.cl\/portal\/wp-json\/wp\/v2\/categories?post=44457"},{"taxonomy":"post_tag","embeddable":true,"href":"https:\/\/eltrabajo.cl\/portal\/wp-json\/wp\/v2\/tags?post=44457"}],"curies":[{"name":"wp","href":"https:\/\/api.w.org\/{rel}","templated":true}]}}