{"id":44472,"date":"2014-03-20T09:35:26","date_gmt":"2014-03-20T12:35:26","guid":{"rendered":"http:\/\/www.eltrabajo.cl\/portal\/?p=44472"},"modified":"2014-03-20T09:35:26","modified_gmt":"2014-03-20T12:35:26","slug":"vecinos-de-los-patos-aseguran-estar-sin-agua-potable-hace-varios-dias","status":"publish","type":"post","link":"https:\/\/eltrabajo.cl\/portal\/vecinos-de-los-patos-aseguran-estar-sin-agua-potable-hace-varios-dias\/","title":{"rendered":"Vecinos de Los Patos aseguran estar sin agua potable hace varios d\u00edas"},"content":{"rendered":"<figure id=\"attachment_44473\" aria-describedby=\"caption-attachment-44473\" style=\"width: 529px\" class=\"wp-caption alignnone\"><img data-recalc-dims=\"1\" loading=\"lazy\" decoding=\"async\" class=\"size-full wp-image-44473\" alt=\"El s\u00e1bado pasado el Gobernador Eduardo Le\u00f3n y el Alcalde Guillermo Reyes se constituyeron en el lugar, ocasi\u00f3n en que se anunci\u00f3 que Chilquinta pagar\u00eda los gastos por el arreglo de la matriz.\" src=\"https:\/\/i0.wp.com\/www.eltrabajo.cl\/portal\/wp-content\/uploads\/2014\/03\/AGUA-LOS-PATOS.jpg?resize=529%2C358\" width=\"529\" height=\"358\" srcset=\"https:\/\/i0.wp.com\/eltrabajo.cl\/portal\/wp-content\/uploads\/2014\/03\/AGUA-LOS-PATOS.jpg?w=529&amp;ssl=1 529w, https:\/\/i0.wp.com\/eltrabajo.cl\/portal\/wp-content\/uploads\/2014\/03\/AGUA-LOS-PATOS.jpg?resize=200%2C135&amp;ssl=1 200w, https:\/\/i0.wp.com\/eltrabajo.cl\/portal\/wp-content\/uploads\/2014\/03\/AGUA-LOS-PATOS.jpg?resize=300%2C203&amp;ssl=1 300w, https:\/\/i0.wp.com\/eltrabajo.cl\/portal\/wp-content\/uploads\/2014\/03\/AGUA-LOS-PATOS.jpg?resize=150%2C101&amp;ssl=1 150w, https:\/\/i0.wp.com\/eltrabajo.cl\/portal\/wp-content\/uploads\/2014\/03\/AGUA-LOS-PATOS.jpg?resize=400%2C270&amp;ssl=1 400w\" sizes=\"auto, (max-width: 529px) 100vw, 529px\" \/><\/a><figcaption id=\"caption-attachment-44473\" class=\"wp-caption-text\">El s\u00e1bado pasado el Gobernador Eduardo Le\u00f3n y el Alcalde Guillermo Reyes se constituyeron en el lugar, ocasi\u00f3n en que se anunci\u00f3 que Chilquinta pagar\u00eda los gastos por el arreglo de la matriz.<\/figcaption><\/figure>\n<p><strong>PUTAENDO<\/strong>.- Numerosos vecinos de la localidad de Los Patos asistieron al Concejo Municipal de Putaendo y se\u00f1alaron que llevan varios d\u00edas sin agua potable.<\/p>\n<p>Recordemos que a fines de la semana pasada, un cami\u00f3n quebr\u00f3 un poste del tendido el\u00e9ctrico y mientras personal de Chilquinta lo cambiaba, rompi\u00f3 una matriz de agua potable que dej\u00f3 sin el vital elemento a todo el sector Los Patos.<\/p>\n<p>El s\u00e1bado pasado el Gobernador Eduardo Le\u00f3n y el Alcalde Guillermo Reyes se constituyeron en el lugar y la primera autoridad de gobierno se\u00f1al\u00f3 que Chilquinta pagar\u00eda los gastos que demandar\u00eda el arreglo de la matriz, por lo que fueron iniciados los contactos con la empresa que ejecutar\u00edas las obras.<\/p>\n<p>En esa visita tambi\u00e9n se inform\u00f3 que camiones municipales junto al cami\u00f3n enviado por la gobernaci\u00f3n repartir\u00edan agua mientras era reparada la matriz.<\/p>\n<p>Hoy los vecinos aseguran que solo el s\u00e1bado repartieron agua y que el d\u00eda lunes el cami\u00f3n enviado por la gobernaci\u00f3n sufri\u00f3 un desperfecto y desde ese d\u00eda no ha vuelto a ir a dejar agua, por lo que hace tres d\u00edas que est\u00e1n sin agua potable y decidieron acudir hasta el Concejo Municipal para expresar su malestar y preocupaci\u00f3n.<\/p>\n<p>En el Concejo Municipal la situaci\u00f3n fue analizada y el Alcalde Guillermo Reyes se comunic\u00f3 telef\u00f3nicamente con el Gobernador Eduardo Le\u00f3n para que agilizara la llegada de la empresa contratista que debe reparar la matriz da\u00f1ada en Los Patos, lo que habr\u00eda derivado en que la autoridad provincial efectivamente contactara tanto a Chilquinta como a la empresa contratista para que eventualmente este jueves reparen en forma urgente la matriz y normalizar el suministro de agua potable para los vecinos.<\/p>\n<p>Patricio Gallardo M.<\/p>\n<p>&nbsp;<\/p>\n","protected":false},"excerpt":{"rendered":"<p>PUTAENDO.- Numerosos vecinos de la localidad de Los Patos asistieron al Concejo Municipal de Putaendo y se\u00f1alaron que llevan varios d\u00edas sin agua potable. Recordemos que a fines de la semana pasada,&#8230;<\/p>\n","protected":false},"author":482,"featured_media":44473,"comment_status":"open","ping_status":"closed","sticky":false,"template":"","format":"standard","meta":{"advanced_seo_description":"","jetpack_seo_html_title":"","jetpack_seo_noindex":false,"_jetpack_memberships_contains_paid_content":false,"footnotes":""},"categories":[1],"tags":[],"class_list":["post-44472","post","type-post","status-publish","format-standard","has-post-thumbnail","hentry","category-cronica"],"jetpack_featured_media_url":"https:\/\/i0.wp.com\/eltrabajo.cl\/portal\/wp-content\/uploads\/2014\/03\/AGUA-LOS-PATOS.jpg?fit=529%2C358&ssl=1","jetpack_sharing_enabled":true,"jetpack_likes_enabled":true,"jetpack-related-posts":[],"_links":{"self":[{"href":"https:\/\/eltrabajo.cl\/portal\/wp-json\/wp\/v2\/posts\/44472","targetHints":{"allow":["GET"]}}],"collection":[{"href":"https:\/\/eltrabajo.cl\/portal\/wp-json\/wp\/v2\/posts"}],"about":[{"href":"https:\/\/eltrabajo.cl\/portal\/wp-json\/wp\/v2\/types\/post"}],"author":[{"embeddable":true,"href":"https:\/\/eltrabajo.cl\/portal\/wp-json\/wp\/v2\/users\/482"}],"replies":[{"embeddable":true,"href":"https:\/\/eltrabajo.cl\/portal\/wp-json\/wp\/v2\/comments?post=44472"}],"version-history":[{"count":0,"href":"https:\/\/eltrabajo.cl\/portal\/wp-json\/wp\/v2\/posts\/44472\/revisions"}],"wp:featuredmedia":[{"embeddable":true,"href":"https:\/\/eltrabajo.cl\/portal\/wp-json\/wp\/v2\/media\/44473"}],"wp:attachment":[{"href":"https:\/\/eltrabajo.cl\/portal\/wp-json\/wp\/v2\/media?parent=44472"}],"wp:term":[{"taxonomy":"category","embeddable":true,"href":"https:\/\/eltrabajo.cl\/portal\/wp-json\/wp\/v2\/categories?post=44472"},{"taxonomy":"post_tag","embeddable":true,"href":"https:\/\/eltrabajo.cl\/portal\/wp-json\/wp\/v2\/tags?post=44472"}],"curies":[{"name":"wp","href":"https:\/\/api.w.org\/{rel}","templated":true}]}}