{"id":44478,"date":"2014-03-20T09:39:34","date_gmt":"2014-03-20T12:39:34","guid":{"rendered":"http:\/\/www.eltrabajo.cl\/portal\/?p=44478"},"modified":"2014-03-20T09:39:34","modified_gmt":"2014-03-20T12:39:34","slug":"escuela-buen-pastor-recibe-importante-aporte-de-multitienda-falabella","status":"publish","type":"post","link":"https:\/\/eltrabajo.cl\/portal\/escuela-buen-pastor-recibe-importante-aporte-de-multitienda-falabella\/","title":{"rendered":"Escuela Buen Pastor recibe importante aporte de multitienda Falabella"},"content":{"rendered":"<figure id=\"attachment_44479\" aria-describedby=\"caption-attachment-44479\" style=\"width: 529px\" class=\"wp-caption alignnone\"><img data-recalc-dims=\"1\" loading=\"lazy\" decoding=\"async\" class=\"size-full wp-image-44479\" alt=\"Alumnos del Buen Pastor junto a la Directora del establecimiento posan felices para Diario El Trabajo.\" src=\"https:\/\/i0.wp.com\/www.eltrabajo.cl\/portal\/wp-content\/uploads\/2014\/03\/buen-pastor-2.jpg?resize=529%2C401\" width=\"529\" height=\"401\" srcset=\"https:\/\/i0.wp.com\/eltrabajo.cl\/portal\/wp-content\/uploads\/2014\/03\/buen-pastor-2.jpg?w=529&amp;ssl=1 529w, https:\/\/i0.wp.com\/eltrabajo.cl\/portal\/wp-content\/uploads\/2014\/03\/buen-pastor-2.jpg?resize=197%2C150&amp;ssl=1 197w, https:\/\/i0.wp.com\/eltrabajo.cl\/portal\/wp-content\/uploads\/2014\/03\/buen-pastor-2.jpg?resize=300%2C227&amp;ssl=1 300w, https:\/\/i0.wp.com\/eltrabajo.cl\/portal\/wp-content\/uploads\/2014\/03\/buen-pastor-2.jpg?resize=150%2C113&amp;ssl=1 150w, https:\/\/i0.wp.com\/eltrabajo.cl\/portal\/wp-content\/uploads\/2014\/03\/buen-pastor-2.jpg?resize=400%2C303&amp;ssl=1 400w\" sizes=\"auto, (max-width: 529px) 100vw, 529px\" \/><\/a><figcaption id=\"caption-attachment-44479\" class=\"wp-caption-text\">Alumnos del Buen Pastor junto a la Directora del establecimiento posan felices para Diario El Trabajo.<\/figcaption><\/figure>\n<p>En el marco del programa \u2018Haciendo Escuela\u2019 que se extiende desde hace ya cinco a\u00f1os, y que apadrina a escuelas de diversas comunas del pa\u00eds, la multitienda Falabella realiz\u00f3 un importante aporte a los alumnos de la escuela Buen Pastor de la ciudad de San Felipe.<\/p>\n<p>El aporte consiste en la entrega de agendas escolares para todos los alumnos del establecimiento en el mes de marzo, adem\u00e1s de la entrega de calzado nuevo para los alumnos de primero b\u00e1sico. Debido a esto, es que la jornada del lunes 17 de marzo, la Direcci\u00f3n debi\u00f3 hacer llegar a los representantes de la empresa, la n\u00f3mina de los alumnos con sus respectivas medidas del calzado, para de esta manera concretar esta cooperaci\u00f3n durante la \u00faltima semana del mismo mes.<\/p>\n<figure id=\"attachment_44480\" aria-describedby=\"caption-attachment-44480\" style=\"width: 338px\" class=\"wp-caption alignright\"><a href=\"https:\/\/i0.wp.com\/www.eltrabajo.cl\/portal\/wp-content\/uploads\/2014\/03\/buen-pastor-1.jpg\"><img data-recalc-dims=\"1\" loading=\"lazy\" decoding=\"async\" class=\" wp-image-44480  \" alt=\"La multitienda entrega diferentes aportes que van en directo beneficio de los alumnos para el mejor desempe\u00f1o en su labor escolar.\" src=\"https:\/\/i0.wp.com\/www.eltrabajo.cl\/portal\/wp-content\/uploads\/2014\/03\/buen-pastor-1.jpg?resize=338%2C178\" width=\"338\" height=\"178\" srcset=\"https:\/\/i0.wp.com\/eltrabajo.cl\/portal\/wp-content\/uploads\/2014\/03\/buen-pastor-1.jpg?w=528&amp;ssl=1 528w, https:\/\/i0.wp.com\/eltrabajo.cl\/portal\/wp-content\/uploads\/2014\/03\/buen-pastor-1.jpg?resize=200%2C105&amp;ssl=1 200w, https:\/\/i0.wp.com\/eltrabajo.cl\/portal\/wp-content\/uploads\/2014\/03\/buen-pastor-1.jpg?resize=300%2C157&amp;ssl=1 300w, https:\/\/i0.wp.com\/eltrabajo.cl\/portal\/wp-content\/uploads\/2014\/03\/buen-pastor-1.jpg?resize=150%2C78&amp;ssl=1 150w, https:\/\/i0.wp.com\/eltrabajo.cl\/portal\/wp-content\/uploads\/2014\/03\/buen-pastor-1.jpg?resize=400%2C210&amp;ssl=1 400w\" sizes=\"auto, (max-width: 338px) 100vw, 338px\" \/><\/a><figcaption id=\"caption-attachment-44480\" class=\"wp-caption-text\">La multitienda entrega diferentes aportes que van en directo beneficio de los alumnos para el mejor desempe\u00f1o en su labor escolar.<\/figcaption><\/figure>\n<p>Pero esto no es todo, ya que durante todo el a\u00f1o est\u00e1n permanentemente realizando valiosos aportes al establecimiento, entre los que se cuenta lo que se hace en Semana Santa, cuando hacen llegar sus saludos, acompa\u00f1ados de chocolates para los ni\u00f1os y ni\u00f1as, adem\u00e1s de premiar todos los fines de a\u00f1o a los mejores resultados acad\u00e9micos de cada curso con la entrega de una Gift card, reconociendo tambi\u00e9n al mejor rendimiento de octavo con un Laptop.<\/p>\n<p>Para Cecilia Cornejo Fuentealba, Directora del establecimiento, los aportes que entrega la multitienda son de mucha importancia, se\u00f1alando que \u201cel invierno pasado nos remodelaron el comedor, aportando con microondas, pintura, cortinas, lo que signific\u00f3 un importante mejoramiento en beneficio de los ni\u00f1os, adem\u00e1s de poder participar de un programa de la fundaci\u00f3n Barnechea, quienes son contratados por la misma multitienda para asistirlos en un proyecto de lectura, que se implementa al interior del colegio, vi\u00e9ndose los resultados en la obtenci\u00f3n de la excelencia acad\u00e9mica, ya que un proyecto de lectura bien enfocado y orientado mejora los procesos del aprendizaje\u201d.<\/p>\n<p>El establecimiento, que en la actualidad entrega educaci\u00f3n b\u00e1sica a cerca de 400 alumnos de distintos puntos de la comuna de San Felipe, est\u00e1 consiguiendo muy buenos resultados acad\u00e9micos, siendo reconocido por el Ministerio de Educaci\u00f3n con la Excelencia Acad\u00e9mica, aportando de manera significativa a la formaci\u00f3n de los ni\u00f1os y ni\u00f1as de nuestra comuna, objetivos planteados por la actual administraci\u00f3n del Alcalde Patricio Freire Canto.<\/p>\n<p>&nbsp;<\/p>\n","protected":false},"excerpt":{"rendered":"<p>En el marco del programa \u2018Haciendo Escuela\u2019 que se extiende desde hace ya cinco a\u00f1os, y que apadrina a escuelas de diversas comunas del pa\u00eds, la multitienda Falabella realiz\u00f3 un importante aporte&#8230;<\/p>\n","protected":false},"author":482,"featured_media":44479,"comment_status":"open","ping_status":"closed","sticky":false,"template":"","format":"standard","meta":{"advanced_seo_description":"","jetpack_seo_html_title":"","jetpack_seo_noindex":false,"_jetpack_memberships_contains_paid_content":false,"footnotes":""},"categories":[1],"tags":[],"class_list":["post-44478","post","type-post","status-publish","format-standard","has-post-thumbnail","hentry","category-cronica"],"jetpack_featured_media_url":"https:\/\/i0.wp.com\/eltrabajo.cl\/portal\/wp-content\/uploads\/2014\/03\/buen-pastor-2.jpg?fit=529%2C401&ssl=1","jetpack_sharing_enabled":true,"jetpack_likes_enabled":true,"jetpack-related-posts":[],"_links":{"self":[{"href":"https:\/\/eltrabajo.cl\/portal\/wp-json\/wp\/v2\/posts\/44478","targetHints":{"allow":["GET"]}}],"collection":[{"href":"https:\/\/eltrabajo.cl\/portal\/wp-json\/wp\/v2\/posts"}],"about":[{"href":"https:\/\/eltrabajo.cl\/portal\/wp-json\/wp\/v2\/types\/post"}],"author":[{"embeddable":true,"href":"https:\/\/eltrabajo.cl\/portal\/wp-json\/wp\/v2\/users\/482"}],"replies":[{"embeddable":true,"href":"https:\/\/eltrabajo.cl\/portal\/wp-json\/wp\/v2\/comments?post=44478"}],"version-history":[{"count":0,"href":"https:\/\/eltrabajo.cl\/portal\/wp-json\/wp\/v2\/posts\/44478\/revisions"}],"wp:featuredmedia":[{"embeddable":true,"href":"https:\/\/eltrabajo.cl\/portal\/wp-json\/wp\/v2\/media\/44479"}],"wp:attachment":[{"href":"https:\/\/eltrabajo.cl\/portal\/wp-json\/wp\/v2\/media?parent=44478"}],"wp:term":[{"taxonomy":"category","embeddable":true,"href":"https:\/\/eltrabajo.cl\/portal\/wp-json\/wp\/v2\/categories?post=44478"},{"taxonomy":"post_tag","embeddable":true,"href":"https:\/\/eltrabajo.cl\/portal\/wp-json\/wp\/v2\/tags?post=44478"}],"curies":[{"name":"wp","href":"https:\/\/api.w.org\/{rel}","templated":true}]}}