{"id":44485,"date":"2014-03-20T09:41:38","date_gmt":"2014-03-20T12:41:38","guid":{"rendered":"http:\/\/www.eltrabajo.cl\/portal\/?p=44485"},"modified":"2014-03-20T09:41:38","modified_gmt":"2014-03-20T12:41:38","slug":"carabineros-inicio-campana-para-un-transporte-escolar-seguro","status":"publish","type":"post","link":"https:\/\/eltrabajo.cl\/portal\/carabineros-inicio-campana-para-un-transporte-escolar-seguro\/","title":{"rendered":"Carabineros inici\u00f3 campa\u00f1a para un transporte escolar seguro"},"content":{"rendered":"<figure id=\"attachment_44486\" aria-describedby=\"caption-attachment-44486\" style=\"width: 529px\" class=\"wp-caption alignnone\"><a href=\"https:\/\/i0.wp.com\/www.eltrabajo.cl\/portal\/wp-content\/uploads\/2014\/03\/TRANSPORTE-ESCOLAR-SEGURO-1.jpg\"><img data-recalc-dims=\"1\" loading=\"lazy\" decoding=\"async\" class=\"size-full wp-image-44486\" alt=\"Carabineros hizo un llamado a los automovilistas para que respeten el paso peatonal, pues algunos conductores solo se detienen al ver a un Carabinero.\" src=\"https:\/\/i0.wp.com\/www.eltrabajo.cl\/portal\/wp-content\/uploads\/2014\/03\/TRANSPORTE-ESCOLAR-SEGURO-1.jpg?resize=529%2C343\" width=\"529\" height=\"343\" srcset=\"https:\/\/i0.wp.com\/eltrabajo.cl\/portal\/wp-content\/uploads\/2014\/03\/TRANSPORTE-ESCOLAR-SEGURO-1.jpg?w=529&amp;ssl=1 529w, https:\/\/i0.wp.com\/eltrabajo.cl\/portal\/wp-content\/uploads\/2014\/03\/TRANSPORTE-ESCOLAR-SEGURO-1.jpg?resize=200%2C129&amp;ssl=1 200w, https:\/\/i0.wp.com\/eltrabajo.cl\/portal\/wp-content\/uploads\/2014\/03\/TRANSPORTE-ESCOLAR-SEGURO-1.jpg?resize=300%2C194&amp;ssl=1 300w, https:\/\/i0.wp.com\/eltrabajo.cl\/portal\/wp-content\/uploads\/2014\/03\/TRANSPORTE-ESCOLAR-SEGURO-1.jpg?resize=150%2C97&amp;ssl=1 150w, https:\/\/i0.wp.com\/eltrabajo.cl\/portal\/wp-content\/uploads\/2014\/03\/TRANSPORTE-ESCOLAR-SEGURO-1.jpg?resize=400%2C259&amp;ssl=1 400w\" sizes=\"auto, (max-width: 529px) 100vw, 529px\" \/><\/a><figcaption id=\"caption-attachment-44486\" class=\"wp-caption-text\">Carabineros hizo un llamado a los automovilistas para que respeten el paso peatonal, pues algunos conductores solo se detienen al ver a un Carabinero.<\/figcaption><\/figure>\n<p><strong>PUTAENDO.<\/strong>&#8211; Carabineros de Putaendo en el marco de la campa\u00f1a encabezada por la Prefectura de Aconcagua, inici\u00f3 la fiscalizaci\u00f3n a los veh\u00edculos de transporte escolar para en conjunto con los conductores y los padres tener un transporte escolar seguro.<\/p>\n<p>Los funcionarios de Carabineros comenzaron a entregar folletos a los conductores, entre las que se destacan las principales exigencias que los padres deben realizar al transportista escolar que desean contratar para el traslado de sus hijos.<\/p>\n<p>Esta informaci\u00f3n tambi\u00e9n fue entregada a los padres de los estudiantes de distintos establecimientos educacionales de Putaendo, a quienes se les pide verificar que el transportista escolar est\u00e9 inscrito en el registro nacional de transporte escolar y cuente con el certificado respectivo; que la capacidad m\u00e1xima de pasajeros del veh\u00edculo debe ser informada al interior del veh\u00edculo y respetada por el conductor, adem\u00e1s los asientos del veh\u00edculo deben ir hacia el frente y con un respaldo igual o superior a los 35 cent\u00edmetros y si viajan m\u00e1s de cinco ni\u00f1os preescolares, el conductor debe ir acompa\u00f1ado por un adulto.<\/p>\n<p>El Suboficial Mayor de Carabineros, Luis Campos Garay, dijo que continuar\u00e1n esta campa\u00f1a informativa hacia los padres y tambi\u00e9n hacia los conductores, adem\u00e1s se\u00f1al\u00f3 que personal policial est\u00e1 fiscalizando de manera exhaustiva tanto a los transportistas como a los veh\u00edculos para cerciorarse que cuenten con todas las medidas de seguridad y est\u00e9n en buenas condiciones para prestar este servicio tan importante a los estudiantes de Putaendo.<\/p>\n<p>Patricio Gallardo M.<\/p>\n","protected":false},"excerpt":{"rendered":"<p>PUTAENDO.&#8211; Carabineros de Putaendo en el marco de la campa\u00f1a encabezada por la Prefectura de Aconcagua, inici\u00f3 la fiscalizaci\u00f3n a los veh\u00edculos de transporte escolar para en conjunto con los conductores y&#8230;<\/p>\n","protected":false},"author":482,"featured_media":44486,"comment_status":"open","ping_status":"closed","sticky":false,"template":"","format":"standard","meta":{"advanced_seo_description":"","jetpack_seo_html_title":"","jetpack_seo_noindex":false,"_jetpack_memberships_contains_paid_content":false,"footnotes":""},"categories":[1],"tags":[],"class_list":["post-44485","post","type-post","status-publish","format-standard","has-post-thumbnail","hentry","category-cronica"],"jetpack_featured_media_url":"https:\/\/i0.wp.com\/eltrabajo.cl\/portal\/wp-content\/uploads\/2014\/03\/TRANSPORTE-ESCOLAR-SEGURO-1.jpg?fit=529%2C343&ssl=1","jetpack_sharing_enabled":true,"jetpack_likes_enabled":true,"jetpack-related-posts":[],"_links":{"self":[{"href":"https:\/\/eltrabajo.cl\/portal\/wp-json\/wp\/v2\/posts\/44485","targetHints":{"allow":["GET"]}}],"collection":[{"href":"https:\/\/eltrabajo.cl\/portal\/wp-json\/wp\/v2\/posts"}],"about":[{"href":"https:\/\/eltrabajo.cl\/portal\/wp-json\/wp\/v2\/types\/post"}],"author":[{"embeddable":true,"href":"https:\/\/eltrabajo.cl\/portal\/wp-json\/wp\/v2\/users\/482"}],"replies":[{"embeddable":true,"href":"https:\/\/eltrabajo.cl\/portal\/wp-json\/wp\/v2\/comments?post=44485"}],"version-history":[{"count":0,"href":"https:\/\/eltrabajo.cl\/portal\/wp-json\/wp\/v2\/posts\/44485\/revisions"}],"wp:featuredmedia":[{"embeddable":true,"href":"https:\/\/eltrabajo.cl\/portal\/wp-json\/wp\/v2\/media\/44486"}],"wp:attachment":[{"href":"https:\/\/eltrabajo.cl\/portal\/wp-json\/wp\/v2\/media?parent=44485"}],"wp:term":[{"taxonomy":"category","embeddable":true,"href":"https:\/\/eltrabajo.cl\/portal\/wp-json\/wp\/v2\/categories?post=44485"},{"taxonomy":"post_tag","embeddable":true,"href":"https:\/\/eltrabajo.cl\/portal\/wp-json\/wp\/v2\/tags?post=44485"}],"curies":[{"name":"wp","href":"https:\/\/api.w.org\/{rel}","templated":true}]}}