{"id":44488,"date":"2014-03-20T09:43:49","date_gmt":"2014-03-20T12:43:49","guid":{"rendered":"http:\/\/www.eltrabajo.cl\/portal\/?p=44488"},"modified":"2014-03-20T09:44:09","modified_gmt":"2014-03-20T12:44:09","slug":"empresa-de-secado-de-frutas-causa-problemas-a-familia-de-las-coimas","status":"publish","type":"post","link":"https:\/\/eltrabajo.cl\/portal\/empresa-de-secado-de-frutas-causa-problemas-a-familia-de-las-coimas\/","title":{"rendered":"Empresa de secado de frutas causa problemas a familia de Las Coimas"},"content":{"rendered":"<figure id=\"attachment_44489\" aria-describedby=\"caption-attachment-44489\" style=\"width: 529px\" class=\"wp-caption alignnone\"><img data-recalc-dims=\"1\" loading=\"lazy\" decoding=\"async\" class=\"size-full wp-image-44489\" alt=\"Varios vecinos de Las Coimas expresaron su preocupaci\u00f3n al Concejo Municipal por la instalaci\u00f3n de empresas que afectan su calidad de vida.\" src=\"https:\/\/i0.wp.com\/www.eltrabajo.cl\/portal\/wp-content\/uploads\/2014\/03\/DEUNUNCIA-EMPRESA-LAS-COIMAS-2.jpg?resize=529%2C274\" width=\"529\" height=\"274\" srcset=\"https:\/\/i0.wp.com\/eltrabajo.cl\/portal\/wp-content\/uploads\/2014\/03\/DEUNUNCIA-EMPRESA-LAS-COIMAS-2.jpg?w=529&amp;ssl=1 529w, https:\/\/i0.wp.com\/eltrabajo.cl\/portal\/wp-content\/uploads\/2014\/03\/DEUNUNCIA-EMPRESA-LAS-COIMAS-2.jpg?resize=200%2C103&amp;ssl=1 200w, https:\/\/i0.wp.com\/eltrabajo.cl\/portal\/wp-content\/uploads\/2014\/03\/DEUNUNCIA-EMPRESA-LAS-COIMAS-2.jpg?resize=300%2C155&amp;ssl=1 300w, https:\/\/i0.wp.com\/eltrabajo.cl\/portal\/wp-content\/uploads\/2014\/03\/DEUNUNCIA-EMPRESA-LAS-COIMAS-2.jpg?resize=150%2C77&amp;ssl=1 150w, https:\/\/i0.wp.com\/eltrabajo.cl\/portal\/wp-content\/uploads\/2014\/03\/DEUNUNCIA-EMPRESA-LAS-COIMAS-2.jpg?resize=400%2C207&amp;ssl=1 400w\" sizes=\"auto, (max-width: 529px) 100vw, 529px\" \/><\/a><figcaption id=\"caption-attachment-44489\" class=\"wp-caption-text\">Varios vecinos de Las Coimas expresaron su preocupaci\u00f3n al Concejo Municipal por la instalaci\u00f3n de empresas que afectan su calidad de vida.<\/figcaption><\/figure>\n<p><strong>PUTAENDO.<\/strong>&#8211; Una preocupante y dram\u00e1tica situaci\u00f3n est\u00e1 viviendo una familia del sector Las Coimas debido a que una empresa dedicada al secado de frutas le genera una constante contaminaci\u00f3n ac\u00fastica y malos olores entre otros inconvenientes.<\/p>\n<p>La se\u00f1ora Nancy Ibaceta es una de las vecinas m\u00e1s afectadas por la empresa InverPro Ltda., ya que su vivienda se encuentra pareada a la empresa y asegura que a diario vive los constantes ruidos y vibraciones que se generan en su casa, sobre todo en horas de la noche, a lo que se suma que la empresa ha superado casi en el doble el l\u00edmite permitido por la ley en lo relacionado a lo adosada que est\u00e1 la empresa a su casa e incluso las aguas lluvias de las estructuras de InverPro caen hasta el patio de su vivienda.<\/p>\n<figure id=\"attachment_44490\" aria-describedby=\"caption-attachment-44490\" style=\"width: 317px\" class=\"wp-caption alignright\"><a href=\"https:\/\/i0.wp.com\/www.eltrabajo.cl\/portal\/wp-content\/uploads\/2014\/03\/DEUNUNCIA-EMPRESA-LAS-COIMAS-4.jpg\"><img data-recalc-dims=\"1\" loading=\"lazy\" decoding=\"async\" class=\" wp-image-44490 \" alt=\"Nancy Ibaceta es una de las vecinas m\u00e1s afectadas por la empresa InverPro Ltda., ya que su vivienda se encuentra pareada a la empresa.\" src=\"https:\/\/i0.wp.com\/www.eltrabajo.cl\/portal\/wp-content\/uploads\/2014\/03\/DEUNUNCIA-EMPRESA-LAS-COIMAS-4.jpg?resize=317%2C215\" width=\"317\" height=\"215\" srcset=\"https:\/\/i0.wp.com\/eltrabajo.cl\/portal\/wp-content\/uploads\/2014\/03\/DEUNUNCIA-EMPRESA-LAS-COIMAS-4.jpg?w=528&amp;ssl=1 528w, https:\/\/i0.wp.com\/eltrabajo.cl\/portal\/wp-content\/uploads\/2014\/03\/DEUNUNCIA-EMPRESA-LAS-COIMAS-4.jpg?resize=200%2C135&amp;ssl=1 200w, https:\/\/i0.wp.com\/eltrabajo.cl\/portal\/wp-content\/uploads\/2014\/03\/DEUNUNCIA-EMPRESA-LAS-COIMAS-4.jpg?resize=300%2C203&amp;ssl=1 300w, https:\/\/i0.wp.com\/eltrabajo.cl\/portal\/wp-content\/uploads\/2014\/03\/DEUNUNCIA-EMPRESA-LAS-COIMAS-4.jpg?resize=150%2C101&amp;ssl=1 150w, https:\/\/i0.wp.com\/eltrabajo.cl\/portal\/wp-content\/uploads\/2014\/03\/DEUNUNCIA-EMPRESA-LAS-COIMAS-4.jpg?resize=400%2C271&amp;ssl=1 400w\" sizes=\"auto, (max-width: 317px) 100vw, 317px\" \/><\/a><figcaption id=\"caption-attachment-44490\" class=\"wp-caption-text\">Nancy Ibaceta es una de las vecinas m\u00e1s afectadas por la empresa InverPro Ltda., ya que su vivienda se encuentra pareada a la empresa.<\/figcaption><\/figure>\n<p>Nancy Ibaceta se\u00f1ala que la empresa desde octubre del a\u00f1o pasado instal\u00f3 c\u00e1maras refrigeradoras que constantemente ocupan y que incluso debido a sus m\u00faltiples denuncias la Seremi de Salud fiscaliz\u00f3 la empresa, la que habr\u00eda argumentado que estos refrigeradores no son ocupados, lo que la mujer califica como una falsedad, pues durante el d\u00eda y la noche est\u00e1n en funcionamiento. Adem\u00e1s dijo que esta empresa comenz\u00f3 con peque\u00f1as bodegas y hoy se ha expandido de manera considerable, y que incluso no cuenta con los permisos correspondientes por parte del Departamento de Obras de la Municipalidad de Putaendo.<\/p>\n<p>La denunciante acudi\u00f3 hasta el Concejo Municipal de Putaendo la ma\u00f1ana de este mi\u00e9rcoles y expuso su situaci\u00f3n a los ediles y el Director de Obras le indic\u00f3 que en ese sector no hay plan regulador, por lo que si la empresa cumple con todas las normativas que exige la ley, la municipalidad solo se remite a verificar las construcciones y debe autorizar el funcionamiento de esas empresas, y en el caso puntual de la se\u00f1ora Nancy se\u00f1al\u00f3 que efectivamente la empresa tiene un plazo perentorio que vence hoy jueves para presentar los planos con las correcciones a las fiscalizaciones que se le realizaron, pues efectivamente esta empresa est\u00e1 adosada a la propiedad m\u00e1s all\u00e1 de lo que permite la ley, lo que debe ser corregido por la empresa.<\/p>\n<p>El Concejo Municipal acord\u00f3 dar un plazo \u00faltimo a InverPro para que en seis meses saquen las estructuras que est\u00e1n adosadas a la vivienda, sino se proceder\u00e1 a la clausura de la empresa y si \u00e9sta no presenta los antecedentes el jueves 20 de marzo se dar\u00e1 cuenta al Juzgado de Polic\u00eda Local.<\/p>\n<p>La se\u00f1ora Nancy hizo un llamado a las autoridades de salud para que se constituyan en el lugar, sobre todo en horas de la noche, verifiquen y monitoreen los ruidos molestos y los malos olores, adem\u00e1s indic\u00f3 que ni siquiera los temblores se sienten en su casa producto de las vibraciones que generan las m\u00e1quinas de la empresa.<\/p>\n<p>&nbsp;<\/p>\n<p>RE\u00daNEN FIRMAS<\/p>\n<p>Los vecinos de Las Coimas se encuentran recolectando firmas para pedir que no se autoricen m\u00e1s a empresas o industrias para que se instalen en ese sector, luego que la misma afectada pr\u00e1cticamente quedara entre dos empresas una vez que Valle Verde comience a trabajar en una propiedad que compr\u00f3 frente al Monumento al Combate de Las Coimas, por lo que tambi\u00e9n pidieron a las autoridades municipales buscar la manera de no autorizar que se instalen m\u00e1s industrias en Las Coimas, lo que depender\u00e1 del eventual nuevo plan regulador de la comuna de Putaendo.<\/p>\n<p>La presidenta del Comit\u00e9 de Agua Potable Rural (APR) de Las Coimas, J\u00e9ssica Vega, dijo que su comit\u00e9 no entregar\u00e1 arranques de agua para empresas, pues la prioridad son los arranques domiciliarios e incluso hay 70 familias que est\u00e1n esperando la disponibilidad de arranques domiciliarios, adem\u00e1s dej\u00f3 en claro que no es un tema personal pero que el APR no tiene capacidad t\u00e9cnica de entregar arranques a nuevas empresas.<\/p>\n<p>En este sentido, el alcalde Guillermo Reyes solicit\u00f3 a la presidenta del APR que se asesore por los abogados de la DOH para tener la certeza si la entidad puede o no retirar los arranques de agua potable a las empresas que ya est\u00e1n funcionando en Las Coimas, mientras que el Concejal Carlos Gallardo asegur\u00f3 que lleg\u00f3 el momento de buscar la forma legal de parar las autorizaciones a m\u00e1s empresas que se quieran instalar en Las Coimas, pues indic\u00f3 que el da\u00f1o que est\u00e1n ocasionando a los vecinos es incalculable.<\/p>\n<p>Patricio Gallardo M.<\/p>\n<p>&nbsp;<\/p>\n","protected":false},"excerpt":{"rendered":"<p>PUTAENDO.&#8211; Una preocupante y dram\u00e1tica situaci\u00f3n est\u00e1 viviendo una familia del sector Las Coimas debido a que una empresa dedicada al secado de frutas le genera una constante contaminaci\u00f3n ac\u00fastica y malos&#8230;<\/p>\n","protected":false},"author":482,"featured_media":44489,"comment_status":"open","ping_status":"closed","sticky":false,"template":"","format":"standard","meta":{"advanced_seo_description":"","jetpack_seo_html_title":"","jetpack_seo_noindex":false,"_jetpack_memberships_contains_paid_content":false,"footnotes":""},"categories":[15],"tags":[],"class_list":["post-44488","post","type-post","status-publish","format-standard","has-post-thumbnail","hentry","category-comunidad"],"jetpack_featured_media_url":"https:\/\/i0.wp.com\/eltrabajo.cl\/portal\/wp-content\/uploads\/2014\/03\/DEUNUNCIA-EMPRESA-LAS-COIMAS-2.jpg?fit=529%2C274&ssl=1","jetpack_sharing_enabled":true,"jetpack_likes_enabled":true,"jetpack-related-posts":[],"_links":{"self":[{"href":"https:\/\/eltrabajo.cl\/portal\/wp-json\/wp\/v2\/posts\/44488","targetHints":{"allow":["GET"]}}],"collection":[{"href":"https:\/\/eltrabajo.cl\/portal\/wp-json\/wp\/v2\/posts"}],"about":[{"href":"https:\/\/eltrabajo.cl\/portal\/wp-json\/wp\/v2\/types\/post"}],"author":[{"embeddable":true,"href":"https:\/\/eltrabajo.cl\/portal\/wp-json\/wp\/v2\/users\/482"}],"replies":[{"embeddable":true,"href":"https:\/\/eltrabajo.cl\/portal\/wp-json\/wp\/v2\/comments?post=44488"}],"version-history":[{"count":0,"href":"https:\/\/eltrabajo.cl\/portal\/wp-json\/wp\/v2\/posts\/44488\/revisions"}],"wp:featuredmedia":[{"embeddable":true,"href":"https:\/\/eltrabajo.cl\/portal\/wp-json\/wp\/v2\/media\/44489"}],"wp:attachment":[{"href":"https:\/\/eltrabajo.cl\/portal\/wp-json\/wp\/v2\/media?parent=44488"}],"wp:term":[{"taxonomy":"category","embeddable":true,"href":"https:\/\/eltrabajo.cl\/portal\/wp-json\/wp\/v2\/categories?post=44488"},{"taxonomy":"post_tag","embeddable":true,"href":"https:\/\/eltrabajo.cl\/portal\/wp-json\/wp\/v2\/tags?post=44488"}],"curies":[{"name":"wp","href":"https:\/\/api.w.org\/{rel}","templated":true}]}}