{"id":44494,"date":"2014-03-20T09:47:43","date_gmt":"2014-03-20T12:47:43","guid":{"rendered":"http:\/\/www.eltrabajo.cl\/portal\/?p=44494"},"modified":"2014-03-20T09:47:43","modified_gmt":"2014-03-20T12:47:43","slug":"hampa-pone-de-rodillas-a-comerciantes-sin-que-alguien-les-proteja","status":"publish","type":"post","link":"https:\/\/eltrabajo.cl\/portal\/hampa-pone-de-rodillas-a-comerciantes-sin-que-alguien-les-proteja\/","title":{"rendered":"Hampa pone de rodillas a comerciantes sin que alguien les proteja"},"content":{"rendered":"<figure id=\"attachment_44495\" aria-describedby=\"caption-attachment-44495\" style=\"width: 529px\" class=\"wp-caption alignnone\"><a href=\"https:\/\/i0.wp.com\/www.eltrabajo.cl\/portal\/wp-content\/uploads\/2014\/03\/clarines1.jpg\"><img data-recalc-dims=\"1\" loading=\"lazy\" decoding=\"async\" class=\"size-full wp-image-44495\" alt=\"Como la tienda se encuentra en proceso de remodelaci\u00f3n, los delincuentes no pudieron encontrar nada de valor.\" src=\"https:\/\/i0.wp.com\/www.eltrabajo.cl\/portal\/wp-content\/uploads\/2014\/03\/clarines1.jpg?resize=529%2C401\" width=\"529\" height=\"401\" srcset=\"https:\/\/i0.wp.com\/eltrabajo.cl\/portal\/wp-content\/uploads\/2014\/03\/clarines1.jpg?w=529&amp;ssl=1 529w, https:\/\/i0.wp.com\/eltrabajo.cl\/portal\/wp-content\/uploads\/2014\/03\/clarines1.jpg?resize=197%2C150&amp;ssl=1 197w, https:\/\/i0.wp.com\/eltrabajo.cl\/portal\/wp-content\/uploads\/2014\/03\/clarines1.jpg?resize=300%2C227&amp;ssl=1 300w, https:\/\/i0.wp.com\/eltrabajo.cl\/portal\/wp-content\/uploads\/2014\/03\/clarines1.jpg?resize=150%2C113&amp;ssl=1 150w, https:\/\/i0.wp.com\/eltrabajo.cl\/portal\/wp-content\/uploads\/2014\/03\/clarines1.jpg?resize=400%2C303&amp;ssl=1 400w\" sizes=\"auto, (max-width: 529px) 100vw, 529px\" \/><\/a><figcaption id=\"caption-attachment-44495\" class=\"wp-caption-text\">Como la tienda se encuentra en proceso de remodelaci\u00f3n, los delincuentes no pudieron encontrar nada de valor.<\/figcaption><\/figure>\n<p><strong>LOS ANDES<\/strong>.- Un nuevo robo afect\u00f3 a un local comercial del centro de la ciudad de Los Andes, evidenciando la impunidad con que est\u00e1n actuando los delincuentes. En este caso el local afectado corresponde a la reconocida tienda de ropa de huaso \u201cLos Clarines\u201d, ubicada en la esquina de calles Maip\u00fa y Tres Carrera. Seg\u00fan lo informado por su propietaria, Loreto Zumaeta, en horas de la madrugada de este mi\u00e9rcoles, desconocidos reventaron los candados de la cortina met\u00e1lica ubicada por Calle Tres Carrera.<\/p>\n<figure id=\"attachment_44496\" aria-describedby=\"caption-attachment-44496\" style=\"width: 317px\" class=\"wp-caption alignright\"><a href=\"https:\/\/i0.wp.com\/www.eltrabajo.cl\/portal\/wp-content\/uploads\/2014\/03\/Candados1.jpg\"><img data-recalc-dims=\"1\" loading=\"lazy\" decoding=\"async\" class=\" wp-image-44496 \" alt=\"La madrugada de este mi\u00e9rcoles, desconocidos reventaron los candados de la cortina met\u00e1lica ubicada por Calle Tres Carrera.\" src=\"https:\/\/i0.wp.com\/www.eltrabajo.cl\/portal\/wp-content\/uploads\/2014\/03\/Candados1.jpg?resize=317%2C241\" width=\"317\" height=\"241\" srcset=\"https:\/\/i0.wp.com\/eltrabajo.cl\/portal\/wp-content\/uploads\/2014\/03\/Candados1.jpg?w=529&amp;ssl=1 529w, https:\/\/i0.wp.com\/eltrabajo.cl\/portal\/wp-content\/uploads\/2014\/03\/Candados1.jpg?resize=197%2C150&amp;ssl=1 197w, https:\/\/i0.wp.com\/eltrabajo.cl\/portal\/wp-content\/uploads\/2014\/03\/Candados1.jpg?resize=300%2C227&amp;ssl=1 300w, https:\/\/i0.wp.com\/eltrabajo.cl\/portal\/wp-content\/uploads\/2014\/03\/Candados1.jpg?resize=150%2C113&amp;ssl=1 150w, https:\/\/i0.wp.com\/eltrabajo.cl\/portal\/wp-content\/uploads\/2014\/03\/Candados1.jpg?resize=400%2C303&amp;ssl=1 400w\" sizes=\"auto, (max-width: 317px) 100vw, 317px\" \/><\/a><figcaption id=\"caption-attachment-44496\" class=\"wp-caption-text\">La madrugada de este mi\u00e9rcoles, desconocidos reventaron los candados de la cortina met\u00e1lica ubicada por Calle Tres Carrera.<\/figcaption><\/figure>\n<p>Sin embargo, como la tienda se encuentra en proceso de remodelaci\u00f3n, los delincuentes no pudieron encontrar nada de valor. Loreto Zumaeta dijo que los antisociales tampoco llegaron hasta el segundo piso, pero si se habr\u00edan llevado unas pocas monedas que hab\u00eda en una caja. En una casa contigua al local residen los padres de la propietaria de Los Clarines y a pesar de que la nana sinti\u00f3 ruidos, pens\u00f3 que proven\u00edan de un local del frente y por eso no llam\u00f3 a la Polic\u00eda.<\/p>\n<p>Si bien los delincuentes se fueron con las manos vac\u00edas, no deja de preocupar la impunidad con que est\u00e1n actuando los delincuentes en el centro de la ciudad, sobre todo en las noches a pesar que Carabineros insiste en que se realizan rondas permanentes en la madrugada.<\/p>\n","protected":false},"excerpt":{"rendered":"<p>LOS ANDES.- Un nuevo robo afect\u00f3 a un local comercial del centro de la ciudad de Los Andes, evidenciando la impunidad con que est\u00e1n actuando los delincuentes. En este caso el local&#8230;<\/p>\n","protected":false},"author":482,"featured_media":44495,"comment_status":"open","ping_status":"closed","sticky":false,"template":"","format":"standard","meta":{"advanced_seo_description":"","jetpack_seo_html_title":"","jetpack_seo_noindex":false,"_jetpack_memberships_contains_paid_content":false,"footnotes":""},"categories":[21],"tags":[],"class_list":["post-44494","post","type-post","status-publish","format-standard","has-post-thumbnail","hentry","category-policial"],"jetpack_featured_media_url":"https:\/\/i0.wp.com\/eltrabajo.cl\/portal\/wp-content\/uploads\/2014\/03\/clarines1.jpg?fit=529%2C401&ssl=1","jetpack_sharing_enabled":true,"jetpack_likes_enabled":true,"jetpack-related-posts":[],"_links":{"self":[{"href":"https:\/\/eltrabajo.cl\/portal\/wp-json\/wp\/v2\/posts\/44494","targetHints":{"allow":["GET"]}}],"collection":[{"href":"https:\/\/eltrabajo.cl\/portal\/wp-json\/wp\/v2\/posts"}],"about":[{"href":"https:\/\/eltrabajo.cl\/portal\/wp-json\/wp\/v2\/types\/post"}],"author":[{"embeddable":true,"href":"https:\/\/eltrabajo.cl\/portal\/wp-json\/wp\/v2\/users\/482"}],"replies":[{"embeddable":true,"href":"https:\/\/eltrabajo.cl\/portal\/wp-json\/wp\/v2\/comments?post=44494"}],"version-history":[{"count":0,"href":"https:\/\/eltrabajo.cl\/portal\/wp-json\/wp\/v2\/posts\/44494\/revisions"}],"wp:featuredmedia":[{"embeddable":true,"href":"https:\/\/eltrabajo.cl\/portal\/wp-json\/wp\/v2\/media\/44495"}],"wp:attachment":[{"href":"https:\/\/eltrabajo.cl\/portal\/wp-json\/wp\/v2\/media?parent=44494"}],"wp:term":[{"taxonomy":"category","embeddable":true,"href":"https:\/\/eltrabajo.cl\/portal\/wp-json\/wp\/v2\/categories?post=44494"},{"taxonomy":"post_tag","embeddable":true,"href":"https:\/\/eltrabajo.cl\/portal\/wp-json\/wp\/v2\/tags?post=44494"}],"curies":[{"name":"wp","href":"https:\/\/api.w.org\/{rel}","templated":true}]}}