{"id":44502,"date":"2014-03-20T09:52:48","date_gmt":"2014-03-20T12:52:48","guid":{"rendered":"http:\/\/www.eltrabajo.cl\/portal\/?p=44502"},"modified":"2014-03-20T09:52:48","modified_gmt":"2014-03-20T12:52:48","slug":"constanza-espinoza-habla-de-anhelos-profesionales-y-su-dicha-de-ser-madre","status":"publish","type":"post","link":"https:\/\/eltrabajo.cl\/portal\/constanza-espinoza-habla-de-anhelos-profesionales-y-su-dicha-de-ser-madre\/","title":{"rendered":"Constanza Espinoza habla de anhelos profesionales y su dicha de ser madre"},"content":{"rendered":"<figure id=\"attachment_44503\" aria-describedby=\"caption-attachment-44503\" style=\"width: 529px\" class=\"wp-caption alignnone\"><a href=\"https:\/\/i0.wp.com\/www.eltrabajo.cl\/portal\/wp-content\/uploads\/2014\/03\/Cabina1.jpg\"><img data-recalc-dims=\"1\" loading=\"lazy\" decoding=\"async\" class=\"size-full wp-image-44503\" alt=\"AL AIRE.- En Radio 10 estos m\u00fasicos compartieron sus vivencias con los auditores de la FM m\u00e1s completa del Valle de Aconcagua.\" src=\"https:\/\/i0.wp.com\/www.eltrabajo.cl\/portal\/wp-content\/uploads\/2014\/03\/Cabina1.jpg?resize=529%2C358\" width=\"529\" height=\"358\" srcset=\"https:\/\/i0.wp.com\/eltrabajo.cl\/portal\/wp-content\/uploads\/2014\/03\/Cabina1.jpg?w=529&amp;ssl=1 529w, https:\/\/i0.wp.com\/eltrabajo.cl\/portal\/wp-content\/uploads\/2014\/03\/Cabina1.jpg?resize=200%2C135&amp;ssl=1 200w, https:\/\/i0.wp.com\/eltrabajo.cl\/portal\/wp-content\/uploads\/2014\/03\/Cabina1.jpg?resize=300%2C203&amp;ssl=1 300w, https:\/\/i0.wp.com\/eltrabajo.cl\/portal\/wp-content\/uploads\/2014\/03\/Cabina1.jpg?resize=150%2C101&amp;ssl=1 150w, https:\/\/i0.wp.com\/eltrabajo.cl\/portal\/wp-content\/uploads\/2014\/03\/Cabina1.jpg?resize=400%2C270&amp;ssl=1 400w\" sizes=\"auto, (max-width: 529px) 100vw, 529px\" \/><\/a><figcaption id=\"caption-attachment-44503\" class=\"wp-caption-text\">AL AIRE.- En Radio 10 estos m\u00fasicos compartieron sus vivencias con los auditores de la FM m\u00e1s completa del Valle de Aconcagua.<\/figcaption><\/figure>\n<ul>\n<li><strong>J\u00f3venes productores musicales inician empresa de grabaci\u00f3n con un rotundo \u00e9xito en este 2014. Arpegio Producciones ya trabaja con m\u00fasicos de la provincia y la regi\u00f3n.<\/strong><\/li>\n<\/ul>\n<p>Luego que Constanza Espinoza ganara recientemente el Festival Palmenia Pizarro 2014 con el tema musical \u2018T\u00fa\u2019, en Diario El Trabajo le consultamos c\u00f3mo se las ingeni\u00f3 para escribir la letra de la misma. Esta joven cantante sorprendi\u00f3 a todos los presentes cuando subi\u00f3 al escenario en compa\u00f1\u00eda de dos m\u00fasicos sanfelipe\u00f1os e hicieron de las suyas con un tema original, mismo que finalmente obtuvo el primer lugar.<\/p>\n<p><strong>&#8211; \u00bfDesde cu\u00e1ndo cantas y d\u00f3nde te formaste como artista?<\/strong><\/p>\n<p>&#8211; \u00abYo canto desde muy chica, estudi\u00e9 Derecho tres a\u00f1os en Vi\u00f1a del Mar, dej\u00e9 mis estudios para entrar a la Academia Luis Jara, cuando termin\u00e9 mis estudios profesionales en esa academia, me dedicar\u00e9 de manera firme a realizar proyectos art\u00edsticos\u00bb.<\/p>\n<p><strong>&#8211; \u00bfC\u00f3mo te inspiraste para escribir la letra de \u2018T\u00fa\u2019?<\/strong><\/p>\n<p>&#8211; \u00abSiempre he so\u00f1ado con cantar Soul y Jazz, aunque siempre he cantado baladas rom\u00e1nticas, la canci\u00f3n \u2018T\u00fa\u2019, con la que gan\u00e9 el festival, naci\u00f3 a la semana de haber tenido a mi guagua Isidora, mi beb\u00e9 estaba durmiendo y en ese momento escrib\u00ed la canci\u00f3n\u00bb.<\/p>\n<p><strong>&#8211; \u00bfC\u00f3mo se reparten los cr\u00e9ditos de este trabajo?<\/strong><\/p>\n<p>&#8211; \u00abSi bien es cierto que esta es mi letra, la m\u00fasica es original de ellos, mis m\u00fasicos Yan Lazcano y Felipe \u2018Tomate\u2019 Castro, quienes est\u00e1n al frente tambi\u00e9n de Arpegio Producciones, empresa con la que est\u00e1n ya trabajando con artistas locales y regionales\u00bb.<\/p>\n<figure id=\"attachment_44504\" aria-describedby=\"caption-attachment-44504\" style=\"width: 422px\" class=\"wp-caption alignright\"><a href=\"https:\/\/i0.wp.com\/www.eltrabajo.cl\/portal\/wp-content\/uploads\/2014\/03\/MUSICOS1.jpg\"><img data-recalc-dims=\"1\" loading=\"lazy\" decoding=\"async\" class=\" wp-image-44504 \" alt=\"EL TR\u00cdO.- Felipe \u2018Tomate\u2019 Castro, Constanza Espinoza y Yan Lazcano, caminan ahora juntos hacia la realizaci\u00f3n art\u00edstica. \" src=\"https:\/\/i0.wp.com\/www.eltrabajo.cl\/portal\/wp-content\/uploads\/2014\/03\/MUSICOS1.jpg?resize=422%2C249\" width=\"422\" height=\"249\" srcset=\"https:\/\/i0.wp.com\/eltrabajo.cl\/portal\/wp-content\/uploads\/2014\/03\/MUSICOS1.jpg?w=528&amp;ssl=1 528w, https:\/\/i0.wp.com\/eltrabajo.cl\/portal\/wp-content\/uploads\/2014\/03\/MUSICOS1.jpg?resize=200%2C117&amp;ssl=1 200w, https:\/\/i0.wp.com\/eltrabajo.cl\/portal\/wp-content\/uploads\/2014\/03\/MUSICOS1.jpg?resize=300%2C176&amp;ssl=1 300w, https:\/\/i0.wp.com\/eltrabajo.cl\/portal\/wp-content\/uploads\/2014\/03\/MUSICOS1.jpg?resize=150%2C88&amp;ssl=1 150w, https:\/\/i0.wp.com\/eltrabajo.cl\/portal\/wp-content\/uploads\/2014\/03\/MUSICOS1.jpg?resize=400%2C235&amp;ssl=1 400w\" sizes=\"auto, (max-width: 422px) 100vw, 422px\" \/><\/a><figcaption id=\"caption-attachment-44504\" class=\"wp-caption-text\">EL TR\u00cdO.- Felipe \u2018Tomate\u2019 Castro, Constanza Espinoza y Yan Lazcano, caminan ahora juntos hacia la realizaci\u00f3n art\u00edstica.<\/figcaption><\/figure>\n<p><strong>LOS PRODUCTORES<\/strong><\/p>\n<p>Diario El Trabajo habl\u00f3 con estos m\u00fasicos locales a fin de conocer los planes de Arpegio Producciones en la provincia. Felipe \u2018Tomate\u2019 Castro explic\u00f3 a nuestro medio que \u00abnos conocemos con ella desde hace tiempo, cuando escuchamos a Constanza en nuestro estudio de grabaci\u00f3n, decidimos producir el tema y participar con ella tambi\u00e9n en el festival, nos llev\u00f3 un mes producirla y pudimos entregarla el d\u00eda indicado por los organizadores\u00bb, coment\u00f3 el baterista Felipe Castro.<\/p>\n<p>Por su parte, Yan Lazcano explic\u00f3 que \u00abaqu\u00ed lo sorpresivo para nosotros como productores, es que hace tres meses empezamos con nuestro estudio de grabaci\u00f3n, y este tema es nuestro primer trabajo, empezamos ganando un festival, eso nos tiene muy alegres\u00bb.<\/p>\n<p>Roberto Gonz\u00e1lez Short<\/p>\n<p>rgonzalez@eltrabajo.cl<\/p>\n<p>&nbsp;<\/p>\n","protected":false},"excerpt":{"rendered":"<p>J\u00f3venes productores musicales inician empresa de grabaci\u00f3n con un rotundo \u00e9xito en este 2014. Arpegio Producciones ya trabaja con m\u00fasicos de la provincia y la regi\u00f3n. Luego que Constanza Espinoza ganara recientemente&#8230;<\/p>\n","protected":false},"author":482,"featured_media":44503,"comment_status":"open","ping_status":"closed","sticky":false,"template":"","format":"standard","meta":{"advanced_seo_description":"","jetpack_seo_html_title":"","jetpack_seo_noindex":false,"_jetpack_memberships_contains_paid_content":false,"footnotes":""},"categories":[15],"tags":[],"class_list":["post-44502","post","type-post","status-publish","format-standard","has-post-thumbnail","hentry","category-comunidad"],"jetpack_featured_media_url":"https:\/\/i0.wp.com\/eltrabajo.cl\/portal\/wp-content\/uploads\/2014\/03\/Cabina1.jpg?fit=529%2C358&ssl=1","jetpack_sharing_enabled":true,"jetpack_likes_enabled":true,"jetpack-related-posts":[],"_links":{"self":[{"href":"https:\/\/eltrabajo.cl\/portal\/wp-json\/wp\/v2\/posts\/44502","targetHints":{"allow":["GET"]}}],"collection":[{"href":"https:\/\/eltrabajo.cl\/portal\/wp-json\/wp\/v2\/posts"}],"about":[{"href":"https:\/\/eltrabajo.cl\/portal\/wp-json\/wp\/v2\/types\/post"}],"author":[{"embeddable":true,"href":"https:\/\/eltrabajo.cl\/portal\/wp-json\/wp\/v2\/users\/482"}],"replies":[{"embeddable":true,"href":"https:\/\/eltrabajo.cl\/portal\/wp-json\/wp\/v2\/comments?post=44502"}],"version-history":[{"count":0,"href":"https:\/\/eltrabajo.cl\/portal\/wp-json\/wp\/v2\/posts\/44502\/revisions"}],"wp:featuredmedia":[{"embeddable":true,"href":"https:\/\/eltrabajo.cl\/portal\/wp-json\/wp\/v2\/media\/44503"}],"wp:attachment":[{"href":"https:\/\/eltrabajo.cl\/portal\/wp-json\/wp\/v2\/media?parent=44502"}],"wp:term":[{"taxonomy":"category","embeddable":true,"href":"https:\/\/eltrabajo.cl\/portal\/wp-json\/wp\/v2\/categories?post=44502"},{"taxonomy":"post_tag","embeddable":true,"href":"https:\/\/eltrabajo.cl\/portal\/wp-json\/wp\/v2\/tags?post=44502"}],"curies":[{"name":"wp","href":"https:\/\/api.w.org\/{rel}","templated":true}]}}