{"id":44507,"date":"2014-03-20T09:53:40","date_gmt":"2014-03-20T12:53:40","guid":{"rendered":"http:\/\/www.eltrabajo.cl\/portal\/?p=44507"},"modified":"2014-03-20T09:53:40","modified_gmt":"2014-03-20T12:53:40","slug":"mamitas-realizaron-su-tetada-en-la-plaza-de-armas-de-san-felipe","status":"publish","type":"post","link":"https:\/\/eltrabajo.cl\/portal\/mamitas-realizaron-su-tetada-en-la-plaza-de-armas-de-san-felipe\/","title":{"rendered":"Mamitas realizaron su \u2018Tetada\u2019 en la Plaza de Armas de San Felipe"},"content":{"rendered":"<figure id=\"attachment_44508\" aria-describedby=\"caption-attachment-44508\" style=\"width: 529px\" class=\"wp-caption alignnone\"><a href=\"https:\/\/i0.wp.com\/www.eltrabajo.cl\/portal\/wp-content\/uploads\/2014\/03\/tetada-mamitas-pro.jpg\"><img data-recalc-dims=\"1\" loading=\"lazy\" decoding=\"async\" class=\"size-full wp-image-44508\" alt=\"A pecho cubierto o descubierto, lo importante por sobre todo es el derecho de los lactantes a alimentarse en forma natural.\" src=\"https:\/\/i0.wp.com\/www.eltrabajo.cl\/portal\/wp-content\/uploads\/2014\/03\/tetada-mamitas-pro.jpg?resize=529%2C232\" width=\"529\" height=\"232\" srcset=\"https:\/\/i0.wp.com\/eltrabajo.cl\/portal\/wp-content\/uploads\/2014\/03\/tetada-mamitas-pro.jpg?w=529&amp;ssl=1 529w, https:\/\/i0.wp.com\/eltrabajo.cl\/portal\/wp-content\/uploads\/2014\/03\/tetada-mamitas-pro.jpg?resize=200%2C87&amp;ssl=1 200w, https:\/\/i0.wp.com\/eltrabajo.cl\/portal\/wp-content\/uploads\/2014\/03\/tetada-mamitas-pro.jpg?resize=300%2C131&amp;ssl=1 300w, https:\/\/i0.wp.com\/eltrabajo.cl\/portal\/wp-content\/uploads\/2014\/03\/tetada-mamitas-pro.jpg?resize=150%2C65&amp;ssl=1 150w, https:\/\/i0.wp.com\/eltrabajo.cl\/portal\/wp-content\/uploads\/2014\/03\/tetada-mamitas-pro.jpg?resize=400%2C175&amp;ssl=1 400w\" sizes=\"auto, (max-width: 529px) 100vw, 529px\" \/><\/a><figcaption id=\"caption-attachment-44508\" class=\"wp-caption-text\">A pecho cubierto o descubierto, lo importante por sobre todo es el derecho de los lactantes a alimentarse en forma natural.<\/figcaption><\/figure>\n<p>Una treintena de mam\u00e1s se manifestaron a favor del amamantamiento en p\u00fablico, haciendo justamente eso, dar pecho a sus beb\u00e9s en plena plaza de armas de San Felipe. A la actividad acudieron con sus esposos, parejas o simplemente solo con sus beb\u00e9s. Las organizadoras se mostraron muy felices del apoyo y compa\u00f1\u00eda de otras personas que igualmente acudieron a la muestra donde hicieron ver a los transe\u00fantes, la necesidad de validar a\u00fan m\u00e1s el derecho a amamantar en el tiempo y lugar que sus beb\u00e9s les demanden.<\/p>\n<p>El Movimiento por la Defensa de la Lactancia Libre busca crear conciencia en nuestra sociedad sobre la importancia de proteger la lactancia materna, de visibilizar la vulneraci\u00f3n de los derechos de los ni\u00f1os y las madres, invit\u00e1ndonos al cambio desde una perspectiva pac\u00edfico-activa. Para las organizadoras \u00abla sociedad requiere una reforma desde las bases, d\u00f3nde permeemos las barreras culturales que hoy obstaculizan el vivir la maternidad con naturalidad y por sobre todo no permiten respetar las necesidades b\u00e1sicas de nuestros ni\u00f1os\u00bb.<\/p>\n<p>&nbsp;<\/p>\n","protected":false},"excerpt":{"rendered":"<p>Una treintena de mam\u00e1s se manifestaron a favor del amamantamiento en p\u00fablico, haciendo justamente eso, dar pecho a sus beb\u00e9s en plena plaza de armas de San Felipe. A la actividad acudieron&#8230;<\/p>\n","protected":false},"author":482,"featured_media":44508,"comment_status":"open","ping_status":"closed","sticky":false,"template":"","format":"standard","meta":{"advanced_seo_description":"","jetpack_seo_html_title":"","jetpack_seo_noindex":false,"_jetpack_memberships_contains_paid_content":false,"footnotes":""},"categories":[15],"tags":[],"class_list":["post-44507","post","type-post","status-publish","format-standard","has-post-thumbnail","hentry","category-comunidad"],"jetpack_featured_media_url":"https:\/\/i0.wp.com\/eltrabajo.cl\/portal\/wp-content\/uploads\/2014\/03\/tetada-mamitas-pro.jpg?fit=529%2C232&ssl=1","jetpack_sharing_enabled":true,"jetpack_likes_enabled":true,"jetpack-related-posts":[],"_links":{"self":[{"href":"https:\/\/eltrabajo.cl\/portal\/wp-json\/wp\/v2\/posts\/44507","targetHints":{"allow":["GET"]}}],"collection":[{"href":"https:\/\/eltrabajo.cl\/portal\/wp-json\/wp\/v2\/posts"}],"about":[{"href":"https:\/\/eltrabajo.cl\/portal\/wp-json\/wp\/v2\/types\/post"}],"author":[{"embeddable":true,"href":"https:\/\/eltrabajo.cl\/portal\/wp-json\/wp\/v2\/users\/482"}],"replies":[{"embeddable":true,"href":"https:\/\/eltrabajo.cl\/portal\/wp-json\/wp\/v2\/comments?post=44507"}],"version-history":[{"count":0,"href":"https:\/\/eltrabajo.cl\/portal\/wp-json\/wp\/v2\/posts\/44507\/revisions"}],"wp:featuredmedia":[{"embeddable":true,"href":"https:\/\/eltrabajo.cl\/portal\/wp-json\/wp\/v2\/media\/44508"}],"wp:attachment":[{"href":"https:\/\/eltrabajo.cl\/portal\/wp-json\/wp\/v2\/media?parent=44507"}],"wp:term":[{"taxonomy":"category","embeddable":true,"href":"https:\/\/eltrabajo.cl\/portal\/wp-json\/wp\/v2\/categories?post=44507"},{"taxonomy":"post_tag","embeddable":true,"href":"https:\/\/eltrabajo.cl\/portal\/wp-json\/wp\/v2\/tags?post=44507"}],"curies":[{"name":"wp","href":"https:\/\/api.w.org\/{rel}","templated":true}]}}