{"id":44510,"date":"2014-03-20T09:54:31","date_gmt":"2014-03-20T12:54:31","guid":{"rendered":"http:\/\/www.eltrabajo.cl\/portal\/?p=44510"},"modified":"2014-03-20T09:54:31","modified_gmt":"2014-03-20T12:54:31","slug":"el-ultimo-adios-a-un-grande","status":"publish","type":"post","link":"https:\/\/eltrabajo.cl\/portal\/el-ultimo-adios-a-un-grande\/","title":{"rendered":"El \u00faltimo Adi\u00f3s a un Grande"},"content":{"rendered":"<figure id=\"attachment_44511\" aria-describedby=\"caption-attachment-44511\" style=\"width: 529px\" class=\"wp-caption alignnone\"><a href=\"https:\/\/i0.wp.com\/www.eltrabajo.cl\/portal\/wp-content\/uploads\/2014\/03\/funeral-juan-fuentes-gallardo.jpg\"><img data-recalc-dims=\"1\" loading=\"lazy\" decoding=\"async\" class=\"size-full wp-image-44511\" alt=\"En el Sal\u00f3n de Honor de la Municipalidad de San Felipe, Alcalde y concejales hicieron una \u2018Guardia de Honor\u2019 para manifestar su respeto al gran servidor p\u00fablico.\" src=\"https:\/\/i0.wp.com\/www.eltrabajo.cl\/portal\/wp-content\/uploads\/2014\/03\/funeral-juan-fuentes-gallardo.jpg?resize=529%2C399\" width=\"529\" height=\"399\" srcset=\"https:\/\/i0.wp.com\/eltrabajo.cl\/portal\/wp-content\/uploads\/2014\/03\/funeral-juan-fuentes-gallardo.jpg?w=529&amp;ssl=1 529w, https:\/\/i0.wp.com\/eltrabajo.cl\/portal\/wp-content\/uploads\/2014\/03\/funeral-juan-fuentes-gallardo.jpg?resize=200%2C150&amp;ssl=1 200w, https:\/\/i0.wp.com\/eltrabajo.cl\/portal\/wp-content\/uploads\/2014\/03\/funeral-juan-fuentes-gallardo.jpg?resize=300%2C226&amp;ssl=1 300w, https:\/\/i0.wp.com\/eltrabajo.cl\/portal\/wp-content\/uploads\/2014\/03\/funeral-juan-fuentes-gallardo.jpg?resize=150%2C113&amp;ssl=1 150w, https:\/\/i0.wp.com\/eltrabajo.cl\/portal\/wp-content\/uploads\/2014\/03\/funeral-juan-fuentes-gallardo.jpg?resize=400%2C301&amp;ssl=1 400w\" sizes=\"auto, (max-width: 529px) 100vw, 529px\" \/><\/a><figcaption id=\"caption-attachment-44511\" class=\"wp-caption-text\">En el Sal\u00f3n de Honor de la Municipalidad de San Felipe, Alcalde y concejales hicieron una \u2018Guardia de Honor\u2019 para manifestar su respeto al gran servidor p\u00fablico.<\/figcaption><\/figure>\n<p>Tras una serie de homenajes, la tarde de este mi\u00e9rcoles se realizaron los funerales del ex alcalde y bombero, Juan Fuentes Gallardo. En el sal\u00f3n de honor de la Ilustre municipalidad de San Felipe, el propio alcalde y los concejales hicieron una \u2018Guardia de Honor\u2019 para manifestar sus respetos a la memoria del servidor p\u00fablico que apag\u00f3 su eterna sonrisa a los 82 a\u00f1os.<\/p>\n<p>En los sentidos discursos en su memoria, tanto pol\u00edticos como dirigentes sociales manifestaron su admiraci\u00f3n por la figura del extinto personaje y lo despidieron con el Himno de Aconcagua musicalizado por el Orfe\u00f3n Aconcagua. Tras los oradores el f\u00e9retro fue conducido por una Guardia constante del Cuerpo de Bomberos, haciendo dos paradas en el Cuartel General frente a la Plaza de Armas de la ciudad y luego en las puertas de la Cuarta Compa\u00f1\u00eda.<\/p>\n<p>Finalmente en el Cementerio Parque Almendral, un miembro de la familia agradeci\u00f3 todas las muestras de aprecio. Por \u00faltimo, y tal como lo quiso el ex alcalde, un grupo de mariachis enton\u00f3 entre l\u00e1grimas y la alegr\u00eda de cumplir su palabra el tema \u00abEl Rey\u00bb. As\u00ed la ciudad dijo adi\u00f3s a uno de los personajes m\u00e1s influyentes de San Felipe en las \u00faltimas cuatro d\u00e9cadas.<\/p>\n<p>&nbsp;<\/p>\n","protected":false},"excerpt":{"rendered":"<p>Tras una serie de homenajes, la tarde de este mi\u00e9rcoles se realizaron los funerales del ex alcalde y bombero, Juan Fuentes Gallardo. En el sal\u00f3n de honor de la Ilustre municipalidad de&#8230;<\/p>\n","protected":false},"author":482,"featured_media":44511,"comment_status":"open","ping_status":"closed","sticky":false,"template":"","format":"standard","meta":{"advanced_seo_description":"","jetpack_seo_html_title":"","jetpack_seo_noindex":false,"_jetpack_memberships_contains_paid_content":false,"footnotes":""},"categories":[15],"tags":[],"class_list":["post-44510","post","type-post","status-publish","format-standard","has-post-thumbnail","hentry","category-comunidad"],"jetpack_featured_media_url":"https:\/\/i0.wp.com\/eltrabajo.cl\/portal\/wp-content\/uploads\/2014\/03\/funeral-juan-fuentes-gallardo.jpg?fit=529%2C399&ssl=1","jetpack_sharing_enabled":true,"jetpack_likes_enabled":true,"jetpack-related-posts":[],"_links":{"self":[{"href":"https:\/\/eltrabajo.cl\/portal\/wp-json\/wp\/v2\/posts\/44510","targetHints":{"allow":["GET"]}}],"collection":[{"href":"https:\/\/eltrabajo.cl\/portal\/wp-json\/wp\/v2\/posts"}],"about":[{"href":"https:\/\/eltrabajo.cl\/portal\/wp-json\/wp\/v2\/types\/post"}],"author":[{"embeddable":true,"href":"https:\/\/eltrabajo.cl\/portal\/wp-json\/wp\/v2\/users\/482"}],"replies":[{"embeddable":true,"href":"https:\/\/eltrabajo.cl\/portal\/wp-json\/wp\/v2\/comments?post=44510"}],"version-history":[{"count":0,"href":"https:\/\/eltrabajo.cl\/portal\/wp-json\/wp\/v2\/posts\/44510\/revisions"}],"wp:featuredmedia":[{"embeddable":true,"href":"https:\/\/eltrabajo.cl\/portal\/wp-json\/wp\/v2\/media\/44511"}],"wp:attachment":[{"href":"https:\/\/eltrabajo.cl\/portal\/wp-json\/wp\/v2\/media?parent=44510"}],"wp:term":[{"taxonomy":"category","embeddable":true,"href":"https:\/\/eltrabajo.cl\/portal\/wp-json\/wp\/v2\/categories?post=44510"},{"taxonomy":"post_tag","embeddable":true,"href":"https:\/\/eltrabajo.cl\/portal\/wp-json\/wp\/v2\/tags?post=44510"}],"curies":[{"name":"wp","href":"https:\/\/api.w.org\/{rel}","templated":true}]}}