{"id":44513,"date":"2014-03-20T09:58:03","date_gmt":"2014-03-20T12:58:03","guid":{"rendered":"http:\/\/www.eltrabajo.cl\/portal\/?p=44513"},"modified":"2014-03-20T09:58:03","modified_gmt":"2014-03-20T12:58:03","slug":"capturado-anciano-por-deuda-de-24-millones-en-pension-alimenticia","status":"publish","type":"post","link":"https:\/\/eltrabajo.cl\/portal\/capturado-anciano-por-deuda-de-24-millones-en-pension-alimenticia\/","title":{"rendered":"Capturado anciano por deuda de $24 millones en Pensi\u00f3n alimenticia"},"content":{"rendered":"<figure id=\"attachment_44514\" aria-describedby=\"caption-attachment-44514\" style=\"width: 529px\" class=\"wp-caption alignnone\"><img data-recalc-dims=\"1\" loading=\"lazy\" decoding=\"async\" class=\"size-full wp-image-44514\" alt=\"Un anciano de 73 a\u00f1os de iniciales J.A.S., quien tiene una deuda de $24 millones por concepto de pensi\u00f3n alimenticia. (Foto referencial)\" src=\"https:\/\/i0.wp.com\/www.eltrabajo.cl\/portal\/wp-content\/uploads\/2014\/03\/Detenido11.jpg?resize=529%2C326\" width=\"529\" height=\"326\" srcset=\"https:\/\/i0.wp.com\/eltrabajo.cl\/portal\/wp-content\/uploads\/2014\/03\/Detenido11.jpg?w=529&amp;ssl=1 529w, https:\/\/i0.wp.com\/eltrabajo.cl\/portal\/wp-content\/uploads\/2014\/03\/Detenido11.jpg?resize=200%2C123&amp;ssl=1 200w, https:\/\/i0.wp.com\/eltrabajo.cl\/portal\/wp-content\/uploads\/2014\/03\/Detenido11.jpg?resize=300%2C184&amp;ssl=1 300w, https:\/\/i0.wp.com\/eltrabajo.cl\/portal\/wp-content\/uploads\/2014\/03\/Detenido11.jpg?resize=150%2C92&amp;ssl=1 150w, https:\/\/i0.wp.com\/eltrabajo.cl\/portal\/wp-content\/uploads\/2014\/03\/Detenido11.jpg?resize=400%2C246&amp;ssl=1 400w\" sizes=\"auto, (max-width: 529px) 100vw, 529px\" \/><\/a><figcaption id=\"caption-attachment-44514\" class=\"wp-caption-text\">Un anciano de 73 a\u00f1os de iniciales J.A.S., quien tiene una deuda de $24 millones por concepto de pensi\u00f3n alimenticia. (Foto referencial)<\/figcaption><\/figure>\n<p>Diez personas m\u00e1s, en calidad de detenidas, registra un nuevo operativo policial a cargo de la Polic\u00eda de Investigaciones, fuerza policial que desde hace varias semanas viene ejecutando tareas de trabajo con miras a sacar de las calles a individuos que tienen cuentas pendientes con la Justicia.<\/p>\n<figure id=\"attachment_44515\" aria-describedby=\"caption-attachment-44515\" style=\"width: 190px\" class=\"wp-caption alignright\"><a href=\"https:\/\/i0.wp.com\/www.eltrabajo.cl\/portal\/wp-content\/uploads\/2014\/03\/Quezada1.jpg\"><img data-recalc-dims=\"1\" loading=\"lazy\" decoding=\"async\" class=\" wp-image-44515  \" alt=\"Subprefecto de la PDI de San Felipe, Pedro Quezada.\" src=\"https:\/\/i0.wp.com\/www.eltrabajo.cl\/portal\/wp-content\/uploads\/2014\/03\/Quezada1.jpg?resize=190%2C193\" width=\"190\" height=\"193\" srcset=\"https:\/\/i0.wp.com\/eltrabajo.cl\/portal\/wp-content\/uploads\/2014\/03\/Quezada1.jpg?w=529&amp;ssl=1 529w, https:\/\/i0.wp.com\/eltrabajo.cl\/portal\/wp-content\/uploads\/2014\/03\/Quezada1.jpg?resize=147%2C150&amp;ssl=1 147w, https:\/\/i0.wp.com\/eltrabajo.cl\/portal\/wp-content\/uploads\/2014\/03\/Quezada1.jpg?resize=295%2C300&amp;ssl=1 295w, https:\/\/i0.wp.com\/eltrabajo.cl\/portal\/wp-content\/uploads\/2014\/03\/Quezada1.jpg?resize=400%2C406&amp;ssl=1 400w\" sizes=\"auto, (max-width: 190px) 100vw, 190px\" \/><\/a><figcaption id=\"caption-attachment-44515\" class=\"wp-caption-text\">Subprefecto de la PDI de San Felipe, Pedro Quezada.<\/figcaption><\/figure>\n<p>Sin embargo esta semana uno de esos detenidos fue bastante singular: \u00abCapturamos a un anciano de 73 a\u00f1os de iniciales J.A.S., quien tiene una deuda de $24 millones por concepto de pensi\u00f3n alimenticia, lo cual nos pareci\u00f3 bastante singular el caso, supongo que esta persona estaba siendo buscada por bastante tiempo, hasta que le dimos captura\u00bb, coment\u00f3 a Diario El Trabajo el Subprefecto de la PDI de San Felipe, Pedro Quezada.<\/p>\n<p>Seg\u00fan Quezada, \u00ab\u00e9l queda sujeto a reclusi\u00f3n nocturna, que es la pena que imponen los tribunales respectivos en estos casos, nosotros cumplimos con la captura, si no hay pago de esa deuda, esta persona seguir\u00e1 endeudada\u00bb, agreg\u00f3 la autoridad.<\/p>\n<p>Roberto Gonz\u00e1lez Short<\/p>\n<p>rgonzalez@eltrabajo.cl<\/p>\n<p>&nbsp;<\/p>\n","protected":false},"excerpt":{"rendered":"<p>Diez personas m\u00e1s, en calidad de detenidas, registra un nuevo operativo policial a cargo de la Polic\u00eda de Investigaciones, fuerza policial que desde hace varias semanas viene ejecutando tareas de trabajo con&#8230;<\/p>\n","protected":false},"author":482,"featured_media":44514,"comment_status":"open","ping_status":"closed","sticky":false,"template":"","format":"standard","meta":{"advanced_seo_description":"","jetpack_seo_html_title":"","jetpack_seo_noindex":false,"_jetpack_memberships_contains_paid_content":false,"footnotes":""},"categories":[21],"tags":[],"class_list":["post-44513","post","type-post","status-publish","format-standard","has-post-thumbnail","hentry","category-policial"],"jetpack_featured_media_url":"https:\/\/i0.wp.com\/eltrabajo.cl\/portal\/wp-content\/uploads\/2014\/03\/Detenido11.jpg?fit=529%2C326&ssl=1","jetpack_sharing_enabled":true,"jetpack_likes_enabled":true,"jetpack-related-posts":[],"_links":{"self":[{"href":"https:\/\/eltrabajo.cl\/portal\/wp-json\/wp\/v2\/posts\/44513","targetHints":{"allow":["GET"]}}],"collection":[{"href":"https:\/\/eltrabajo.cl\/portal\/wp-json\/wp\/v2\/posts"}],"about":[{"href":"https:\/\/eltrabajo.cl\/portal\/wp-json\/wp\/v2\/types\/post"}],"author":[{"embeddable":true,"href":"https:\/\/eltrabajo.cl\/portal\/wp-json\/wp\/v2\/users\/482"}],"replies":[{"embeddable":true,"href":"https:\/\/eltrabajo.cl\/portal\/wp-json\/wp\/v2\/comments?post=44513"}],"version-history":[{"count":0,"href":"https:\/\/eltrabajo.cl\/portal\/wp-json\/wp\/v2\/posts\/44513\/revisions"}],"wp:featuredmedia":[{"embeddable":true,"href":"https:\/\/eltrabajo.cl\/portal\/wp-json\/wp\/v2\/media\/44514"}],"wp:attachment":[{"href":"https:\/\/eltrabajo.cl\/portal\/wp-json\/wp\/v2\/media?parent=44513"}],"wp:term":[{"taxonomy":"category","embeddable":true,"href":"https:\/\/eltrabajo.cl\/portal\/wp-json\/wp\/v2\/categories?post=44513"},{"taxonomy":"post_tag","embeddable":true,"href":"https:\/\/eltrabajo.cl\/portal\/wp-json\/wp\/v2\/tags?post=44513"}],"curies":[{"name":"wp","href":"https:\/\/api.w.org\/{rel}","templated":true}]}}