{"id":44520,"date":"2014-03-20T10:03:30","date_gmt":"2014-03-20T13:03:30","guid":{"rendered":"http:\/\/www.eltrabajo.cl\/portal\/?p=44520"},"modified":"2014-03-20T10:03:30","modified_gmt":"2014-03-20T13:03:30","slug":"acusan-a-funeraria-de-presiones-indebidas-para-que-le-cancelen-servicio","status":"publish","type":"post","link":"https:\/\/eltrabajo.cl\/portal\/acusan-a-funeraria-de-presiones-indebidas-para-que-le-cancelen-servicio\/","title":{"rendered":"Acusan a Funeraria de presiones indebidas para que le cancelen servicio"},"content":{"rendered":"<figure id=\"attachment_44521\" aria-describedby=\"caption-attachment-44521\" style=\"width: 529px\" class=\"wp-caption alignnone\"><a href=\"https:\/\/i0.wp.com\/www.eltrabajo.cl\/portal\/wp-content\/uploads\/2014\/03\/Hermanas1.jpg\"><img data-recalc-dims=\"1\" loading=\"lazy\" decoding=\"async\" class=\"size-full wp-image-44521\" alt=\"ANGUSTIADAS.- La se\u00f1ora Victoria y su hermana Mar\u00eda Free, visitaron la Sala de Redacci\u00f3n de Diario El Trabajo para denunciar este caso.\" src=\"https:\/\/i0.wp.com\/www.eltrabajo.cl\/portal\/wp-content\/uploads\/2014\/03\/Hermanas1.jpg?resize=529%2C386\" width=\"529\" height=\"386\" srcset=\"https:\/\/i0.wp.com\/eltrabajo.cl\/portal\/wp-content\/uploads\/2014\/03\/Hermanas1.jpg?w=529&amp;ssl=1 529w, https:\/\/i0.wp.com\/eltrabajo.cl\/portal\/wp-content\/uploads\/2014\/03\/Hermanas1.jpg?resize=200%2C145&amp;ssl=1 200w, https:\/\/i0.wp.com\/eltrabajo.cl\/portal\/wp-content\/uploads\/2014\/03\/Hermanas1.jpg?resize=300%2C218&amp;ssl=1 300w, https:\/\/i0.wp.com\/eltrabajo.cl\/portal\/wp-content\/uploads\/2014\/03\/Hermanas1.jpg?resize=150%2C109&amp;ssl=1 150w, https:\/\/i0.wp.com\/eltrabajo.cl\/portal\/wp-content\/uploads\/2014\/03\/Hermanas1.jpg?resize=400%2C291&amp;ssl=1 400w\" sizes=\"auto, (max-width: 529px) 100vw, 529px\" \/><\/a><figcaption id=\"caption-attachment-44521\" class=\"wp-caption-text\">ANGUSTIADAS.- La se\u00f1ora Victoria y su hermana Mar\u00eda Free, visitaron la Sala de Redacci\u00f3n de Diario El Trabajo para denunciar este caso.<\/figcaption><\/figure>\n<ul>\n<li><strong>Mujer asegura que empresario funerario la amenaz\u00f3 en plena misa de que no retirar\u00eda el cuerpo de su ex-marido si no cancelaba una diferencia de 200.000 pesos, situaci\u00f3n que fue desmentida por el empresario.<\/strong><\/li>\n<\/ul>\n<p>En el fr\u00edo de la noche y tras varios meses de vivir en indigencia en San Felipe, gan\u00e1ndose la vida como lavador de autos en nuestra plaza de armas, la madrugada del mi\u00e9rcoles 12 de marzo pasado amaneci\u00f3 sin vida Pedro Armando Harris Maurelia, de 63 a\u00f1os y conocido como \u2018El Harri\u2019, quien al no contar con la calidez de v\u00ednculos familiares que respondieran por su oscuro final, llev\u00f3 a la se\u00f1ora Victoria Free, ex-esposa del fallecido, a hacer frente a la agobiante situaci\u00f3n de darle digna sepultura.<\/p>\n<p><strong>&#8211; \u00bfC\u00f3mo se entera usted de la muerte de \u2018El Harri\u2019?<\/strong><\/p>\n<p>&#8211; \u00abCarabineros lleg\u00f3 a mi casa para informarme que en el Hospital San Camilo hab\u00eda fallecido el que fue mi esposo, pues ten\u00edamos muchos a\u00f1os ya separados. Como s\u00e9 que \u00e9l no cuenta con familia, hice los tr\u00e1mites y cotizaciones en las funerarias de la ciudad\u00bb.<\/p>\n<p><strong>&#8211; \u00bfEncontr\u00f3 alg\u00fan problema en las funerarias para contratar los servicios de alguna de ellas?<\/strong><\/p>\n<p>&#8211; \u00abAl final de tanto buscar, me fui a la Funeraria L\u00f3pez, pues me pareci\u00f3 que era m\u00e1s barata, adem\u00e1s me ofrec\u00edan muchas y muy buenas opciones para pagar. Jorge L\u00f3pez, el propietario, \u00e9l me la cant\u00f3 muy bien, \u00e9l me dijo que \u2018le dar\u00e9 un caj\u00f3n de $580.000 en $300.000\u2019 lo cual me pareci\u00f3 perfecto, pues me daba buenas opciones de pago (\u2026) A m\u00ed la gobernaci\u00f3n me dio $100.000 para ayudarme con los gastos, la municipalidad me don\u00f3 el nicho\u00bb.<\/p>\n<p><strong>&#8211; \u00bfD\u00f3nde se origina el problema entonces?<\/strong><\/p>\n<p>&#8211; \u00abEl problema se origina porque \u00e9l me asegur\u00f3 que yo podr\u00eda pagar sus servicios de a poco, en cuotas, y el asunto es que ya era la hora para que llegara a retirar el cuerpo y ellos no llegaban, me dijeron que si no pagaba de inmediato, ellos no continuar\u00edan con el funeral, me lo dicen en pleno desarrollo de la situaci\u00f3n, habi\u00e9ndole dicho yo que podr\u00eda pagar de a poco y habi\u00e9ndomelo aceptado este se\u00f1or\u00bb.<\/p>\n<p><strong>&#8211; \u00bfC\u00f3mo reaccion\u00f3 Jorge L\u00f3pez con estos contratiempos?<\/strong><\/p>\n<p>&#8211; \u00abEstaba muy molesto con el tema. \u00c9l vino para que le explic\u00e1ramos la situaci\u00f3n, mi hermana y yo le informamos lo que estaba pasando, Jorge L\u00f3pez se enfureci\u00f3 mucho porque le ped\u00ed un comprobante, me dijo \u2018\u2026y todav\u00eda quiere comprobante\u2026\u2019, se fue molesto a la camioneta y nos tir\u00f3 luego el recibo como si fu\u00e9ramos perros, despectivamente, muy mal educado este se\u00f1or\u00bb.<\/p>\n<p><strong>&#8211; \u00bfC\u00f3mo solucion\u00f3 finalmente sus apuros?<\/strong><\/p>\n<p>&#8211; \u00abAl final fue una hija quien me prest\u00f3 el dinero de sus gastos, ahora estoy endeudada con mi hija, yo hago p\u00fablico mi caso para que no se dejen enga\u00f1ar por el doble discurso de este empresario, porque aunque dicen que \u00e9l es muy bueno y muy humano, lo cierto del caso es que lo bueno y lo humano, no se lo vi por ninguna parte\u00bb.<\/p>\n<p><strong>EMPRESARIO\u00a0SE PRONUNCIA<\/strong><\/p>\n<p>Luego que en nuestra Sala de Redacci\u00f3n Do\u00f1a Victoria explicara su caso, Diario El Trabajo habl\u00f3 con Jorge L\u00f3pez, empresario al frente de Funeraria L\u00f3pez, y quien explic\u00f3 tajantemente que \u00ablas declaraciones de esta se\u00f1ora da\u00f1an mucho la imagen y prestigio de nuestra funeraria, ella lleg\u00f3 enviada por el Municipio a buscar una cotizaci\u00f3n, yo dispuse ayudarla y le ofrec\u00ed una urna que vale $600.000 en apenas $300.000, tambi\u00e9n le facilit\u00e9 mi auto personal para que se movilizara, pues andaba a pie\u00bb, comenta L\u00f3pez.<\/p>\n<p>Seg\u00fan Jorge L\u00f3pez, \u00aba ella se le llev\u00f3 al Servicio M\u00e9dico Legal; se le llev\u00f3 a la Municipalidad; a la Fiscal\u00eda y a la parroquia, yo doy un buen servicio, si es que si la voy a ayudar, pues lo hago de manera completa\u00bb.<\/p>\n<p>De acuerdo a lo declarado por L\u00f3pez, en el transcurso de esas diligencias la se\u00f1ora Victoria me indic\u00f3 que la Gobernaci\u00f3n s\u00f3lo aportar\u00eda $100.000, por lo que \u00e9l pregunt\u00f3 c\u00f3mo le pagar\u00edan el resto.<\/p>\n<p>\u00abElla me dijo que no me preocupara, que antes del funeral ella pagar\u00eda los $200.000 faltantes, es falso que le exigiera en esos t\u00e9rminos el pago de nuestros servicios (\u2026) aqu\u00ed lo raro, es que esta se\u00f1ora fue a pedir dinero a la municipalidad, y sin embargo su hijo es el due\u00f1o de todas las m\u00e1quinas tragamonedas de la ciudad, paga arriendos de hasta un mill\u00f3n de pesos, viaja en auto del a\u00f1o, y a\u00fan as\u00ed pide ayuda social\u00bb, coment\u00f3 el empresario.<\/p>\n<p>Roberto Gonz\u00e1lez Short<\/p>\n<p>rgonzalez@eltrabajo.cl<\/p>\n<div class=\"tiled-gallery type-rectangular tiled-gallery-unresized\" data-original-width=\"640\" data-carousel-extra='null' itemscope itemtype=\"http:\/\/schema.org\/ImageGallery\" > <div class=\"gallery-row\" style=\"width: 640px; height: 159px;\" data-original-width=\"640\" data-original-height=\"159\" > <div class=\"gallery-group images-1\" style=\"width: 130px; height: 159px;\" data-original-width=\"130\" data-original-height=\"159\" > <div class=\"tiled-gallery-item tiled-gallery-item-small\" itemprop=\"associatedMedia\" itemscope itemtype=\"http:\/\/schema.org\/ImageObject\"> <a href=\"https:\/\/eltrabajo.cl\/portal\/acusan-a-funeraria-de-presiones-indebidas-para-que-le-cancelen-servicio\/pedro-harris\/\" border=\"0\" itemprop=\"url\"> <meta itemprop=\"width\" content=\"126\"> <meta itemprop=\"height\" content=\"155\"> <img decoding=\"async\" class=\"\" data-attachment-id=\"44522\" data-orig-file=\"https:\/\/eltrabajo.cl\/portal\/wp-content\/uploads\/2014\/03\/Pedro-Harris.jpg\" data-orig-size=\"529,650\" data-comments-opened=\"1\" data-image-meta=\"{&quot;aperture&quot;:&quot;0&quot;,&quot;credit&quot;:&quot;&quot;,&quot;camera&quot;:&quot;&quot;,&quot;caption&quot;:&quot;&quot;,&quot;created_timestamp&quot;:&quot;0&quot;,&quot;copyright&quot;:&quot;&quot;,&quot;focal_length&quot;:&quot;0&quot;,&quot;iso&quot;:&quot;0&quot;,&quot;shutter_speed&quot;:&quot;0&quot;,&quot;title&quot;:&quot;&quot;}\" data-image-title=\"Pedro Harris\" data-image-description=\"&lt;p&gt;FALLECIDO.- Pedro Armando Harris Maurelia, de 63 a\u00f1os y conocido como \u2018El Harri\u2019.&lt;\/p&gt; \" data-medium-file=\"https:\/\/i0.wp.com\/eltrabajo.cl\/portal\/wp-content\/uploads\/2014\/03\/Pedro-Harris.jpg?fit=244%2C300&#038;ssl=1\" data-large-file=\"https:\/\/i0.wp.com\/eltrabajo.cl\/portal\/wp-content\/uploads\/2014\/03\/Pedro-Harris.jpg?fit=529%2C650&#038;ssl=1\" src=\"https:\/\/i0.wp.com\/eltrabajo.cl\/portal\/wp-content\/uploads\/2014\/03\/Pedro-Harris.jpg?w=126&#038;h=155&#038;ssl=1\" srcset=\"https:\/\/i0.wp.com\/eltrabajo.cl\/portal\/wp-content\/uploads\/2014\/03\/Pedro-Harris.jpg?w=529&amp;ssl=1 529w, https:\/\/i0.wp.com\/eltrabajo.cl\/portal\/wp-content\/uploads\/2014\/03\/Pedro-Harris.jpg?resize=122%2C150&amp;ssl=1 122w, https:\/\/i0.wp.com\/eltrabajo.cl\/portal\/wp-content\/uploads\/2014\/03\/Pedro-Harris.jpg?resize=244%2C300&amp;ssl=1 244w, https:\/\/i0.wp.com\/eltrabajo.cl\/portal\/wp-content\/uploads\/2014\/03\/Pedro-Harris.jpg?resize=400%2C491&amp;ssl=1 400w\" width=\"126\" height=\"155\" loading=\"lazy\" data-original-width=\"126\" data-original-height=\"155\" itemprop=\"http:\/\/schema.org\/image\" title=\"Pedro Harris\" alt=\"FALLECIDO.- Pedro Armando Harris Maurelia, de 63 a\u00f1os y conocido como \u2018El Harri\u2019.\" style=\"width: 126px; height: 155px;\" \/> <\/a> <div class=\"tiled-gallery-caption\" itemprop=\"caption description\"> FALLECIDO.- Pedro Armando Harris Maurelia, de 63 a\u00f1os y conocido como \u2018El Harri\u2019. <\/div> <\/div> <\/div> <!-- close group --> <div class=\"gallery-group images-1\" style=\"width: 112px; height: 159px;\" data-original-width=\"112\" data-original-height=\"159\" > <div class=\"tiled-gallery-item tiled-gallery-item-small\" itemprop=\"associatedMedia\" itemscope itemtype=\"http:\/\/schema.org\/ImageObject\"> <a href=\"https:\/\/eltrabajo.cl\/portal\/acusan-a-funeraria-de-presiones-indebidas-para-que-le-cancelen-servicio\/victoria-free\/\" border=\"0\" itemprop=\"url\"> <meta itemprop=\"width\" content=\"108\"> <meta itemprop=\"height\" content=\"155\"> <img decoding=\"async\" class=\"\" data-attachment-id=\"44523\" data-orig-file=\"https:\/\/eltrabajo.cl\/portal\/wp-content\/uploads\/2014\/03\/Victoria-Free.jpg\" data-orig-size=\"529,761\" data-comments-opened=\"1\" data-image-meta=\"{&quot;aperture&quot;:&quot;5&quot;,&quot;credit&quot;:&quot;&quot;,&quot;camera&quot;:&quot;Canon EOS REBEL T1i&quot;,&quot;caption&quot;:&quot;&quot;,&quot;created_timestamp&quot;:&quot;1395065009&quot;,&quot;copyright&quot;:&quot;&quot;,&quot;focal_length&quot;:&quot;42&quot;,&quot;iso&quot;:&quot;400&quot;,&quot;shutter_speed&quot;:&quot;0.016666666666667&quot;,&quot;title&quot;:&quot;&quot;}\" data-image-title=\"Victoria Free\" data-image-description=\"&lt;p&gt;FIEL COMPA\u00d1ERA.- Victoria Free, ex-esposa de Pedro Armando Harri Maurelia, quien decidi\u00f3 hacer frente a los gastos f\u00fanebres de quien fuera su marido a\u00f1os atr\u00e1s.&lt;\/p&gt; \" data-medium-file=\"https:\/\/i0.wp.com\/eltrabajo.cl\/portal\/wp-content\/uploads\/2014\/03\/Victoria-Free.jpg?fit=208%2C300&#038;ssl=1\" data-large-file=\"https:\/\/i0.wp.com\/eltrabajo.cl\/portal\/wp-content\/uploads\/2014\/03\/Victoria-Free.jpg?fit=529%2C761&#038;ssl=1\" src=\"https:\/\/i0.wp.com\/eltrabajo.cl\/portal\/wp-content\/uploads\/2014\/03\/Victoria-Free.jpg?w=108&#038;h=155&#038;ssl=1\" srcset=\"https:\/\/i0.wp.com\/eltrabajo.cl\/portal\/wp-content\/uploads\/2014\/03\/Victoria-Free.jpg?w=529&amp;ssl=1 529w, https:\/\/i0.wp.com\/eltrabajo.cl\/portal\/wp-content\/uploads\/2014\/03\/Victoria-Free.jpg?resize=104%2C150&amp;ssl=1 104w, https:\/\/i0.wp.com\/eltrabajo.cl\/portal\/wp-content\/uploads\/2014\/03\/Victoria-Free.jpg?resize=208%2C300&amp;ssl=1 208w, https:\/\/i0.wp.com\/eltrabajo.cl\/portal\/wp-content\/uploads\/2014\/03\/Victoria-Free.jpg?resize=400%2C575&amp;ssl=1 400w\" width=\"108\" height=\"155\" loading=\"lazy\" data-original-width=\"108\" data-original-height=\"155\" itemprop=\"http:\/\/schema.org\/image\" title=\"Victoria Free\" alt=\"FIEL COMPA\u00d1ERA.- Victoria Free, ex-esposa de Pedro Armando Harri Maurelia, quien decidi\u00f3 hacer frente a los gastos f\u00fanebres de quien fuera su marido a\u00f1os atr\u00e1s.\" style=\"width: 108px; height: 155px;\" \/> <\/a> <div class=\"tiled-gallery-caption\" itemprop=\"caption description\"> FIEL COMPA\u00d1ERA.- Victoria Free, ex-esposa de Pedro Armando Harri Maurelia, quien decidi\u00f3 hacer frente a los gastos f\u00fanebres de quien fuera su marido a\u00f1os atr\u00e1s. <\/div> <\/div> <\/div> <!-- close group --> <div class=\"gallery-group images-1\" style=\"width: 222px; height: 159px;\" data-original-width=\"222\" data-original-height=\"159\" > <div class=\"tiled-gallery-item tiled-gallery-item-small\" itemprop=\"associatedMedia\" itemscope itemtype=\"http:\/\/schema.org\/ImageObject\"> <a href=\"https:\/\/eltrabajo.cl\/portal\/acusan-a-funeraria-de-presiones-indebidas-para-que-le-cancelen-servicio\/funeraria1\/\" border=\"0\" itemprop=\"url\"> <meta itemprop=\"width\" content=\"218\"> <meta itemprop=\"height\" content=\"155\"> <img decoding=\"async\" class=\"\" data-attachment-id=\"44524\" data-orig-file=\"https:\/\/eltrabajo.cl\/portal\/wp-content\/uploads\/2014\/03\/Funeraria1.jpg\" data-orig-size=\"529,375\" data-comments-opened=\"1\" data-image-meta=\"{&quot;aperture&quot;:&quot;3.1&quot;,&quot;credit&quot;:&quot;&quot;,&quot;camera&quot;:&quot;DSC-H100&quot;,&quot;caption&quot;:&quot;&quot;,&quot;created_timestamp&quot;:&quot;1395226081&quot;,&quot;copyright&quot;:&quot;Copyright 2009&quot;,&quot;focal_length&quot;:&quot;4.5&quot;,&quot;iso&quot;:&quot;160&quot;,&quot;shutter_speed&quot;:&quot;0.033333333333333&quot;,&quot;title&quot;:&quot;&quot;}\" data-image-title=\"Funeraria1\" data-image-description=\"&lt;p&gt;LA URNA.- Jorge L\u00f3pez muestra a Diario El Trabajo una caja similar a la que \u00e9l vendi\u00f3 a Victoria Free, tienen un valor cercano a los $600.000, pero finalmente se la vendieron en $300.000.&lt;\/p&gt; \" data-medium-file=\"https:\/\/i0.wp.com\/eltrabajo.cl\/portal\/wp-content\/uploads\/2014\/03\/Funeraria1.jpg?fit=300%2C212&#038;ssl=1\" data-large-file=\"https:\/\/i0.wp.com\/eltrabajo.cl\/portal\/wp-content\/uploads\/2014\/03\/Funeraria1.jpg?fit=529%2C375&#038;ssl=1\" src=\"https:\/\/i0.wp.com\/eltrabajo.cl\/portal\/wp-content\/uploads\/2014\/03\/Funeraria1.jpg?w=218&#038;h=155&#038;ssl=1\" srcset=\"https:\/\/i0.wp.com\/eltrabajo.cl\/portal\/wp-content\/uploads\/2014\/03\/Funeraria1.jpg?w=529&amp;ssl=1 529w, https:\/\/i0.wp.com\/eltrabajo.cl\/portal\/wp-content\/uploads\/2014\/03\/Funeraria1.jpg?resize=200%2C141&amp;ssl=1 200w, https:\/\/i0.wp.com\/eltrabajo.cl\/portal\/wp-content\/uploads\/2014\/03\/Funeraria1.jpg?resize=300%2C212&amp;ssl=1 300w, https:\/\/i0.wp.com\/eltrabajo.cl\/portal\/wp-content\/uploads\/2014\/03\/Funeraria1.jpg?resize=150%2C106&amp;ssl=1 150w, https:\/\/i0.wp.com\/eltrabajo.cl\/portal\/wp-content\/uploads\/2014\/03\/Funeraria1.jpg?resize=400%2C283&amp;ssl=1 400w\" width=\"218\" height=\"155\" loading=\"lazy\" data-original-width=\"218\" data-original-height=\"155\" itemprop=\"http:\/\/schema.org\/image\" title=\"Funeraria1\" alt=\"LA URNA.- Jorge L\u00f3pez muestra a Diario El Trabajo una caja similar a la que \u00e9l vendi\u00f3 a Victoria Free, tienen un valor cercano a los $600.000, pero finalmente se la vendieron en $300.000.\" style=\"width: 218px; height: 155px;\" \/> <\/a> <div class=\"tiled-gallery-caption\" itemprop=\"caption description\"> LA URNA.- Jorge L\u00f3pez muestra a Diario El Trabajo una caja similar a la que \u00e9l vendi\u00f3 a Victoria Free, tienen un valor cercano a los $600.000, pero finalmente se la vendieron en $300.000. <\/div> <\/div> <\/div> <!-- close group --> <div class=\"gallery-group images-1\" style=\"width: 176px; height: 159px;\" data-original-width=\"176\" data-original-height=\"159\" > <div class=\"tiled-gallery-item tiled-gallery-item-small\" itemprop=\"associatedMedia\" itemscope itemtype=\"http:\/\/schema.org\/ImageObject\"> <a href=\"https:\/\/eltrabajo.cl\/portal\/acusan-a-funeraria-de-presiones-indebidas-para-que-le-cancelen-servicio\/jorge-lopez\/\" border=\"0\" itemprop=\"url\"> <meta itemprop=\"width\" content=\"172\"> <meta itemprop=\"height\" content=\"155\"> <img decoding=\"async\" class=\"\" data-attachment-id=\"44525\" data-orig-file=\"https:\/\/eltrabajo.cl\/portal\/wp-content\/uploads\/2014\/03\/Jorge-Lopez.jpg\" data-orig-size=\"529,476\" data-comments-opened=\"1\" data-image-meta=\"{&quot;aperture&quot;:&quot;3.1&quot;,&quot;credit&quot;:&quot;&quot;,&quot;camera&quot;:&quot;DSC-H100&quot;,&quot;caption&quot;:&quot;&quot;,&quot;created_timestamp&quot;:&quot;1395226165&quot;,&quot;copyright&quot;:&quot;Copyright 2009&quot;,&quot;focal_length&quot;:&quot;4.5&quot;,&quot;iso&quot;:&quot;200&quot;,&quot;shutter_speed&quot;:&quot;0.033333333333333&quot;,&quot;title&quot;:&quot;&quot;}\" data-image-title=\"Jorge Lopez\" data-image-description=\"&lt;p&gt;Jorge L\u00f3pez, empresario al frente de Funeraria L\u00f3pez.&lt;\/p&gt; \" data-medium-file=\"https:\/\/i0.wp.com\/eltrabajo.cl\/portal\/wp-content\/uploads\/2014\/03\/Jorge-Lopez.jpg?fit=300%2C269&#038;ssl=1\" data-large-file=\"https:\/\/i0.wp.com\/eltrabajo.cl\/portal\/wp-content\/uploads\/2014\/03\/Jorge-Lopez.jpg?fit=529%2C476&#038;ssl=1\" src=\"https:\/\/i0.wp.com\/eltrabajo.cl\/portal\/wp-content\/uploads\/2014\/03\/Jorge-Lopez.jpg?w=172&#038;h=155&#038;ssl=1\" srcset=\"https:\/\/i0.wp.com\/eltrabajo.cl\/portal\/wp-content\/uploads\/2014\/03\/Jorge-Lopez.jpg?w=529&amp;ssl=1 529w, https:\/\/i0.wp.com\/eltrabajo.cl\/portal\/wp-content\/uploads\/2014\/03\/Jorge-Lopez.jpg?resize=166%2C150&amp;ssl=1 166w, https:\/\/i0.wp.com\/eltrabajo.cl\/portal\/wp-content\/uploads\/2014\/03\/Jorge-Lopez.jpg?resize=300%2C269&amp;ssl=1 300w, https:\/\/i0.wp.com\/eltrabajo.cl\/portal\/wp-content\/uploads\/2014\/03\/Jorge-Lopez.jpg?resize=150%2C134&amp;ssl=1 150w, https:\/\/i0.wp.com\/eltrabajo.cl\/portal\/wp-content\/uploads\/2014\/03\/Jorge-Lopez.jpg?resize=400%2C359&amp;ssl=1 400w\" width=\"172\" height=\"155\" loading=\"lazy\" data-original-width=\"172\" data-original-height=\"155\" itemprop=\"http:\/\/schema.org\/image\" title=\"Jorge Lopez\" alt=\"Jorge L\u00f3pez, empresario al frente de Funeraria L\u00f3pez.\" style=\"width: 172px; height: 155px;\" \/> <\/a> <div class=\"tiled-gallery-caption\" itemprop=\"caption description\"> Jorge L\u00f3pez, empresario al frente de Funeraria L\u00f3pez. <\/div> <\/div> <\/div> <!-- close group --> <\/div> <!-- close row --> <\/div>\n<p>&nbsp;<\/p>\n","protected":false},"excerpt":{"rendered":"<p>Mujer asegura que empresario funerario la amenaz\u00f3 en plena misa de que no retirar\u00eda el cuerpo de su ex-marido si no cancelaba una diferencia de 200.000 pesos, situaci\u00f3n que fue desmentida por&#8230;<\/p>\n","protected":false},"author":482,"featured_media":44521,"comment_status":"open","ping_status":"closed","sticky":false,"template":"","format":"standard","meta":{"advanced_seo_description":"","jetpack_seo_html_title":"","jetpack_seo_noindex":false,"_jetpack_memberships_contains_paid_content":false,"footnotes":""},"categories":[15],"tags":[],"class_list":["post-44520","post","type-post","status-publish","format-standard","has-post-thumbnail","hentry","category-comunidad"],"jetpack_featured_media_url":"https:\/\/i0.wp.com\/eltrabajo.cl\/portal\/wp-content\/uploads\/2014\/03\/Hermanas1.jpg?fit=529%2C386&ssl=1","jetpack_sharing_enabled":true,"jetpack_likes_enabled":true,"jetpack-related-posts":[],"_links":{"self":[{"href":"https:\/\/eltrabajo.cl\/portal\/wp-json\/wp\/v2\/posts\/44520","targetHints":{"allow":["GET"]}}],"collection":[{"href":"https:\/\/eltrabajo.cl\/portal\/wp-json\/wp\/v2\/posts"}],"about":[{"href":"https:\/\/eltrabajo.cl\/portal\/wp-json\/wp\/v2\/types\/post"}],"author":[{"embeddable":true,"href":"https:\/\/eltrabajo.cl\/portal\/wp-json\/wp\/v2\/users\/482"}],"replies":[{"embeddable":true,"href":"https:\/\/eltrabajo.cl\/portal\/wp-json\/wp\/v2\/comments?post=44520"}],"version-history":[{"count":0,"href":"https:\/\/eltrabajo.cl\/portal\/wp-json\/wp\/v2\/posts\/44520\/revisions"}],"wp:featuredmedia":[{"embeddable":true,"href":"https:\/\/eltrabajo.cl\/portal\/wp-json\/wp\/v2\/media\/44521"}],"wp:attachment":[{"href":"https:\/\/eltrabajo.cl\/portal\/wp-json\/wp\/v2\/media?parent=44520"}],"wp:term":[{"taxonomy":"category","embeddable":true,"href":"https:\/\/eltrabajo.cl\/portal\/wp-json\/wp\/v2\/categories?post=44520"},{"taxonomy":"post_tag","embeddable":true,"href":"https:\/\/eltrabajo.cl\/portal\/wp-json\/wp\/v2\/tags?post=44520"}],"curies":[{"name":"wp","href":"https:\/\/api.w.org\/{rel}","templated":true}]}}