{"id":44536,"date":"2014-03-21T09:31:48","date_gmt":"2014-03-21T12:31:48","guid":{"rendered":"http:\/\/www.eltrabajo.cl\/portal\/?p=44536"},"modified":"2014-03-21T09:31:48","modified_gmt":"2014-03-21T12:31:48","slug":"otorgan-finalmente-permiso-para-realizacion-del-rodeo-en-san-esteban","status":"publish","type":"post","link":"https:\/\/eltrabajo.cl\/portal\/otorgan-finalmente-permiso-para-realizacion-del-rodeo-en-san-esteban\/","title":{"rendered":"Otorgan finalmente permiso para realizaci\u00f3n del rodeo en San Esteban"},"content":{"rendered":"<figure id=\"attachment_44537\" aria-describedby=\"caption-attachment-44537\" style=\"width: 529px\" class=\"wp-caption alignnone\"><a href=\"https:\/\/i0.wp.com\/www.eltrabajo.cl\/portal\/wp-content\/uploads\/2014\/03\/Gobernadora11.jpg\"><img data-recalc-dims=\"1\" loading=\"lazy\" decoding=\"async\" class=\"size-full wp-image-44537\" alt=\"Tras inspeccionarlo personalmente, la Gobernadora Mar\u00eda Victoria Rodr\u00edguez, se\u00f1al\u00f3 que el recinto qued\u00f3 habilitado para la realizaci\u00f3n del rodeo.\" src=\"https:\/\/i0.wp.com\/www.eltrabajo.cl\/portal\/wp-content\/uploads\/2014\/03\/Gobernadora11.jpg?resize=529%2C358\" width=\"529\" height=\"358\" srcset=\"https:\/\/i0.wp.com\/eltrabajo.cl\/portal\/wp-content\/uploads\/2014\/03\/Gobernadora11.jpg?w=529&amp;ssl=1 529w, https:\/\/i0.wp.com\/eltrabajo.cl\/portal\/wp-content\/uploads\/2014\/03\/Gobernadora11.jpg?resize=200%2C135&amp;ssl=1 200w, https:\/\/i0.wp.com\/eltrabajo.cl\/portal\/wp-content\/uploads\/2014\/03\/Gobernadora11.jpg?resize=300%2C203&amp;ssl=1 300w, https:\/\/i0.wp.com\/eltrabajo.cl\/portal\/wp-content\/uploads\/2014\/03\/Gobernadora11.jpg?resize=150%2C101&amp;ssl=1 150w, https:\/\/i0.wp.com\/eltrabajo.cl\/portal\/wp-content\/uploads\/2014\/03\/Gobernadora11.jpg?resize=400%2C270&amp;ssl=1 400w\" sizes=\"auto, (max-width: 529px) 100vw, 529px\" \/><\/a><figcaption id=\"caption-attachment-44537\" class=\"wp-caption-text\">Tras inspeccionarlo personalmente, la Gobernadora Mar\u00eda Victoria Rodr\u00edguez, se\u00f1al\u00f3 que el recinto qued\u00f3 habilitado para la realizaci\u00f3n del rodeo.<\/figcaption><\/figure>\n<ul>\n<li><strong>No obstante el alcalde Mardones aclar\u00f3 que sociedad corral Los Andes debe concluir el proceso de regularizaci\u00f3n de la medialuna.<\/strong><\/li>\n<\/ul>\n<p><strong>SAN ESTEBAN<\/strong>.- La Municipalidad de San Esteban autoriz\u00f3 finalmente la realizaci\u00f3n del Rodeo Clasificatorio Centro Norte en la medialuna de Los Andes, toda vez que la Asociaci\u00f3n de Rodeo Chileno cumpli\u00f3 con las exigencias solicitadas. La Gobernadora Mar\u00eda Victoria Rodr\u00edguez, acompa\u00f1ada del Alcalde Ren\u00e9 Mardones, visit\u00f3 las instalaciones de la medialuna constando que se cumplieran con todos los requisitos legales.<\/p>\n<figure id=\"attachment_44538\" aria-describedby=\"caption-attachment-44538\" style=\"width: 423px\" class=\"wp-caption alignright\"><a href=\"https:\/\/i0.wp.com\/www.eltrabajo.cl\/portal\/wp-content\/uploads\/2014\/03\/Rodeo1.jpg\"><img data-recalc-dims=\"1\" loading=\"lazy\" decoding=\"async\" class=\" wp-image-44538 \" alt=\"Cada rinc\u00f3n del circuito del rodeo fue revisado por las autoridades provinciales.\" src=\"https:\/\/i0.wp.com\/www.eltrabajo.cl\/portal\/wp-content\/uploads\/2014\/03\/Rodeo1.jpg?resize=423%2C286\" width=\"423\" height=\"286\" srcset=\"https:\/\/i0.wp.com\/eltrabajo.cl\/portal\/wp-content\/uploads\/2014\/03\/Rodeo1.jpg?w=529&amp;ssl=1 529w, https:\/\/i0.wp.com\/eltrabajo.cl\/portal\/wp-content\/uploads\/2014\/03\/Rodeo1.jpg?resize=200%2C135&amp;ssl=1 200w, https:\/\/i0.wp.com\/eltrabajo.cl\/portal\/wp-content\/uploads\/2014\/03\/Rodeo1.jpg?resize=300%2C203&amp;ssl=1 300w, https:\/\/i0.wp.com\/eltrabajo.cl\/portal\/wp-content\/uploads\/2014\/03\/Rodeo1.jpg?resize=150%2C101&amp;ssl=1 150w, https:\/\/i0.wp.com\/eltrabajo.cl\/portal\/wp-content\/uploads\/2014\/03\/Rodeo1.jpg?resize=400%2C270&amp;ssl=1 400w\" sizes=\"auto, (max-width: 423px) 100vw, 423px\" \/><\/a><figcaption id=\"caption-attachment-44538\" class=\"wp-caption-text\">Cada rinc\u00f3n del circuito del rodeo fue revisado por las autoridades provinciales.<\/figcaption><\/figure>\n<p>Al respecto la primera autoridad provincial se\u00f1al\u00f3 que el recinto qued\u00f3 habilitado para la realizaci\u00f3n del rodeo, a la vez que se inici\u00f3 el proceso de regularizaci\u00f3n de la medialuna y con se echa por tierra el hecho que un evento de esta magnitud no se pudiera realizar por temas administrativos. Agreg\u00f3 que la idea es que la asociaci\u00f3n de rodeo pueda concluir los tr\u00e1mites para poder regularizar el recinto.<\/p>\n<p>Por su parte el Alcalde Ren\u00e9 Mardones, dio por superada la situaci\u00f3n, \u00abporque nosotros como municipio siempre hemos tenido la voluntad de resolver este problema en forma conjunta, pero ac\u00e1 hubo una parque no cumpli\u00f3 con los requisitos que es la dirigencia de Sociedad Corral Los Andes y por eso quiero agradecer a la gobernadora y la Presidente de la Junta de Adelanto, Mario M\u00e9ndez, por haber mediado en este asunto, ya que nosotros no ten\u00edamos mucho inter\u00e9s en autorizar esto, porque ya hace muchos que esta medialuna no se ha regularizado\u00bb.<\/p>\n<p>El edil expres\u00f3 que este tema debe sanearse de una vez por todas y que se tenga un m\u00ednimo de respeto hacia la comuna de San Esteban, \u00abporque este recinto est\u00e1 en nuestra jurisdicci\u00f3n, pues yo no s\u00e9 qui\u00e9n se trajo la medialuna de Los Andes a San Esteban, pero se tienen que cumplir con los requisitos de la Ley General de Urbanismo y Construcci\u00f3n\u00bb.<\/p>\n<p>Mardones record\u00f3 que la Asociaci\u00f3n de Rodeo de Los Andes ha estado realizando este tipo de eventos en la m\u00e1s absoluta ilegalidad, \u00aba m\u00ed, incluso me pueden acusar por notable abandono de deberes al no exigir lo que dice la ley\u00bb.<\/p>\n<p>Reiter\u00f3 que no tiene la recepci\u00f3n definitiva, ya que la carpeta fue ingresada al municipio el a\u00f1o 2010, pero no se han hecho las correcciones solicitadas, \u00abpero nosotros vamos dar el permiso provisorio s\u00f3lo hasta el 20 de abril y de ah\u00ed en adelante va a quedar inhabilitado para su uso\u00bb. Advirti\u00f3 que si esto no se regulariza, corre peligro incluso la realizaci\u00f3n de la Fiesta del Guat\u00f3n Loyola en septiembre pr\u00f3ximo.<\/p>\n<p>&nbsp;<\/p>\n","protected":false},"excerpt":{"rendered":"<p>No obstante el alcalde Mardones aclar\u00f3 que sociedad corral Los Andes debe concluir el proceso de regularizaci\u00f3n de la medialuna. SAN ESTEBAN.- La Municipalidad de San Esteban autoriz\u00f3 finalmente la realizaci\u00f3n del&#8230;<\/p>\n","protected":false},"author":482,"featured_media":44537,"comment_status":"open","ping_status":"closed","sticky":false,"template":"","format":"standard","meta":{"advanced_seo_description":"","jetpack_seo_html_title":"","jetpack_seo_noindex":false,"_jetpack_memberships_contains_paid_content":false,"footnotes":""},"categories":[1],"tags":[],"class_list":["post-44536","post","type-post","status-publish","format-standard","has-post-thumbnail","hentry","category-cronica"],"jetpack_featured_media_url":"https:\/\/i0.wp.com\/eltrabajo.cl\/portal\/wp-content\/uploads\/2014\/03\/Gobernadora11.jpg?fit=529%2C358&ssl=1","jetpack_sharing_enabled":true,"jetpack_likes_enabled":true,"jetpack-related-posts":[],"_links":{"self":[{"href":"https:\/\/eltrabajo.cl\/portal\/wp-json\/wp\/v2\/posts\/44536","targetHints":{"allow":["GET"]}}],"collection":[{"href":"https:\/\/eltrabajo.cl\/portal\/wp-json\/wp\/v2\/posts"}],"about":[{"href":"https:\/\/eltrabajo.cl\/portal\/wp-json\/wp\/v2\/types\/post"}],"author":[{"embeddable":true,"href":"https:\/\/eltrabajo.cl\/portal\/wp-json\/wp\/v2\/users\/482"}],"replies":[{"embeddable":true,"href":"https:\/\/eltrabajo.cl\/portal\/wp-json\/wp\/v2\/comments?post=44536"}],"version-history":[{"count":0,"href":"https:\/\/eltrabajo.cl\/portal\/wp-json\/wp\/v2\/posts\/44536\/revisions"}],"wp:featuredmedia":[{"embeddable":true,"href":"https:\/\/eltrabajo.cl\/portal\/wp-json\/wp\/v2\/media\/44537"}],"wp:attachment":[{"href":"https:\/\/eltrabajo.cl\/portal\/wp-json\/wp\/v2\/media?parent=44536"}],"wp:term":[{"taxonomy":"category","embeddable":true,"href":"https:\/\/eltrabajo.cl\/portal\/wp-json\/wp\/v2\/categories?post=44536"},{"taxonomy":"post_tag","embeddable":true,"href":"https:\/\/eltrabajo.cl\/portal\/wp-json\/wp\/v2\/tags?post=44536"}],"curies":[{"name":"wp","href":"https:\/\/api.w.org\/{rel}","templated":true}]}}