{"id":44541,"date":"2014-03-21T09:34:02","date_gmt":"2014-03-21T12:34:02","guid":{"rendered":"http:\/\/www.eltrabajo.cl\/portal\/?p=44541"},"modified":"2014-03-21T09:34:02","modified_gmt":"2014-03-21T12:34:02","slug":"ferias-costumbrista-y-folclorica-se-realizaran-los-dias-22-y-23-de-marzo","status":"publish","type":"post","link":"https:\/\/eltrabajo.cl\/portal\/ferias-costumbrista-y-folclorica-se-realizaran-los-dias-22-y-23-de-marzo\/","title":{"rendered":"Ferias costumbrista y folcl\u00f3rica se realizar\u00e1n los d\u00edas 22 y 23 de marzo"},"content":{"rendered":"<figure id=\"attachment_44542\" aria-describedby=\"caption-attachment-44542\" style=\"width: 529px\" class=\"wp-caption alignnone\"><a href=\"https:\/\/i0.wp.com\/www.eltrabajo.cl\/portal\/wp-content\/uploads\/2014\/03\/feria2.jpg\"><img data-recalc-dims=\"1\" loading=\"lazy\" decoding=\"async\" class=\"size-full wp-image-44542\" alt=\"El domingo 23 la feria tambi\u00e9n comenzar\u00e1 a funcionar desde las 11:00 horas y por la tarde se llevar\u00e1 a cabo desde las 15:00 horas la Fiesta huasa.\" src=\"https:\/\/i0.wp.com\/www.eltrabajo.cl\/portal\/wp-content\/uploads\/2014\/03\/feria2.jpg?resize=529%2C316\" width=\"529\" height=\"316\" srcset=\"https:\/\/i0.wp.com\/eltrabajo.cl\/portal\/wp-content\/uploads\/2014\/03\/feria2.jpg?w=529&amp;ssl=1 529w, https:\/\/i0.wp.com\/eltrabajo.cl\/portal\/wp-content\/uploads\/2014\/03\/feria2.jpg?resize=200%2C119&amp;ssl=1 200w, https:\/\/i0.wp.com\/eltrabajo.cl\/portal\/wp-content\/uploads\/2014\/03\/feria2.jpg?resize=300%2C179&amp;ssl=1 300w, https:\/\/i0.wp.com\/eltrabajo.cl\/portal\/wp-content\/uploads\/2014\/03\/feria2.jpg?resize=150%2C89&amp;ssl=1 150w, https:\/\/i0.wp.com\/eltrabajo.cl\/portal\/wp-content\/uploads\/2014\/03\/feria2.jpg?resize=400%2C238&amp;ssl=1 400w\" sizes=\"auto, (max-width: 529px) 100vw, 529px\" \/><\/a><figcaption id=\"caption-attachment-44542\" class=\"wp-caption-text\">El domingo 23 la feria tambi\u00e9n comenzar\u00e1 a funcionar desde las 11:00 horas y por la tarde se llevar\u00e1 a cabo desde las 15:00 horas la Fiesta huasa.<\/figcaption><\/figure>\n<p><strong>PUTAENDO.-<\/strong> Con la presentaci\u00f3n de importantes n\u00fameros art\u00edsticos locales y el show principal de Los Hermanos Bustos, se llevar\u00e1 a cabo este fin de semana en el parque y medialuna comunal la gran Feria Costumbrista y Fiesta Folcl\u00f3rica organizada por la Municipalidad de Putaendo, en el contexto del aniversario 183 de la comuna.<\/p>\n<p>Una feria costumbrista que reunir\u00e1 m\u00e1s de 30 artesanos y que el municipio espera replicar durante el a\u00f1o con el fin de otorgar un espacio frecuente a los emprendedores de la comuna, adem\u00e1s, de otorgar una instancia de entretenci\u00f3n, comidas y artesan\u00edas t\u00edpicas, espect\u00e1culos musicales, fiesta huasa y un grato ambiento campestre.<\/p>\n<p>La feria se inaugurar\u00e1 el d\u00eda s\u00e1bado 22 a las 11:00 horas, dando inicio a las 20:00 horas la presentaci\u00f3n los afamados Hermanos Bustos, grandes referentes de la m\u00fasica ranchera nacional. El domingo 23 la feria tambi\u00e9n comenzar\u00e1 a funcionar desde las 11:00 horas y por la tarde se llevar\u00e1 a cabo desde las 15:00 horas la Fiesta huasa, a cargo de la Familia S\u00e1nchez. Pasadas las 17:00 horas comenzar\u00e1n \u2018Las 50 cuecas\u2019, donde se invita a toda la comunidad a participar y bailar toda la tarde nuestro baile nacional.<\/p>\n<figure id=\"attachment_44543\" aria-describedby=\"caption-attachment-44543\" style=\"width: 338px\" class=\"wp-caption alignright\"><a href=\"https:\/\/i0.wp.com\/www.eltrabajo.cl\/portal\/wp-content\/uploads\/2014\/03\/feria1.jpg\"><img data-recalc-dims=\"1\" loading=\"lazy\" decoding=\"async\" class=\" wp-image-44543  \" alt=\"La feria se inaugurar\u00e1 el d\u00eda s\u00e1bado 22 a las 11:00 horas, dando inicio a las 20:00 horas la presentaci\u00f3n los afamados Hermanos Bustos.\" src=\"https:\/\/i0.wp.com\/www.eltrabajo.cl\/portal\/wp-content\/uploads\/2014\/03\/feria1.jpg?resize=338%2C174\" width=\"338\" height=\"174\" srcset=\"https:\/\/i0.wp.com\/eltrabajo.cl\/portal\/wp-content\/uploads\/2014\/03\/feria1.jpg?w=529&amp;ssl=1 529w, https:\/\/i0.wp.com\/eltrabajo.cl\/portal\/wp-content\/uploads\/2014\/03\/feria1.jpg?resize=200%2C102&amp;ssl=1 200w, https:\/\/i0.wp.com\/eltrabajo.cl\/portal\/wp-content\/uploads\/2014\/03\/feria1.jpg?resize=300%2C154&amp;ssl=1 300w, https:\/\/i0.wp.com\/eltrabajo.cl\/portal\/wp-content\/uploads\/2014\/03\/feria1.jpg?resize=150%2C77&amp;ssl=1 150w, https:\/\/i0.wp.com\/eltrabajo.cl\/portal\/wp-content\/uploads\/2014\/03\/feria1.jpg?resize=400%2C205&amp;ssl=1 400w\" sizes=\"auto, (max-width: 338px) 100vw, 338px\" \/><\/a><figcaption id=\"caption-attachment-44543\" class=\"wp-caption-text\">La feria se inaugurar\u00e1 el d\u00eda s\u00e1bado 22 a las 11:00 horas, dando inicio a las 20:00 horas la presentaci\u00f3n los afamados Hermanos Bustos.<\/figcaption><\/figure>\n<p>Mes de aniversario lleno de actividades, conmemoraciones, inauguraciones y exposiciones del primer pueblo libre de Chile, donde destaca el desfile c\u00edvico-militar de este jueves 20 a las 11:00 horas, la exhibici\u00f3n de carros aleg\u00f3ricos y baile de disfraces el viernes 21 a las 20:00 horas. Adem\u00e1s, la presentaci\u00f3n art\u00edstica de la Orquesta de C\u00e1mara de Chile el s\u00e1bado al medio d\u00eda en el Templo Parroquial y la Misa a la chilena y de acci\u00f3n de gracias el domingo en Iglesia San Antonio de Padua.<\/p>\n<p>&nbsp;<\/p>\n","protected":false},"excerpt":{"rendered":"<p>PUTAENDO.- Con la presentaci\u00f3n de importantes n\u00fameros art\u00edsticos locales y el show principal de Los Hermanos Bustos, se llevar\u00e1 a cabo este fin de semana en el parque y medialuna comunal la&#8230;<\/p>\n","protected":false},"author":482,"featured_media":44542,"comment_status":"open","ping_status":"closed","sticky":false,"template":"","format":"standard","meta":{"advanced_seo_description":"","jetpack_seo_html_title":"","jetpack_seo_noindex":false,"_jetpack_memberships_contains_paid_content":false,"footnotes":""},"categories":[15],"tags":[],"class_list":["post-44541","post","type-post","status-publish","format-standard","has-post-thumbnail","hentry","category-comunidad"],"jetpack_featured_media_url":"https:\/\/i0.wp.com\/eltrabajo.cl\/portal\/wp-content\/uploads\/2014\/03\/feria2.jpg?fit=529%2C316&ssl=1","jetpack_sharing_enabled":true,"jetpack_likes_enabled":true,"jetpack-related-posts":[],"_links":{"self":[{"href":"https:\/\/eltrabajo.cl\/portal\/wp-json\/wp\/v2\/posts\/44541","targetHints":{"allow":["GET"]}}],"collection":[{"href":"https:\/\/eltrabajo.cl\/portal\/wp-json\/wp\/v2\/posts"}],"about":[{"href":"https:\/\/eltrabajo.cl\/portal\/wp-json\/wp\/v2\/types\/post"}],"author":[{"embeddable":true,"href":"https:\/\/eltrabajo.cl\/portal\/wp-json\/wp\/v2\/users\/482"}],"replies":[{"embeddable":true,"href":"https:\/\/eltrabajo.cl\/portal\/wp-json\/wp\/v2\/comments?post=44541"}],"version-history":[{"count":0,"href":"https:\/\/eltrabajo.cl\/portal\/wp-json\/wp\/v2\/posts\/44541\/revisions"}],"wp:featuredmedia":[{"embeddable":true,"href":"https:\/\/eltrabajo.cl\/portal\/wp-json\/wp\/v2\/media\/44542"}],"wp:attachment":[{"href":"https:\/\/eltrabajo.cl\/portal\/wp-json\/wp\/v2\/media?parent=44541"}],"wp:term":[{"taxonomy":"category","embeddable":true,"href":"https:\/\/eltrabajo.cl\/portal\/wp-json\/wp\/v2\/categories?post=44541"},{"taxonomy":"post_tag","embeddable":true,"href":"https:\/\/eltrabajo.cl\/portal\/wp-json\/wp\/v2\/tags?post=44541"}],"curies":[{"name":"wp","href":"https:\/\/api.w.org\/{rel}","templated":true}]}}