{"id":44547,"date":"2014-03-21T09:37:22","date_gmt":"2014-03-21T12:37:22","guid":{"rendered":"http:\/\/www.eltrabajo.cl\/portal\/?p=44547"},"modified":"2014-03-21T09:37:22","modified_gmt":"2014-03-21T12:37:22","slug":"cinco-centros-educativos-municipalizados-con-excelencia-academica","status":"publish","type":"post","link":"https:\/\/eltrabajo.cl\/portal\/cinco-centros-educativos-municipalizados-con-excelencia-academica\/","title":{"rendered":"Cinco centros educativos municipalizados con Excelencia acad\u00e9mica"},"content":{"rendered":"<figure id=\"attachment_44548\" aria-describedby=\"caption-attachment-44548\" style=\"width: 529px\" class=\"wp-caption alignnone\"><a href=\"https:\/\/i0.wp.com\/www.eltrabajo.cl\/portal\/wp-content\/uploads\/2014\/03\/Carmela-Carvajal1.jpg\"><img data-recalc-dims=\"1\" loading=\"lazy\" decoding=\"async\" class=\"size-full wp-image-44548\" alt=\"La Escuela Carmela Carvajal de Prat recibe el 60% de Excelencia acad\u00e9mica este a\u00f1o.\" src=\"https:\/\/i0.wp.com\/www.eltrabajo.cl\/portal\/wp-content\/uploads\/2014\/03\/Carmela-Carvajal1.jpg?resize=529%2C314\" width=\"529\" height=\"314\" srcset=\"https:\/\/i0.wp.com\/eltrabajo.cl\/portal\/wp-content\/uploads\/2014\/03\/Carmela-Carvajal1.jpg?w=529&amp;ssl=1 529w, https:\/\/i0.wp.com\/eltrabajo.cl\/portal\/wp-content\/uploads\/2014\/03\/Carmela-Carvajal1.jpg?resize=200%2C118&amp;ssl=1 200w, https:\/\/i0.wp.com\/eltrabajo.cl\/portal\/wp-content\/uploads\/2014\/03\/Carmela-Carvajal1.jpg?resize=300%2C178&amp;ssl=1 300w, https:\/\/i0.wp.com\/eltrabajo.cl\/portal\/wp-content\/uploads\/2014\/03\/Carmela-Carvajal1.jpg?resize=150%2C89&amp;ssl=1 150w, https:\/\/i0.wp.com\/eltrabajo.cl\/portal\/wp-content\/uploads\/2014\/03\/Carmela-Carvajal1.jpg?resize=400%2C237&amp;ssl=1 400w\" sizes=\"auto, (max-width: 529px) 100vw, 529px\" \/><\/a><figcaption id=\"caption-attachment-44548\" class=\"wp-caption-text\">La Escuela Carmela Carvajal de Prat recibe el 60% de Excelencia acad\u00e9mica este a\u00f1o.<\/figcaption><\/figure>\n<p>Esta semana se dio a conocer por parte de las autoridades educacionales de la comuna de San Felipe, la excelente noticia sobre la adjudicaci\u00f3n de la Excelencia acad\u00e9mica por parte de cinco establecimientos educacionales municipalizados de nuestra comuna. Los establecimientos beneficiados son las escuelas Mateo Cokljat de Tierras Blancas; Buen Pastor; Sagrado Coraz\u00f3n; Heriberto Berm\u00fadez Cruz y el Liceo Bicentenario Cordillera, mismos que reciben el 100 % del Sned (Sistema Nacional de Evaluaci\u00f3n del Desempe\u00f1o) y la Escuela Carmela Carvajal de Prat, que recibe el 60%.<\/p>\n<p>Lo anterior significa que el Ministerio de Educaci\u00f3n reconoce la labor que se realiza desde el punto de vista pedag\u00f3gico, siendo uno de los puntos importantes los buenos resultados acad\u00e9micos como el Simce, lo que permite asignar una subvenci\u00f3n para que los docentes y asistentes de la educaci\u00f3n reciban cuatro bonos en el a\u00f1o.<\/p>\n<p>Ver\u00f3nica Ossand\u00f3n, Subdirectora T\u00e9cnico Pedag\u00f3gica de la Daem, se\u00f1al\u00f3 que \u00ablo anterior es de suma importancia para nuestro sistema, ya que se reconoce la labor que se realiza al interior de los establecimientos educacionales municipalizados, abarcando el periodo entre los a\u00f1os 2012-2013, tomando en consideraci\u00f3n los resultados obtenidos durante ese periodo, para recibir los beneficios los a\u00f1os 2014-2015\u00bb.<\/p>\n<p>De los anteriores se destaca lo realizado por el Liceo Bicentenario Cordillera, que desde hace ya varios a\u00f1os mantiene esta distinci\u00f3n, con un porcentaje menor, siendo, de los 60 existentes con esta denominaci\u00f3n a nivel nacional, 21 quienes recibieron el 100 % de la subvenci\u00f3n, y de los cuales, siendo seis que existen en la Quinta Regi\u00f3n, s\u00f3lo dos los que lograron la m\u00e1xima asignaci\u00f3n, uno de ellos el Liceo Cordillera.<\/p>\n<p>Iv\u00e1n Silva Padilla, Director de Administraci\u00f3n Municipal, se\u00f1alo que \u00abeste es un tremendo logro conseguido a base de esfuerzo y perseverancia de todos quienes conformamos el sistema educacional municipalizado, demostrando que somos capaces de entregar un educaci\u00f3n de calidad, a todos nuestro ni\u00f1os y ni\u00f1as, reforzando la confianza que nuestros padres y apoderados nos han entregado, esto con la entera convicci\u00f3n, de que les estamos entregando las herramientas para ser exitosos y felices, siguiendo los lineamientos entregados por nuestro alcalde Patricio Freire, entregando nuestras felicitaciones a cada integrante de los establecimientos\u00bb.<\/p>\n<div class=\"tiled-gallery type-rectangular tiled-gallery-unresized\" data-original-width=\"640\" data-carousel-extra='null' itemscope itemtype=\"http:\/\/schema.org\/ImageGallery\" > <div class=\"gallery-row\" style=\"width: 640px; height: 192px;\" data-original-width=\"640\" data-original-height=\"192\" > <div class=\"gallery-group images-1\" style=\"width: 334px; height: 192px;\" data-original-width=\"334\" data-original-height=\"192\" > <div class=\"tiled-gallery-item tiled-gallery-item-large\" itemprop=\"associatedMedia\" itemscope itemtype=\"http:\/\/schema.org\/ImageObject\"> <a href=\"https:\/\/eltrabajo.cl\/portal\/cinco-centros-educativos-municipalizados-con-excelencia-academica\/cordillera1\/\" border=\"0\" itemprop=\"url\"> <meta itemprop=\"width\" content=\"330\"> <meta itemprop=\"height\" content=\"188\"> <img decoding=\"async\" class=\"\" data-attachment-id=\"44550\" data-orig-file=\"https:\/\/eltrabajo.cl\/portal\/wp-content\/uploads\/2014\/03\/Cordillera1.jpg\" data-orig-size=\"529,301\" data-comments-opened=\"1\" data-image-meta=\"{&quot;aperture&quot;:&quot;6.4&quot;,&quot;credit&quot;:&quot;&quot;,&quot;camera&quot;:&quot;FinePix S1600&quot;,&quot;caption&quot;:&quot;&quot;,&quot;created_timestamp&quot;:&quot;1384164493&quot;,&quot;copyright&quot;:&quot;&quot;,&quot;focal_length&quot;:&quot;5&quot;,&quot;iso&quot;:&quot;64&quot;,&quot;shutter_speed&quot;:&quot;0.0090909090909091&quot;,&quot;title&quot;:&quot;&quot;}\" data-image-title=\"Cordillera1\" data-image-description=\"&lt;p&gt;De los anteriores se destaca lo realizado por el Liceo Bicentenario Cordillera, que desde hace ya varios a\u00f1os mantiene esta distinci\u00f3n.&lt;\/p&gt; \" data-medium-file=\"https:\/\/i0.wp.com\/eltrabajo.cl\/portal\/wp-content\/uploads\/2014\/03\/Cordillera1.jpg?fit=300%2C170&#038;ssl=1\" data-large-file=\"https:\/\/i0.wp.com\/eltrabajo.cl\/portal\/wp-content\/uploads\/2014\/03\/Cordillera1.jpg?fit=529%2C301&#038;ssl=1\" src=\"https:\/\/i0.wp.com\/eltrabajo.cl\/portal\/wp-content\/uploads\/2014\/03\/Cordillera1.jpg?w=330&#038;h=188&#038;ssl=1\" srcset=\"https:\/\/i0.wp.com\/eltrabajo.cl\/portal\/wp-content\/uploads\/2014\/03\/Cordillera1.jpg?w=529&amp;ssl=1 529w, https:\/\/i0.wp.com\/eltrabajo.cl\/portal\/wp-content\/uploads\/2014\/03\/Cordillera1.jpg?resize=200%2C113&amp;ssl=1 200w, https:\/\/i0.wp.com\/eltrabajo.cl\/portal\/wp-content\/uploads\/2014\/03\/Cordillera1.jpg?resize=300%2C170&amp;ssl=1 300w, https:\/\/i0.wp.com\/eltrabajo.cl\/portal\/wp-content\/uploads\/2014\/03\/Cordillera1.jpg?resize=150%2C85&amp;ssl=1 150w, https:\/\/i0.wp.com\/eltrabajo.cl\/portal\/wp-content\/uploads\/2014\/03\/Cordillera1.jpg?resize=400%2C227&amp;ssl=1 400w\" width=\"330\" height=\"188\" loading=\"lazy\" data-original-width=\"330\" data-original-height=\"188\" itemprop=\"http:\/\/schema.org\/image\" title=\"Cordillera1\" alt=\"De los anteriores se destaca lo realizado por el Liceo Bicentenario Cordillera, que desde hace ya varios a\u00f1os mantiene esta distinci\u00f3n.\" style=\"width: 330px; height: 188px;\" \/> <\/a> <div class=\"tiled-gallery-caption\" itemprop=\"caption description\"> De los anteriores se destaca lo realizado por el Liceo Bicentenario Cordillera, que desde hace ya varios a\u00f1os mantiene esta distinci\u00f3n. <\/div> <\/div> <\/div> <!-- close group --> <div class=\"gallery-group images-1\" style=\"width: 306px; height: 192px;\" data-original-width=\"306\" data-original-height=\"192\" > <div class=\"tiled-gallery-item tiled-gallery-item-large\" itemprop=\"associatedMedia\" itemscope itemtype=\"http:\/\/schema.org\/ImageObject\"> <a href=\"https:\/\/eltrabajo.cl\/portal\/cinco-centros-educativos-municipalizados-con-excelencia-academica\/tierras-blancas\/\" border=\"0\" itemprop=\"url\"> <meta itemprop=\"width\" content=\"302\"> <meta itemprop=\"height\" content=\"188\"> <img decoding=\"async\" class=\"\" data-attachment-id=\"44549\" data-orig-file=\"https:\/\/eltrabajo.cl\/portal\/wp-content\/uploads\/2014\/03\/Tierras-Blancas.jpg\" data-orig-size=\"528,329\" data-comments-opened=\"1\" data-image-meta=\"{&quot;aperture&quot;:&quot;6.4&quot;,&quot;credit&quot;:&quot;&quot;,&quot;camera&quot;:&quot;FinePix S1600&quot;,&quot;caption&quot;:&quot;&quot;,&quot;created_timestamp&quot;:&quot;1383129465&quot;,&quot;copyright&quot;:&quot;&quot;,&quot;focal_length&quot;:&quot;5&quot;,&quot;iso&quot;:&quot;64&quot;,&quot;shutter_speed&quot;:&quot;0.0125&quot;,&quot;title&quot;:&quot;&quot;}\" data-image-title=\"Tierras Blancas\" data-image-description=\"&lt;p&gt;Los establecimientos beneficiados son las escuelas Mateo Cokljat de Tierras Blancas; Buen Pastor; Sagrado Coraz\u00f3n; Heriberto Berm\u00fadez Cruz y el Liceo Bicentenario Cordillera. En la foto, estudiantes de Tierras Blancas.&lt;\/p&gt; \" data-medium-file=\"https:\/\/i0.wp.com\/eltrabajo.cl\/portal\/wp-content\/uploads\/2014\/03\/Tierras-Blancas.jpg?fit=300%2C186&#038;ssl=1\" data-large-file=\"https:\/\/i0.wp.com\/eltrabajo.cl\/portal\/wp-content\/uploads\/2014\/03\/Tierras-Blancas.jpg?fit=528%2C329&#038;ssl=1\" src=\"https:\/\/i0.wp.com\/eltrabajo.cl\/portal\/wp-content\/uploads\/2014\/03\/Tierras-Blancas.jpg?w=302&#038;h=188&#038;ssl=1\" srcset=\"https:\/\/i0.wp.com\/eltrabajo.cl\/portal\/wp-content\/uploads\/2014\/03\/Tierras-Blancas.jpg?w=528&amp;ssl=1 528w, https:\/\/i0.wp.com\/eltrabajo.cl\/portal\/wp-content\/uploads\/2014\/03\/Tierras-Blancas.jpg?resize=200%2C124&amp;ssl=1 200w, https:\/\/i0.wp.com\/eltrabajo.cl\/portal\/wp-content\/uploads\/2014\/03\/Tierras-Blancas.jpg?resize=300%2C186&amp;ssl=1 300w, https:\/\/i0.wp.com\/eltrabajo.cl\/portal\/wp-content\/uploads\/2014\/03\/Tierras-Blancas.jpg?resize=150%2C93&amp;ssl=1 150w, https:\/\/i0.wp.com\/eltrabajo.cl\/portal\/wp-content\/uploads\/2014\/03\/Tierras-Blancas.jpg?resize=400%2C249&amp;ssl=1 400w\" width=\"302\" height=\"188\" loading=\"lazy\" data-original-width=\"302\" data-original-height=\"188\" itemprop=\"http:\/\/schema.org\/image\" title=\"Tierras Blancas\" alt=\"Los establecimientos beneficiados son las escuelas Mateo Cokljat de Tierras Blancas; Buen Pastor; Sagrado Coraz\u00f3n; Heriberto Berm\u00fadez Cruz y el Liceo Bicentenario Cordillera. En la foto, estudiantes de Tierras Blancas.\" style=\"width: 302px; height: 188px;\" \/> <\/a> <div class=\"tiled-gallery-caption\" itemprop=\"caption description\"> Los establecimientos beneficiados son las escuelas Mateo Cokljat de Tierras Blancas; Buen Pastor; Sagrado Coraz\u00f3n; Heriberto Berm\u00fadez Cruz y el Liceo Bicentenario Cordillera. En la foto, estudiantes de Tierras Blancas. <\/div> <\/div> <\/div> <!-- close group --> <\/div> <!-- close row --> <\/div>\n<p>&nbsp;<\/p>\n","protected":false},"excerpt":{"rendered":"<p>Esta semana se dio a conocer por parte de las autoridades educacionales de la comuna de San Felipe, la excelente noticia sobre la adjudicaci\u00f3n de la Excelencia acad\u00e9mica por parte de cinco&#8230;<\/p>\n","protected":false},"author":482,"featured_media":44548,"comment_status":"open","ping_status":"closed","sticky":false,"template":"","format":"standard","meta":{"advanced_seo_description":"","jetpack_seo_html_title":"","jetpack_seo_noindex":false,"_jetpack_memberships_contains_paid_content":false,"footnotes":""},"categories":[15],"tags":[],"class_list":["post-44547","post","type-post","status-publish","format-standard","has-post-thumbnail","hentry","category-comunidad"],"jetpack_featured_media_url":"https:\/\/i0.wp.com\/eltrabajo.cl\/portal\/wp-content\/uploads\/2014\/03\/Carmela-Carvajal1.jpg?fit=529%2C314&ssl=1","jetpack_sharing_enabled":true,"jetpack_likes_enabled":true,"jetpack-related-posts":[],"_links":{"self":[{"href":"https:\/\/eltrabajo.cl\/portal\/wp-json\/wp\/v2\/posts\/44547","targetHints":{"allow":["GET"]}}],"collection":[{"href":"https:\/\/eltrabajo.cl\/portal\/wp-json\/wp\/v2\/posts"}],"about":[{"href":"https:\/\/eltrabajo.cl\/portal\/wp-json\/wp\/v2\/types\/post"}],"author":[{"embeddable":true,"href":"https:\/\/eltrabajo.cl\/portal\/wp-json\/wp\/v2\/users\/482"}],"replies":[{"embeddable":true,"href":"https:\/\/eltrabajo.cl\/portal\/wp-json\/wp\/v2\/comments?post=44547"}],"version-history":[{"count":0,"href":"https:\/\/eltrabajo.cl\/portal\/wp-json\/wp\/v2\/posts\/44547\/revisions"}],"wp:featuredmedia":[{"embeddable":true,"href":"https:\/\/eltrabajo.cl\/portal\/wp-json\/wp\/v2\/media\/44548"}],"wp:attachment":[{"href":"https:\/\/eltrabajo.cl\/portal\/wp-json\/wp\/v2\/media?parent=44547"}],"wp:term":[{"taxonomy":"category","embeddable":true,"href":"https:\/\/eltrabajo.cl\/portal\/wp-json\/wp\/v2\/categories?post=44547"},{"taxonomy":"post_tag","embeddable":true,"href":"https:\/\/eltrabajo.cl\/portal\/wp-json\/wp\/v2\/tags?post=44547"}],"curies":[{"name":"wp","href":"https:\/\/api.w.org\/{rel}","templated":true}]}}