{"id":44553,"date":"2014-03-21T09:39:05","date_gmt":"2014-03-21T12:39:05","guid":{"rendered":"http:\/\/www.eltrabajo.cl\/portal\/?p=44553"},"modified":"2014-03-21T09:39:05","modified_gmt":"2014-03-21T12:39:05","slug":"senadora-de-amplitud-lily-perez-tras-las-renuncias-esto-tiene-que-ver-con-el-tironeo-de-los-partidos-politicos-y-el-cuoteo","status":"publish","type":"post","link":"https:\/\/eltrabajo.cl\/portal\/senadora-de-amplitud-lily-perez-tras-las-renuncias-esto-tiene-que-ver-con-el-tironeo-de-los-partidos-politicos-y-el-cuoteo\/","title":{"rendered":"Senadora de Amplitud Lily P\u00e9rez tras las renuncias: \u00abEsto tiene que ver con el tironeo de los partidos pol\u00edticos y el cuoteo\u00bb"},"content":{"rendered":"<figure id=\"attachment_44554\" aria-describedby=\"caption-attachment-44554\" style=\"width: 317px\" class=\"wp-caption alignleft\"><img data-recalc-dims=\"1\" loading=\"lazy\" decoding=\"async\" class=\" wp-image-44554 \" alt=\"La Senadora de Amplitud, Lily P\u00e9rez, asegur\u00f3 que la seguidilla no s\u00f3lo responde a la desprolijidad en la elecci\u00f3n de los cargos, sino que responde al \u2018tironeo de los partidos pol\u00edticos y el cuoteo\u2019.\" src=\"https:\/\/i0.wp.com\/www.eltrabajo.cl\/portal\/wp-content\/uploads\/2014\/03\/Lily-Perez.jpg?resize=317%2C358\" width=\"317\" height=\"358\" srcset=\"https:\/\/i0.wp.com\/eltrabajo.cl\/portal\/wp-content\/uploads\/2014\/03\/Lily-Perez.jpg?w=529&amp;ssl=1 529w, https:\/\/i0.wp.com\/eltrabajo.cl\/portal\/wp-content\/uploads\/2014\/03\/Lily-Perez.jpg?resize=133%2C150&amp;ssl=1 133w, https:\/\/i0.wp.com\/eltrabajo.cl\/portal\/wp-content\/uploads\/2014\/03\/Lily-Perez.jpg?resize=266%2C300&amp;ssl=1 266w, https:\/\/i0.wp.com\/eltrabajo.cl\/portal\/wp-content\/uploads\/2014\/03\/Lily-Perez.jpg?resize=400%2C450&amp;ssl=1 400w\" sizes=\"auto, (max-width: 317px) 100vw, 317px\" \/><\/a><figcaption id=\"caption-attachment-44554\" class=\"wp-caption-text\">La Senadora de Amplitud, Lily P\u00e9rez, asegur\u00f3 que la seguidilla no s\u00f3lo responde a la desprolijidad en la elecci\u00f3n de los cargos, sino que responde al \u2018tironeo de los partidos pol\u00edticos y el cuoteo\u2019.<\/figcaption><\/figure>\n<p>La Senadora de Amplitud, Lily P\u00e9rez, asegur\u00f3 que la seguidilla de renuncias tanto de los Subsecretarios como Gobernadores a una semana de instalado el Gobierno de la Presidente Bachelet, no s\u00f3lo responde a la desprolijidad en la elecci\u00f3n de los cargos, sino que responde al \u201ctironeo de los partidos pol\u00edticos y el cuoteo\u201d de la Concertaci\u00f3n, la que vendi\u00f3 el proyecto de la Nueva Mayor\u00eda en circunstancias que siguen siendo los mismos de siempre y con las mismas pr\u00e1cticas del pasado.<\/p>\n<p>\u201cEs una pena, porque la verdad es que la Nueva Mayor\u00eda arm\u00f3 todo un cuento de que era un nuevo equipo de gobierno; que era gente nueva; que iban a dejar atr\u00e1s las malas pr\u00e1cticas y que las cosas iban a ser distintas. Y todos hemos querido que sea as\u00ed. Pero desgraciadamente a tan pocos d\u00edas de la instalaci\u00f3n del gobierno, \u00e9ste ya lleva una semana de instalaci\u00f3n y cuatro subsecretarios no han podido asumir. Han tenido cualquier cantidad de problemas con los gobernadores\u201d.<\/p>\n<p>En este sentido la Senadora de Amplitud tambi\u00e9n manifest\u00f3 su preocupaci\u00f3n por el gobernador de Quillota, quien tambi\u00e9n tendr\u00eda problemas para asumir su cargo, argumentando que \u201ces un caso que hay que analizar\u201d.<\/p>\n<p>\u201cEstamos viendo que, efectivamente, la Nueva Mayor\u00eda, de Nueva Mayor\u00eda no tiene nada. Es la concertaci\u00f3n con las mismas malas costumbres de antes, y por lo tanto nosotros vamos a tener que trabajar el doble como Oposici\u00f3n para realmente ayudar a que las cosas las hagan mejor\u201d.<\/p>\n<p>As\u00ed mismo dijo que \u201cestamos dispuestos a apoyar y mejorar todos los proyectos que sean buenos para Chile, pero tambi\u00e9n vamos a estar vigilantes a que realmente no sigan cometiendo los errores que han cometido. Porque esto m\u00e1s que falta de prolijidad es realmente inentendible, porque tiene que ver con el tironeo de los partidos pol\u00edticos, tiene que ver con el tironeo de los cuoteos pol\u00edticos y al final, de eso no sale nada bueno\u201d, dijo Lily P\u00e9rez.<\/p>\n<p>Respecto de los rumores que desde la propia concertaci\u00f3n quieren pedir la renuncia del Ministro del Interior, la Senadora dijo que \u201cnosotros no somos Gobierno y creemos que esto no pasa por las personas; que se vaya uno u otro, esto tiene que ver con la maquinaria interna de lo que significa la Concertaci\u00f3n, y por lo tanto nosotros tenemos que trabajar mucho estos cuatro a\u00f1os para volver. Y vamos a volver al Gobierno con nuestras ideas de Centro Derecha, liberal, moderna y social\u201d, concluy\u00f3.<\/p>\n<p>&nbsp;<\/p>\n","protected":false},"excerpt":{"rendered":"<p>La Senadora de Amplitud, Lily P\u00e9rez, asegur\u00f3 que la seguidilla de renuncias tanto de los Subsecretarios como Gobernadores a una semana de instalado el Gobierno de la Presidente Bachelet, no s\u00f3lo responde&#8230;<\/p>\n","protected":false},"author":482,"featured_media":44554,"comment_status":"open","ping_status":"closed","sticky":false,"template":"","format":"standard","meta":{"advanced_seo_description":"","jetpack_seo_html_title":"","jetpack_seo_noindex":false,"_jetpack_memberships_contains_paid_content":false,"footnotes":""},"categories":[1],"tags":[],"class_list":["post-44553","post","type-post","status-publish","format-standard","has-post-thumbnail","hentry","category-cronica"],"jetpack_featured_media_url":"https:\/\/i0.wp.com\/eltrabajo.cl\/portal\/wp-content\/uploads\/2014\/03\/Lily-Perez.jpg?fit=529%2C596&ssl=1","jetpack_sharing_enabled":true,"jetpack_likes_enabled":true,"jetpack-related-posts":[],"_links":{"self":[{"href":"https:\/\/eltrabajo.cl\/portal\/wp-json\/wp\/v2\/posts\/44553","targetHints":{"allow":["GET"]}}],"collection":[{"href":"https:\/\/eltrabajo.cl\/portal\/wp-json\/wp\/v2\/posts"}],"about":[{"href":"https:\/\/eltrabajo.cl\/portal\/wp-json\/wp\/v2\/types\/post"}],"author":[{"embeddable":true,"href":"https:\/\/eltrabajo.cl\/portal\/wp-json\/wp\/v2\/users\/482"}],"replies":[{"embeddable":true,"href":"https:\/\/eltrabajo.cl\/portal\/wp-json\/wp\/v2\/comments?post=44553"}],"version-history":[{"count":0,"href":"https:\/\/eltrabajo.cl\/portal\/wp-json\/wp\/v2\/posts\/44553\/revisions"}],"wp:featuredmedia":[{"embeddable":true,"href":"https:\/\/eltrabajo.cl\/portal\/wp-json\/wp\/v2\/media\/44554"}],"wp:attachment":[{"href":"https:\/\/eltrabajo.cl\/portal\/wp-json\/wp\/v2\/media?parent=44553"}],"wp:term":[{"taxonomy":"category","embeddable":true,"href":"https:\/\/eltrabajo.cl\/portal\/wp-json\/wp\/v2\/categories?post=44553"},{"taxonomy":"post_tag","embeddable":true,"href":"https:\/\/eltrabajo.cl\/portal\/wp-json\/wp\/v2\/tags?post=44553"}],"curies":[{"name":"wp","href":"https:\/\/api.w.org\/{rel}","templated":true}]}}