{"id":44557,"date":"2014-03-21T09:40:30","date_gmt":"2014-03-21T12:40:30","guid":{"rendered":"http:\/\/www.eltrabajo.cl\/portal\/?p=44557"},"modified":"2014-03-21T09:40:30","modified_gmt":"2014-03-21T12:40:30","slug":"operativo-de-seguridad-en-todos-los-centros-educativos-municipalizados","status":"publish","type":"post","link":"https:\/\/eltrabajo.cl\/portal\/operativo-de-seguridad-en-todos-los-centros-educativos-municipalizados\/","title":{"rendered":"Operativo de seguridad en todos los centros educativos municipalizados"},"content":{"rendered":"<figure id=\"attachment_44558\" aria-describedby=\"caption-attachment-44558\" style=\"width: 529px\" class=\"wp-caption alignnone\"><img data-recalc-dims=\"1\" loading=\"lazy\" decoding=\"async\" class=\"size-full wp-image-44558\" alt=\"TODOS ATENTOS.- Un simulacro de emergencia, que contempl\u00f3 la participaci\u00f3n de todos los establecimientos educacionales municipalizados de la comuna de San Felipe.\" src=\"https:\/\/i0.wp.com\/www.eltrabajo.cl\/portal\/wp-content\/uploads\/2014\/03\/Simulacro1.jpg?resize=529%2C301\" width=\"529\" height=\"301\" srcset=\"https:\/\/i0.wp.com\/eltrabajo.cl\/portal\/wp-content\/uploads\/2014\/03\/Simulacro1.jpg?w=529&amp;ssl=1 529w, https:\/\/i0.wp.com\/eltrabajo.cl\/portal\/wp-content\/uploads\/2014\/03\/Simulacro1.jpg?resize=200%2C113&amp;ssl=1 200w, https:\/\/i0.wp.com\/eltrabajo.cl\/portal\/wp-content\/uploads\/2014\/03\/Simulacro1.jpg?resize=300%2C170&amp;ssl=1 300w, https:\/\/i0.wp.com\/eltrabajo.cl\/portal\/wp-content\/uploads\/2014\/03\/Simulacro1.jpg?resize=150%2C85&amp;ssl=1 150w, https:\/\/i0.wp.com\/eltrabajo.cl\/portal\/wp-content\/uploads\/2014\/03\/Simulacro1.jpg?resize=400%2C227&amp;ssl=1 400w\" sizes=\"auto, (max-width: 529px) 100vw, 529px\" \/><\/a><figcaption id=\"caption-attachment-44558\" class=\"wp-caption-text\">TODOS ATENTOS.- Un simulacro de emergencia, que contempl\u00f3 la participaci\u00f3n de todos los establecimientos educacionales municipalizados de la comuna de San Felipe.<\/figcaption><\/figure>\n<p>Un simulacro de emergencia, que contempl\u00f3 la participaci\u00f3n de todos los establecimientos educacionales municipalizados de la comuna de San Felipe, se realiz\u00f3 en horas de la ma\u00f1ana de ayer jueves. La actividad fue coordinada por la Daem, de acuerdo con lo indicado por el Alcalde Patricio Freire y cont\u00f3 con la colaboraci\u00f3n del Departamento de Seguridad Comunal, comenz\u00f3 alrededor de las 10:00 horas e incluy\u00f3 a los 22 establecimientos educacionales municipalizados, recibiendo importante informaci\u00f3n sobre c\u00f3mo deben reaccionar los alumnos ante la ocurrencia de una emergencia.<\/p>\n<p>Para la evaluaci\u00f3n se consider\u00f3 la valiosa participaci\u00f3n de personal de distintos departamentos de la Daem, mismos que examinaron rigurosamente el desarrollo del procedimiento, el que ser\u00e1 analizado por las autoridades correspondientes en las pr\u00f3ximas horas, para que a la brevedad se logre establecer un sistema de coordinaci\u00f3n y respuesta ante la ocurrencia de diferentes acontecimientos.<\/p>\n<p>Iv\u00e1n Silva Padilla, Director de Educaci\u00f3n Municipal, se\u00f1al\u00f3 que \u201ceste operativo se estaba preparando desde hace 15 d\u00edas, y logramos analizar los diferentes planes de emergencia que actualmente rigen a los colegios de nuestra comuna, por lo que consideramos, que lo realizado hoy fue un verdadero \u00e9xito, estando a favor del simulacro, el factor sorpresa, donde destac\u00f3 la responsabilidad con la que todo fue llevado a cabo, por eso agradecer la disposici\u00f3n de los funcionarios de la Daem, especialmente el trabajo de Patricia Pimentel, encargada de coordinar estas actividades\u201d.<\/p>\n<p>Una vez realizadas las evaluaciones, se coordinar\u00e1 la entrega de la informaci\u00f3n a los organismos de respuesta, para en una pr\u00f3xima actividad, se pueda hacer part\u00edcipe a toda la comunidad sanfelipe\u00f1a, abordando la materia de tanta importancia para las familias y dando as\u00ed cumplimiento a lo instruido por el Alcalde Freire.<\/p>\n<p>&nbsp;<\/p>\n","protected":false},"excerpt":{"rendered":"<p>Un simulacro de emergencia, que contempl\u00f3 la participaci\u00f3n de todos los establecimientos educacionales municipalizados de la comuna de San Felipe, se realiz\u00f3 en horas de la ma\u00f1ana de ayer jueves. La actividad&#8230;<\/p>\n","protected":false},"author":482,"featured_media":44558,"comment_status":"open","ping_status":"closed","sticky":false,"template":"","format":"standard","meta":{"advanced_seo_description":"","jetpack_seo_html_title":"","jetpack_seo_noindex":false,"_jetpack_memberships_contains_paid_content":false,"footnotes":""},"categories":[1],"tags":[],"class_list":["post-44557","post","type-post","status-publish","format-standard","has-post-thumbnail","hentry","category-cronica"],"jetpack_featured_media_url":"https:\/\/i0.wp.com\/eltrabajo.cl\/portal\/wp-content\/uploads\/2014\/03\/Simulacro1.jpg?fit=529%2C301&ssl=1","jetpack_sharing_enabled":true,"jetpack_likes_enabled":true,"jetpack-related-posts":[],"_links":{"self":[{"href":"https:\/\/eltrabajo.cl\/portal\/wp-json\/wp\/v2\/posts\/44557","targetHints":{"allow":["GET"]}}],"collection":[{"href":"https:\/\/eltrabajo.cl\/portal\/wp-json\/wp\/v2\/posts"}],"about":[{"href":"https:\/\/eltrabajo.cl\/portal\/wp-json\/wp\/v2\/types\/post"}],"author":[{"embeddable":true,"href":"https:\/\/eltrabajo.cl\/portal\/wp-json\/wp\/v2\/users\/482"}],"replies":[{"embeddable":true,"href":"https:\/\/eltrabajo.cl\/portal\/wp-json\/wp\/v2\/comments?post=44557"}],"version-history":[{"count":0,"href":"https:\/\/eltrabajo.cl\/portal\/wp-json\/wp\/v2\/posts\/44557\/revisions"}],"wp:featuredmedia":[{"embeddable":true,"href":"https:\/\/eltrabajo.cl\/portal\/wp-json\/wp\/v2\/media\/44558"}],"wp:attachment":[{"href":"https:\/\/eltrabajo.cl\/portal\/wp-json\/wp\/v2\/media?parent=44557"}],"wp:term":[{"taxonomy":"category","embeddable":true,"href":"https:\/\/eltrabajo.cl\/portal\/wp-json\/wp\/v2\/categories?post=44557"},{"taxonomy":"post_tag","embeddable":true,"href":"https:\/\/eltrabajo.cl\/portal\/wp-json\/wp\/v2\/tags?post=44557"}],"curies":[{"name":"wp","href":"https:\/\/api.w.org\/{rel}","templated":true}]}}