{"id":44560,"date":"2014-03-21T09:49:37","date_gmt":"2014-03-21T12:49:37","guid":{"rendered":"http:\/\/www.eltrabajo.cl\/portal\/?p=44560"},"modified":"2014-03-21T09:49:37","modified_gmt":"2014-03-21T12:49:37","slug":"multitudinario-desfile-para-conmemorar-los-183-anos-de-putaendo","status":"publish","type":"post","link":"https:\/\/eltrabajo.cl\/portal\/multitudinario-desfile-para-conmemorar-los-183-anos-de-putaendo\/","title":{"rendered":"Multitudinario desfile para conmemorar los 183 a\u00f1os de Putaendo"},"content":{"rendered":"<figure id=\"attachment_44561\" aria-describedby=\"caption-attachment-44561\" style=\"width: 529px\" class=\"wp-caption alignnone\"><a href=\"https:\/\/i0.wp.com\/www.eltrabajo.cl\/portal\/wp-content\/uploads\/2014\/03\/CENTRO-CULTURAL-RINCONADA-DE-SILVA-ORGANIZACION-DESTACADA.jpg\"><img data-recalc-dims=\"1\" loading=\"lazy\" decoding=\"async\" class=\"size-full wp-image-44561\" alt=\"Centro de Desarrollo y Expresi\u00f3n Cultural de Rinconada de Silva, Organizaci\u00f3n Destacada.\" src=\"https:\/\/i0.wp.com\/www.eltrabajo.cl\/portal\/wp-content\/uploads\/2014\/03\/CENTRO-CULTURAL-RINCONADA-DE-SILVA-ORGANIZACION-DESTACADA.jpg?resize=529%2C275\" width=\"529\" height=\"275\" srcset=\"https:\/\/i0.wp.com\/eltrabajo.cl\/portal\/wp-content\/uploads\/2014\/03\/CENTRO-CULTURAL-RINCONADA-DE-SILVA-ORGANIZACION-DESTACADA.jpg?w=529&amp;ssl=1 529w, https:\/\/i0.wp.com\/eltrabajo.cl\/portal\/wp-content\/uploads\/2014\/03\/CENTRO-CULTURAL-RINCONADA-DE-SILVA-ORGANIZACION-DESTACADA.jpg?resize=200%2C103&amp;ssl=1 200w, https:\/\/i0.wp.com\/eltrabajo.cl\/portal\/wp-content\/uploads\/2014\/03\/CENTRO-CULTURAL-RINCONADA-DE-SILVA-ORGANIZACION-DESTACADA.jpg?resize=300%2C155&amp;ssl=1 300w, https:\/\/i0.wp.com\/eltrabajo.cl\/portal\/wp-content\/uploads\/2014\/03\/CENTRO-CULTURAL-RINCONADA-DE-SILVA-ORGANIZACION-DESTACADA.jpg?resize=150%2C77&amp;ssl=1 150w, https:\/\/i0.wp.com\/eltrabajo.cl\/portal\/wp-content\/uploads\/2014\/03\/CENTRO-CULTURAL-RINCONADA-DE-SILVA-ORGANIZACION-DESTACADA.jpg?resize=400%2C207&amp;ssl=1 400w\" sizes=\"auto, (max-width: 529px) 100vw, 529px\" \/><\/a><figcaption id=\"caption-attachment-44561\" class=\"wp-caption-text\">Centro de Desarrollo y Expresi\u00f3n Cultural de Rinconada de Silva, Organizaci\u00f3n Destacada.<\/figcaption><\/figure>\n<p><strong>PUTAENDO<\/strong>.- El 20 de Marzo de 1831 la Asamblea de Aconcagua nombr\u00f3 a la comuna como Villa de San Antonio de la Uni\u00f3n de Putaendo y hoy, a 183 a\u00f1os, con un masivo desfile se celebr\u00f3 un nuevo aniversario.<\/p>\n<p>La ma\u00f1ana de este jueves en el frontis del templo parroquial se dieron cita todas las organizaciones vivas de la comuna: colegios, huasos, bomberos, los t\u00e1xis b\u00e1sicos y la l\u00ednea 1 de colectivos, adem\u00e1s de otras instituciones, para desfilar en honor a un nuevo aniversario de la comuna.<\/p>\n<p>En el palco de honor estaban presentes el Alcalde Guillermo Reyes y el Concejo Municipal en pleno como anfitriones; el diputado Marco Antonio N\u00fa\u00f1ez, el Gobernador Eduardo Le\u00f3n, representantes de la Prefectura de Carabineros Aconcagua, el Superintendente del Cuerpo de Bomberos de Putaendo Manuel Pizarro, el Padre Pedro Salinas, el director (S) del Hospital San Antonio, Jos\u00e9 Escalona, y representantes de diferentes organizaciones sociales y culturales de la comuna.<\/p>\n<p>En la ocasi\u00f3n y como invitada de honor se cont\u00f3 con la presencia de la Sra. \u00c1ngela Jeria, madre de la Presidenta de la Rep\u00fablica Michelle Bachelet, quien se mostr\u00f3 agradecida de la invitaci\u00f3n.<\/p>\n<p>El Alcalde Guillermo Reyes, en su intervenci\u00f3n, destac\u00f3 los avances que ha presentado Putaendo, la labor de las organizaciones y la consolidaci\u00f3n de esta comuna como referente patrimonial que se ha visto reflejado en los esfuerzos para declarar los Corrales del Chalaco como Monumento Nacional.<\/p>\n<p>Acto seguido, el Gobernador Eduardo Le\u00f3n agradeci\u00f3 al alcalde y sobre todo a los concejales por su inigualable apoyo mientras fue Consejero Regional, y se mostr\u00f3 feliz de estar celebrando el aniversario 183 de Putaendo, esta vez como Gobernador de la Provincia de San Felipe.<\/p>\n<p>La Sra. \u00c1ngela Jeria tambi\u00e9n hizo uso de la palabra y asegur\u00f3 estar contenta de la invitaci\u00f3n realizada por el Alcalde Guillermo Reyes para celebrar el aniversario de Putaendo, y adem\u00e1s agradeci\u00f3 el apoyo que la comunidad le dio a su hija, la presidenta Michelle Bachelet, el que se vio reflejado en la alta votaci\u00f3n que tuvo la actual mandataria en esta comuna. Adem\u00e1s recibi\u00f3 un reconocimiento por parte del Alcalde Guillermo Reyes.<\/p>\n<p>Posteriormente la Municipalidad de Putaendo, como ya es toda una tradici\u00f3n, procedi\u00f3 a entregar los reconocimientos a los vecinos distinguidos, que recayeron en Mar\u00eda In\u00e9s Jim\u00e9nez Araya, Sergio Calder\u00f3n Ponce y Guillermo Lobos Estay, organizaciones destacadas como el Centro de Desarrollo y Expresi\u00f3n Cultural de Rinconada de Silva, el Comit\u00e9 Telet\u00f3n de Las Coimas y la Asociaci\u00f3n de Poetas y Cantores a lo Divino de Putaendo, e hijo ilustre de Putaendo que recay\u00f3 en la persona de Manuel Pizarro Henr\u00edquez, Superintendente del Cuerpo de Bomberos de Putaendo.<\/p>\n<p>Dentro de esta ceremonia, la Asociaci\u00f3n de Funcionarios Municipales entreg\u00f3 hermosos reconocimientos a los tres funcionarios que fueron reconocidos como vecinos destacados y que se acoger\u00e1n a retiro.<\/p>\n<p>La cueca tambi\u00e9n estuvo presente en este nuevo aniversario con la presentaci\u00f3n de un grupo de j\u00f3venes del Liceo Manuel Mar\u00edn Fritis, quienes deleitaron a los presentes con la majestuosidad y destreza de su baile.<\/p>\n<p>Al comp\u00e1s de la Banda del Regimiento Reforzado N\u00b03 Yungay se dio inicio al desfile de honor del aniversario de Putaendo que cont\u00f3 con la presentaci\u00f3n de los jardines infantiles y clubes de adulto mayor, entre otras. Cuando correspondi\u00f3 el turno a los establecimientos educacionales de la comuna, la Banda del Regimiento Reforzado N\u00b03 Yungay se retir\u00f3 para dar paso al encajonamiento de la Banda del DAEM de Putaendo, conformada por estudiantes de los liceos Rep\u00fablica de Estados Unidos de Rinconada de Silva y Manuel Mar\u00edn Fritis, que tambi\u00e9n acompa\u00f1aron el desfilar de la delegaci\u00f3n del Hospital Psiqui\u00e1trico, el Cuerpo de Bomberos de Putaendo con sus tres compa\u00f1\u00edas y brigadas infantiles, de los taxis b\u00e1sicos y de la l\u00ednea 1 de colectivos de la comuna.<\/p>\n<p>Para finalizar, la Asociaci\u00f3n de Rodeo Laboral de Putaendo hizo entrega de un galvano en agradecimiento al Alcalde Guillermo Reyes y tambi\u00e9n ofrecieron el tradicional cacho de chica a todas las autoridades presentes para dar paso posteriormente al desfile de todos los integrantes de esta asociaci\u00f3n.<\/p>\n<p>&nbsp;<\/p>\n<p><strong>Los Distinguidos<\/strong><\/p>\n<p>Como ya es toda una tradici\u00f3n, en cada desfile de aniversario de la comuna, las autoridades hacen entrega de reconocimientos a hijo ilustre, ciudadanos distinguidos y organizaciones destacadas. Este a\u00f1o Diario El Trabajo le muestra la biograf\u00eda de cada uno de ellos.<\/p>\n<p>&nbsp;<\/p>\n<p><strong>Hijo Ilustre: Manuel Pizarro Henr\u00edquez<\/strong><\/p>\n<p>Manuel del Tr\u00e1nsito Pizarro Henr\u00edquez naci\u00f3 un 18 de agosto del a\u00f1o 1943, realiz\u00f3 sus estudios primarios en la Escuela San Ram\u00f3n de nuestra comuna, para posteriormente completar su ense\u00f1anza en el Liceo Roberto Humeres de San Felipe y en el Liceo de Putaendo.<\/p>\n<p>Desde el a\u00f1o 1970 hasta el a\u00f1o 1986 ejerci\u00f3 labores como profesor rural en la Escuela de Juan Rozas, posteriormente asume labores como director de la Escuela Gast\u00f3n Ormaz\u00e1bal Cabrera, tarea que desarroll\u00f3 por m\u00e1s de 22 a\u00f1os.<\/p>\n<p>Pero su inter\u00e9s de ayudar no solo se concret\u00f3 en la educaci\u00f3n de cientos de ni\u00f1os y j\u00f3venes putaendinos. Un d\u00eda 16 de septiembre del a\u00f1o 1959 es aceptada su solicitud de ingreso a la Primera Compa\u00f1\u00eda del Cuerpo de Bomberos de Putaendo, desde entonces ha ocupado diferentes cargos tanto dentro de la Primera Compa\u00f1\u00eda como en el Cuerpo de Bomberos de Putaendo. Entre estos destacamos maquinista de la instituci\u00f3n por m\u00e1s de 40 a\u00f1os, ayudante de comandante, director de la primera compa\u00f1\u00eda, vicesuperintendente del Cuerpo de Bomberos y Superintendente del Cuerpo de Bomberos de Putaendo, cargo que con orgullo ostenta hoy en d\u00eda.<\/p>\n<p>Sin duda el mayor orgullo de don Manuel o \u2018Manolito\u2019 como se le conoce cari\u00f1osamente, es ostentar el t\u00edtulo de bombero insigne de Chile, galard\u00f3n otorgado por la Junta Nacional de Bomberos de Chile, por 50 a\u00f1os de servicio a la comunidad.<\/p>\n<p>&nbsp;<\/p>\n<p><strong>Vecina destacada: Mar\u00eda In\u00e9s Jim\u00e9nez Araya<\/strong><\/p>\n<p>La Srta. Mar\u00eda In\u00e9s Jim\u00e9nez comenz\u00f3 su vida laboral en la Municipalidad de Putaendo en el Departamento de Educaci\u00f3n Municipal como administrativo en el a\u00f1o 1996. A contar del 1 de enero del 2000, pasa a cumplir funciones en el municipio de Putaendo como funcionaria municipal, administrativo grado 17.<\/p>\n<p>Do\u00f1a Mar\u00eda In\u00e9s se destaca ante la comunidad por su amabilidad y disposici\u00f3n con el fin de atender a sus vecinos y dentro de sus colegas de trabajo por su compa\u00f1erismo, siempre dispuesta a colaborar y de trabajo en equipo, sin importar ocupar parte de su tiempo en beneficio del servicio p\u00fablico.<\/p>\n<p>Como mujer podemos destacar su abnegaci\u00f3n para con su familia, en el que por a\u00f1os se vio como cuid\u00f3 a su madre de larga enfermedad, preocupada de sus hermanos, de su hijo y nietos y por qu\u00e9 no decirlo, de sus sobrinos.<\/p>\n<p>Dentro de sus gustos fue destacada por su pasi\u00f3n por el tejido, sus manualidades y su buena conducta.<\/p>\n<p>&nbsp;<\/p>\n<p><strong>Vecino Destacado: Sergio Calder\u00f3n Ponce<\/strong><\/p>\n<p>Luis Sergio Calder\u00f3n Ponce, comenz\u00f3 su vida laboral en la Municipalidad de Putaendo en servicios generales como obrero en el a\u00f1o 1984, con funciones de gasfiter\u00eda y actualmente cumple la funci\u00f3n de chofer con sus m\u00faltiples trabajos.<\/p>\n<p>Sergio Calder\u00f3n se destaca ante la comunidad por su amabilidad y disposici\u00f3n para atender a sus vecinos y dentro de sus colegas de trabajo por su compa\u00f1erismo, puntualidad y responsabilidad en el servicio.<\/p>\n<p>Dentro de sus gustos se destaca la gasfiter\u00eda en sus tiempos libres, adem\u00e1s se destaca por ser un hombre de familia, la cual disfruta con su pareja, hijo y nietos.<\/p>\n<p>&nbsp;<\/p>\n<p><strong>Vecino Destacado: Guillermo Lobos Estay<\/strong><\/p>\n<p>Guillermo Lobos Estay comenz\u00f3 su vida laboral en la Municipalidad de Putaendo en servicios generales como obrero en el a\u00f1o 1980, con funciones de gasfiter\u00eda y electricidad, actualmente cumple la funci\u00f3n de chofer y encargado de la bodega municipal.<\/p>\n<p>Don Guillermo Lobos, o como le dicen cari\u00f1osamente sus compa\u00f1eros de trabajo que le llaman \u2018Lobito\u2019, se destaca por ser un hombre de familia con una gran pasi\u00f3n por los caballos, la m\u00fasica y la lectura.<\/p>\n<p>&nbsp;<\/p>\n<p><strong>Organizaci\u00f3n Destacada: Centro de Desarrollo y Expresi\u00f3n Cultural de Rinconada de Silva<\/strong><\/p>\n<p>El Centro de Desarrollo y Expresi\u00f3n Cultural de Rinconada de Silva se encuentra ubicado en la Calle Centenario 1400 en Rinconada de Silva, comuna de Putaendo. Este centro cultural fue inaugurado el 12 de enero del a\u00f1o 2012, con el fin de ofrecer un espacio abierto a toda la comunidad de Rinconada de Silva y sus alrededores para el libre acceso a actividades culturales, recreativas y de aprendizaje.<\/p>\n<p>Es una organizaci\u00f3n sin fines de lucro, orientada a promover y difundir actividades e inquietudes culturales desde y hacia la comunidad, especialmente colocando \u00e9nfasis en el rescate del patrimonio humano de nuestra comuna.<\/p>\n<p>Entre sus actividades respaldan exposiciones de pinturas, artesan\u00edas, tejidos y manualidades de destacados cultores locales y provinciales, adem\u00e1s de conciertos folcl\u00f3ricos, presentaciones de libros de autores locales y su destacada feria de \u2018Artesan\u00eda y Gastronom\u00eda Tradicional, Saberes y Sabores de Rinconada de Silva\u2019.<\/p>\n<p>&nbsp;<\/p>\n<p><strong>Organizaci\u00f3n Destacada: Comisi\u00f3n Telet\u00f3n Las Coimas<\/strong><\/p>\n<p>La historia nace con dos vecinos del sector Las Coimas, Mat\u00edas y Jos\u00e9, quienes acuden a terapia en la Fundaci\u00f3n Telet\u00f3n.<\/p>\n<p>Estos ni\u00f1os fueron los que motivaron a un grupo de vecinos a crear la Agrupaci\u00f3n Comisi\u00f3n Telet\u00f3n Las Coimas.<\/p>\n<p>Nace el a\u00f1o 2007 con una campa\u00f1a puerta a puerta para juntar fondos para la Telet\u00f3n.<\/p>\n<p>Desde el 2008 hasta la fecha se formaliza la Comisi\u00f3n Telet\u00f3n con 9 integrantes que trabajan todos los a\u00f1os realizando la campa\u00f1a para juntar recursos para la Telet\u00f3n.<\/p>\n<p>Gracias al aporte de los vecinos y las empresas del sector han podido lograr todas las metas propuestas.<\/p>\n<p>&nbsp;<\/p>\n<p><strong>Organizaci\u00f3n Destacada: Agrupaci\u00f3n de Poetas Populares de Putaendo<\/strong><\/p>\n<p>Fue fundada el 28 de septiembre de 1998, tiene su personalidad jur\u00eddica vigente hasta el 6 de octubre de 2015.<\/p>\n<p>La instituci\u00f3n de cantores y cantoras a lo divino, ha representado a la comuna de Putaendo en muchos encuentros nacionales a lo largo de Chile.<\/p>\n<p>El s\u00e1bado 29 de octubre realizar\u00e1n el vig\u00e9simo primer Encuentro Nacional de Payadores en nuestra comuna.<\/p>\n<p>La directiva se compone por<\/p>\n<p>&#8211; Presidente: Pedro Adri\u00e1n Estay Tapia<\/p>\n<p>&#8211; Secretaria: Mar\u00eda Ang\u00e9lica B\u00e1ez Ibaceta<\/p>\n<p>&#8211; Tesorero: Rodolfo Antonio Estay Tapia.<\/p>\n<p>Patricio Gallardo M.<\/p>\n<div class=\"tiled-gallery type-rectangular tiled-gallery-unresized\" data-original-width=\"640\" data-carousel-extra='null' itemscope itemtype=\"http:\/\/schema.org\/ImageGallery\" > <div class=\"gallery-row\" style=\"width: 640px; height: 292px;\" data-original-width=\"640\" data-original-height=\"292\" > <div class=\"gallery-group images-1\" style=\"width: 419px; height: 292px;\" data-original-width=\"419\" data-original-height=\"292\" > <div class=\"tiled-gallery-item tiled-gallery-item-large\" itemprop=\"associatedMedia\" itemscope itemtype=\"http:\/\/schema.org\/ImageObject\"> <a href=\"https:\/\/eltrabajo.cl\/portal\/multitudinario-desfile-para-conmemorar-los-183-anos-de-putaendo\/bomberos-putaendo\/\" border=\"0\" itemprop=\"url\"> <meta itemprop=\"width\" content=\"415\"> <meta itemprop=\"height\" content=\"288\"> <img decoding=\"async\" class=\"\" data-attachment-id=\"44562\" data-orig-file=\"https:\/\/eltrabajo.cl\/portal\/wp-content\/uploads\/2014\/03\/bomberos-putaendo.jpg\" data-orig-size=\"529,368\" data-comments-opened=\"1\" data-image-meta=\"{&quot;aperture&quot;:&quot;5.6&quot;,&quot;credit&quot;:&quot;&quot;,&quot;camera&quot;:&quot;Canon EOS REBEL T3&quot;,&quot;caption&quot;:&quot;&quot;,&quot;created_timestamp&quot;:&quot;1382531425&quot;,&quot;copyright&quot;:&quot;&quot;,&quot;focal_length&quot;:&quot;28&quot;,&quot;iso&quot;:&quot;100&quot;,&quot;shutter_speed&quot;:&quot;0.002&quot;,&quot;title&quot;:&quot;&quot;}\" data-image-title=\"bomberos putaendo\" data-image-description=\"&lt;p&gt;Bomberos desfil\u00f3 junto a sus nuevas generaciones.&lt;\/p&gt; \" data-medium-file=\"https:\/\/i0.wp.com\/eltrabajo.cl\/portal\/wp-content\/uploads\/2014\/03\/bomberos-putaendo.jpg?fit=300%2C208&#038;ssl=1\" data-large-file=\"https:\/\/i0.wp.com\/eltrabajo.cl\/portal\/wp-content\/uploads\/2014\/03\/bomberos-putaendo.jpg?fit=529%2C368&#038;ssl=1\" src=\"https:\/\/i0.wp.com\/eltrabajo.cl\/portal\/wp-content\/uploads\/2014\/03\/bomberos-putaendo.jpg?w=415&#038;h=288&#038;ssl=1\" srcset=\"https:\/\/i0.wp.com\/eltrabajo.cl\/portal\/wp-content\/uploads\/2014\/03\/bomberos-putaendo.jpg?w=529&amp;ssl=1 529w, https:\/\/i0.wp.com\/eltrabajo.cl\/portal\/wp-content\/uploads\/2014\/03\/bomberos-putaendo.jpg?resize=200%2C139&amp;ssl=1 200w, https:\/\/i0.wp.com\/eltrabajo.cl\/portal\/wp-content\/uploads\/2014\/03\/bomberos-putaendo.jpg?resize=300%2C208&amp;ssl=1 300w, https:\/\/i0.wp.com\/eltrabajo.cl\/portal\/wp-content\/uploads\/2014\/03\/bomberos-putaendo.jpg?resize=150%2C104&amp;ssl=1 150w, https:\/\/i0.wp.com\/eltrabajo.cl\/portal\/wp-content\/uploads\/2014\/03\/bomberos-putaendo.jpg?resize=400%2C278&amp;ssl=1 400w\" width=\"415\" height=\"288\" loading=\"lazy\" data-original-width=\"415\" data-original-height=\"288\" itemprop=\"http:\/\/schema.org\/image\" title=\"bomberos putaendo\" alt=\"Bomberos desfil\u00f3 junto a sus nuevas generaciones.\" style=\"width: 415px; height: 288px;\" \/> <\/a> <div class=\"tiled-gallery-caption\" itemprop=\"caption description\"> Bomberos desfil\u00f3 junto a sus nuevas generaciones. <\/div> <\/div> <\/div> <!-- close group --> <div class=\"gallery-group images-2\" style=\"width: 221px; height: 292px;\" data-original-width=\"221\" data-original-height=\"292\" > <div class=\"tiled-gallery-item tiled-gallery-item-small\" itemprop=\"associatedMedia\" itemscope itemtype=\"http:\/\/schema.org\/ImageObject\"> <a href=\"https:\/\/eltrabajo.cl\/portal\/multitudinario-desfile-para-conmemorar-los-183-anos-de-putaendo\/escuela-paso-historico-el-tartaro\/\" border=\"0\" itemprop=\"url\"> <meta itemprop=\"width\" content=\"217\"> <meta itemprop=\"height\" content=\"147\"> <img decoding=\"async\" class=\"\" data-attachment-id=\"44563\" data-orig-file=\"https:\/\/eltrabajo.cl\/portal\/wp-content\/uploads\/2014\/03\/escuela-paso-historico-el-tartaro.jpg\" data-orig-size=\"529,358\" data-comments-opened=\"1\" data-image-meta=\"{&quot;aperture&quot;:&quot;5.6&quot;,&quot;credit&quot;:&quot;&quot;,&quot;camera&quot;:&quot;Canon EOS REBEL T3&quot;,&quot;caption&quot;:&quot;&quot;,&quot;created_timestamp&quot;:&quot;1382531757&quot;,&quot;copyright&quot;:&quot;&quot;,&quot;focal_length&quot;:&quot;44&quot;,&quot;iso&quot;:&quot;100&quot;,&quot;shutter_speed&quot;:&quot;0.00125&quot;,&quot;title&quot;:&quot;&quot;}\" data-image-title=\"escuela paso historico el tartaro\" data-image-description=\"&lt;p&gt;Alumnos de la Escuela Paso Hist\u00f3rico de El T\u00e1rtaro.&lt;\/p&gt; \" data-medium-file=\"https:\/\/i0.wp.com\/eltrabajo.cl\/portal\/wp-content\/uploads\/2014\/03\/escuela-paso-historico-el-tartaro.jpg?fit=300%2C203&#038;ssl=1\" data-large-file=\"https:\/\/i0.wp.com\/eltrabajo.cl\/portal\/wp-content\/uploads\/2014\/03\/escuela-paso-historico-el-tartaro.jpg?fit=529%2C358&#038;ssl=1\" src=\"https:\/\/i0.wp.com\/eltrabajo.cl\/portal\/wp-content\/uploads\/2014\/03\/escuela-paso-historico-el-tartaro.jpg?w=217&#038;h=147&#038;ssl=1\" srcset=\"https:\/\/i0.wp.com\/eltrabajo.cl\/portal\/wp-content\/uploads\/2014\/03\/escuela-paso-historico-el-tartaro.jpg?w=529&amp;ssl=1 529w, https:\/\/i0.wp.com\/eltrabajo.cl\/portal\/wp-content\/uploads\/2014\/03\/escuela-paso-historico-el-tartaro.jpg?resize=200%2C135&amp;ssl=1 200w, https:\/\/i0.wp.com\/eltrabajo.cl\/portal\/wp-content\/uploads\/2014\/03\/escuela-paso-historico-el-tartaro.jpg?resize=300%2C203&amp;ssl=1 300w, https:\/\/i0.wp.com\/eltrabajo.cl\/portal\/wp-content\/uploads\/2014\/03\/escuela-paso-historico-el-tartaro.jpg?resize=150%2C101&amp;ssl=1 150w, https:\/\/i0.wp.com\/eltrabajo.cl\/portal\/wp-content\/uploads\/2014\/03\/escuela-paso-historico-el-tartaro.jpg?resize=400%2C270&amp;ssl=1 400w\" width=\"217\" height=\"147\" loading=\"lazy\" data-original-width=\"217\" data-original-height=\"147\" itemprop=\"http:\/\/schema.org\/image\" title=\"escuela paso historico el tartaro\" alt=\"Alumnos de la Escuela Paso Hist\u00f3rico de El T\u00e1rtaro.\" style=\"width: 217px; height: 147px;\" \/> <\/a> <div class=\"tiled-gallery-caption\" itemprop=\"caption description\"> Alumnos de la Escuela Paso Hist\u00f3rico de El T\u00e1rtaro. <\/div> <\/div> <div class=\"tiled-gallery-item tiled-gallery-item-small\" itemprop=\"associatedMedia\" itemscope itemtype=\"http:\/\/schema.org\/ImageObject\"> <a href=\"https:\/\/eltrabajo.cl\/portal\/multitudinario-desfile-para-conmemorar-los-183-anos-de-putaendo\/vida-renovada\/\" border=\"0\" itemprop=\"url\"> <meta itemprop=\"width\" content=\"217\"> <meta itemprop=\"height\" content=\"137\"> <img decoding=\"async\" class=\"\" data-attachment-id=\"44564\" data-orig-file=\"https:\/\/eltrabajo.cl\/portal\/wp-content\/uploads\/2014\/03\/vida-renovada.jpg\" data-orig-size=\"528,333\" data-comments-opened=\"1\" data-image-meta=\"{&quot;aperture&quot;:&quot;5.6&quot;,&quot;credit&quot;:&quot;&quot;,&quot;camera&quot;:&quot;Canon EOS REBEL T3&quot;,&quot;caption&quot;:&quot;&quot;,&quot;created_timestamp&quot;:&quot;1382531343&quot;,&quot;copyright&quot;:&quot;&quot;,&quot;focal_length&quot;:&quot;44&quot;,&quot;iso&quot;:&quot;100&quot;,&quot;shutter_speed&quot;:&quot;0.00125&quot;,&quot;title&quot;:&quot;&quot;}\" data-image-title=\"vida renovada\" data-image-description=\"&lt;p&gt;Agrupaci\u00f3n de adultos mayores Vida Renovada de Putaendo.&lt;\/p&gt; \" data-medium-file=\"https:\/\/i0.wp.com\/eltrabajo.cl\/portal\/wp-content\/uploads\/2014\/03\/vida-renovada.jpg?fit=300%2C189&#038;ssl=1\" data-large-file=\"https:\/\/i0.wp.com\/eltrabajo.cl\/portal\/wp-content\/uploads\/2014\/03\/vida-renovada.jpg?fit=528%2C333&#038;ssl=1\" src=\"https:\/\/i0.wp.com\/eltrabajo.cl\/portal\/wp-content\/uploads\/2014\/03\/vida-renovada.jpg?w=217&#038;h=137&#038;ssl=1\" srcset=\"https:\/\/i0.wp.com\/eltrabajo.cl\/portal\/wp-content\/uploads\/2014\/03\/vida-renovada.jpg?w=528&amp;ssl=1 528w, https:\/\/i0.wp.com\/eltrabajo.cl\/portal\/wp-content\/uploads\/2014\/03\/vida-renovada.jpg?resize=200%2C126&amp;ssl=1 200w, https:\/\/i0.wp.com\/eltrabajo.cl\/portal\/wp-content\/uploads\/2014\/03\/vida-renovada.jpg?resize=300%2C189&amp;ssl=1 300w, https:\/\/i0.wp.com\/eltrabajo.cl\/portal\/wp-content\/uploads\/2014\/03\/vida-renovada.jpg?resize=150%2C94&amp;ssl=1 150w, https:\/\/i0.wp.com\/eltrabajo.cl\/portal\/wp-content\/uploads\/2014\/03\/vida-renovada.jpg?resize=400%2C252&amp;ssl=1 400w\" width=\"217\" height=\"137\" loading=\"lazy\" data-original-width=\"217\" data-original-height=\"137\" itemprop=\"http:\/\/schema.org\/image\" title=\"vida renovada\" alt=\"Agrupaci\u00f3n de adultos mayores Vida Renovada de Putaendo.\" style=\"width: 217px; height: 137px;\" \/> <\/a> <div class=\"tiled-gallery-caption\" itemprop=\"caption description\"> Agrupaci\u00f3n de adultos mayores Vida Renovada de Putaendo. <\/div> <\/div> <\/div> <!-- close group --> <\/div> <!-- close row --> <\/div>\n<div class=\"tiled-gallery type-rectangular tiled-gallery-unresized\" data-original-width=\"640\" data-carousel-extra='null' itemscope itemtype=\"http:\/\/schema.org\/ImageGallery\" > <div class=\"gallery-row\" style=\"width: 640px; height: 483px;\" data-original-width=\"640\" data-original-height=\"483\" > <div class=\"gallery-group images-3\" style=\"width: 239px; height: 483px;\" data-original-width=\"239\" data-original-height=\"483\" > <div class=\"tiled-gallery-item tiled-gallery-item-small\" itemprop=\"associatedMedia\" itemscope itemtype=\"http:\/\/schema.org\/ImageObject\"> <a href=\"https:\/\/eltrabajo.cl\/portal\/multitudinario-desfile-para-conmemorar-los-183-anos-de-putaendo\/bomberos-putaendo\/\" border=\"0\" itemprop=\"url\"> <meta itemprop=\"width\" content=\"235\"> <meta itemprop=\"height\" content=\"164\"> <img decoding=\"async\" class=\"\" data-attachment-id=\"44562\" data-orig-file=\"https:\/\/eltrabajo.cl\/portal\/wp-content\/uploads\/2014\/03\/bomberos-putaendo.jpg\" data-orig-size=\"529,368\" data-comments-opened=\"1\" data-image-meta=\"{&quot;aperture&quot;:&quot;5.6&quot;,&quot;credit&quot;:&quot;&quot;,&quot;camera&quot;:&quot;Canon EOS REBEL T3&quot;,&quot;caption&quot;:&quot;&quot;,&quot;created_timestamp&quot;:&quot;1382531425&quot;,&quot;copyright&quot;:&quot;&quot;,&quot;focal_length&quot;:&quot;28&quot;,&quot;iso&quot;:&quot;100&quot;,&quot;shutter_speed&quot;:&quot;0.002&quot;,&quot;title&quot;:&quot;&quot;}\" data-image-title=\"bomberos putaendo\" data-image-description=\"&lt;p&gt;Bomberos desfil\u00f3 junto a sus nuevas generaciones.&lt;\/p&gt; \" data-medium-file=\"https:\/\/i0.wp.com\/eltrabajo.cl\/portal\/wp-content\/uploads\/2014\/03\/bomberos-putaendo.jpg?fit=300%2C208&#038;ssl=1\" data-large-file=\"https:\/\/i0.wp.com\/eltrabajo.cl\/portal\/wp-content\/uploads\/2014\/03\/bomberos-putaendo.jpg?fit=529%2C368&#038;ssl=1\" src=\"https:\/\/i0.wp.com\/eltrabajo.cl\/portal\/wp-content\/uploads\/2014\/03\/bomberos-putaendo.jpg?w=235&#038;h=164&#038;ssl=1\" srcset=\"https:\/\/i0.wp.com\/eltrabajo.cl\/portal\/wp-content\/uploads\/2014\/03\/bomberos-putaendo.jpg?w=529&amp;ssl=1 529w, https:\/\/i0.wp.com\/eltrabajo.cl\/portal\/wp-content\/uploads\/2014\/03\/bomberos-putaendo.jpg?resize=200%2C139&amp;ssl=1 200w, https:\/\/i0.wp.com\/eltrabajo.cl\/portal\/wp-content\/uploads\/2014\/03\/bomberos-putaendo.jpg?resize=300%2C208&amp;ssl=1 300w, https:\/\/i0.wp.com\/eltrabajo.cl\/portal\/wp-content\/uploads\/2014\/03\/bomberos-putaendo.jpg?resize=150%2C104&amp;ssl=1 150w, https:\/\/i0.wp.com\/eltrabajo.cl\/portal\/wp-content\/uploads\/2014\/03\/bomberos-putaendo.jpg?resize=400%2C278&amp;ssl=1 400w\" width=\"235\" height=\"164\" loading=\"lazy\" data-original-width=\"235\" data-original-height=\"164\" itemprop=\"http:\/\/schema.org\/image\" title=\"bomberos putaendo\" alt=\"Bomberos desfil\u00f3 junto a sus nuevas generaciones.\" style=\"width: 235px; height: 164px;\" \/> <\/a> <div class=\"tiled-gallery-caption\" itemprop=\"caption description\"> Bomberos desfil\u00f3 junto a sus nuevas generaciones. <\/div> <\/div> <div class=\"tiled-gallery-item tiled-gallery-item-small\" itemprop=\"associatedMedia\" itemscope itemtype=\"http:\/\/schema.org\/ImageObject\"> <a href=\"https:\/\/eltrabajo.cl\/portal\/multitudinario-desfile-para-conmemorar-los-183-anos-de-putaendo\/escuela-paso-historico-el-tartaro\/\" border=\"0\" itemprop=\"url\"> <meta itemprop=\"width\" content=\"235\"> <meta itemprop=\"height\" content=\"159\"> <img decoding=\"async\" class=\"\" data-attachment-id=\"44563\" data-orig-file=\"https:\/\/eltrabajo.cl\/portal\/wp-content\/uploads\/2014\/03\/escuela-paso-historico-el-tartaro.jpg\" data-orig-size=\"529,358\" data-comments-opened=\"1\" data-image-meta=\"{&quot;aperture&quot;:&quot;5.6&quot;,&quot;credit&quot;:&quot;&quot;,&quot;camera&quot;:&quot;Canon EOS REBEL T3&quot;,&quot;caption&quot;:&quot;&quot;,&quot;created_timestamp&quot;:&quot;1382531757&quot;,&quot;copyright&quot;:&quot;&quot;,&quot;focal_length&quot;:&quot;44&quot;,&quot;iso&quot;:&quot;100&quot;,&quot;shutter_speed&quot;:&quot;0.00125&quot;,&quot;title&quot;:&quot;&quot;}\" data-image-title=\"escuela paso historico el tartaro\" data-image-description=\"&lt;p&gt;Alumnos de la Escuela Paso Hist\u00f3rico de El T\u00e1rtaro.&lt;\/p&gt; \" data-medium-file=\"https:\/\/i0.wp.com\/eltrabajo.cl\/portal\/wp-content\/uploads\/2014\/03\/escuela-paso-historico-el-tartaro.jpg?fit=300%2C203&#038;ssl=1\" data-large-file=\"https:\/\/i0.wp.com\/eltrabajo.cl\/portal\/wp-content\/uploads\/2014\/03\/escuela-paso-historico-el-tartaro.jpg?fit=529%2C358&#038;ssl=1\" src=\"https:\/\/i0.wp.com\/eltrabajo.cl\/portal\/wp-content\/uploads\/2014\/03\/escuela-paso-historico-el-tartaro.jpg?w=235&#038;h=159&#038;ssl=1\" srcset=\"https:\/\/i0.wp.com\/eltrabajo.cl\/portal\/wp-content\/uploads\/2014\/03\/escuela-paso-historico-el-tartaro.jpg?w=529&amp;ssl=1 529w, https:\/\/i0.wp.com\/eltrabajo.cl\/portal\/wp-content\/uploads\/2014\/03\/escuela-paso-historico-el-tartaro.jpg?resize=200%2C135&amp;ssl=1 200w, https:\/\/i0.wp.com\/eltrabajo.cl\/portal\/wp-content\/uploads\/2014\/03\/escuela-paso-historico-el-tartaro.jpg?resize=300%2C203&amp;ssl=1 300w, https:\/\/i0.wp.com\/eltrabajo.cl\/portal\/wp-content\/uploads\/2014\/03\/escuela-paso-historico-el-tartaro.jpg?resize=150%2C101&amp;ssl=1 150w, https:\/\/i0.wp.com\/eltrabajo.cl\/portal\/wp-content\/uploads\/2014\/03\/escuela-paso-historico-el-tartaro.jpg?resize=400%2C270&amp;ssl=1 400w\" width=\"235\" height=\"159\" loading=\"lazy\" data-original-width=\"235\" data-original-height=\"159\" itemprop=\"http:\/\/schema.org\/image\" title=\"escuela paso historico el tartaro\" alt=\"Alumnos de la Escuela Paso Hist\u00f3rico de El T\u00e1rtaro.\" style=\"width: 235px; height: 159px;\" \/> <\/a> <div class=\"tiled-gallery-caption\" itemprop=\"caption description\"> Alumnos de la Escuela Paso Hist\u00f3rico de El T\u00e1rtaro. <\/div> <\/div> <div class=\"tiled-gallery-item tiled-gallery-item-small\" itemprop=\"associatedMedia\" itemscope itemtype=\"http:\/\/schema.org\/ImageObject\"> <a href=\"https:\/\/eltrabajo.cl\/portal\/multitudinario-desfile-para-conmemorar-los-183-anos-de-putaendo\/vida-renovada\/\" border=\"0\" itemprop=\"url\"> <meta itemprop=\"width\" content=\"235\"> <meta itemprop=\"height\" content=\"148\"> <img decoding=\"async\" class=\"\" data-attachment-id=\"44564\" data-orig-file=\"https:\/\/eltrabajo.cl\/portal\/wp-content\/uploads\/2014\/03\/vida-renovada.jpg\" data-orig-size=\"528,333\" data-comments-opened=\"1\" data-image-meta=\"{&quot;aperture&quot;:&quot;5.6&quot;,&quot;credit&quot;:&quot;&quot;,&quot;camera&quot;:&quot;Canon EOS REBEL T3&quot;,&quot;caption&quot;:&quot;&quot;,&quot;created_timestamp&quot;:&quot;1382531343&quot;,&quot;copyright&quot;:&quot;&quot;,&quot;focal_length&quot;:&quot;44&quot;,&quot;iso&quot;:&quot;100&quot;,&quot;shutter_speed&quot;:&quot;0.00125&quot;,&quot;title&quot;:&quot;&quot;}\" data-image-title=\"vida renovada\" data-image-description=\"&lt;p&gt;Agrupaci\u00f3n de adultos mayores Vida Renovada de Putaendo.&lt;\/p&gt; \" data-medium-file=\"https:\/\/i0.wp.com\/eltrabajo.cl\/portal\/wp-content\/uploads\/2014\/03\/vida-renovada.jpg?fit=300%2C189&#038;ssl=1\" data-large-file=\"https:\/\/i0.wp.com\/eltrabajo.cl\/portal\/wp-content\/uploads\/2014\/03\/vida-renovada.jpg?fit=528%2C333&#038;ssl=1\" src=\"https:\/\/i0.wp.com\/eltrabajo.cl\/portal\/wp-content\/uploads\/2014\/03\/vida-renovada.jpg?w=235&#038;h=148&#038;ssl=1\" srcset=\"https:\/\/i0.wp.com\/eltrabajo.cl\/portal\/wp-content\/uploads\/2014\/03\/vida-renovada.jpg?w=528&amp;ssl=1 528w, https:\/\/i0.wp.com\/eltrabajo.cl\/portal\/wp-content\/uploads\/2014\/03\/vida-renovada.jpg?resize=200%2C126&amp;ssl=1 200w, https:\/\/i0.wp.com\/eltrabajo.cl\/portal\/wp-content\/uploads\/2014\/03\/vida-renovada.jpg?resize=300%2C189&amp;ssl=1 300w, https:\/\/i0.wp.com\/eltrabajo.cl\/portal\/wp-content\/uploads\/2014\/03\/vida-renovada.jpg?resize=150%2C94&amp;ssl=1 150w, https:\/\/i0.wp.com\/eltrabajo.cl\/portal\/wp-content\/uploads\/2014\/03\/vida-renovada.jpg?resize=400%2C252&amp;ssl=1 400w\" width=\"235\" height=\"148\" loading=\"lazy\" data-original-width=\"235\" data-original-height=\"148\" itemprop=\"http:\/\/schema.org\/image\" title=\"vida renovada\" alt=\"Agrupaci\u00f3n de adultos mayores Vida Renovada de Putaendo.\" style=\"width: 235px; height: 148px;\" \/> <\/a> <div class=\"tiled-gallery-caption\" itemprop=\"caption description\"> Agrupaci\u00f3n de adultos mayores Vida Renovada de Putaendo. <\/div> <\/div> <\/div> <!-- close group --> <div class=\"gallery-group images-1\" style=\"width: 401px; height: 483px;\" data-original-width=\"401\" data-original-height=\"483\" > <div class=\"tiled-gallery-item tiled-gallery-item-large\" itemprop=\"associatedMedia\" itemscope itemtype=\"http:\/\/schema.org\/ImageObject\"> <a href=\"https:\/\/eltrabajo.cl\/portal\/multitudinario-desfile-para-conmemorar-los-183-anos-de-putaendo\/comision-teleton-las-coimas-organizacion-destacada\/\" border=\"0\" itemprop=\"url\"> <meta itemprop=\"width\" content=\"397\"> <meta itemprop=\"height\" content=\"479\"> <img decoding=\"async\" class=\"\" data-attachment-id=\"44566\" data-orig-file=\"https:\/\/eltrabajo.cl\/portal\/wp-content\/uploads\/2014\/03\/COMISION-TELETON-LAS-COIMAS-ORGANIZACION-DESTACADA.jpg\" data-orig-size=\"529,638\" data-comments-opened=\"1\" data-image-meta=\"{&quot;aperture&quot;:&quot;5.6&quot;,&quot;credit&quot;:&quot;&quot;,&quot;camera&quot;:&quot;Canon EOS REBEL T3i&quot;,&quot;caption&quot;:&quot;&quot;,&quot;created_timestamp&quot;:&quot;1395313619&quot;,&quot;copyright&quot;:&quot;[wopmind]&quot;,&quot;focal_length&quot;:&quot;18&quot;,&quot;iso&quot;:&quot;800&quot;,&quot;shutter_speed&quot;:&quot;0.033333333333333&quot;,&quot;title&quot;:&quot;&quot;}\" data-image-title=\"COMISION TELETON LAS COIMAS-ORGANIZACION DESTACADA\" data-image-description=\"&lt;p&gt;Comisi\u00f3n Telet\u00f3n Las Coimas, Organizaci\u00f3n Destacada.&lt;\/p&gt; \" data-medium-file=\"https:\/\/i0.wp.com\/eltrabajo.cl\/portal\/wp-content\/uploads\/2014\/03\/COMISION-TELETON-LAS-COIMAS-ORGANIZACION-DESTACADA.jpg?fit=248%2C300&#038;ssl=1\" data-large-file=\"https:\/\/i0.wp.com\/eltrabajo.cl\/portal\/wp-content\/uploads\/2014\/03\/COMISION-TELETON-LAS-COIMAS-ORGANIZACION-DESTACADA.jpg?fit=529%2C638&#038;ssl=1\" src=\"https:\/\/i0.wp.com\/eltrabajo.cl\/portal\/wp-content\/uploads\/2014\/03\/COMISION-TELETON-LAS-COIMAS-ORGANIZACION-DESTACADA.jpg?w=397&#038;h=479&#038;ssl=1\" srcset=\"https:\/\/i0.wp.com\/eltrabajo.cl\/portal\/wp-content\/uploads\/2014\/03\/COMISION-TELETON-LAS-COIMAS-ORGANIZACION-DESTACADA.jpg?w=529&amp;ssl=1 529w, https:\/\/i0.wp.com\/eltrabajo.cl\/portal\/wp-content\/uploads\/2014\/03\/COMISION-TELETON-LAS-COIMAS-ORGANIZACION-DESTACADA.jpg?resize=124%2C150&amp;ssl=1 124w, https:\/\/i0.wp.com\/eltrabajo.cl\/portal\/wp-content\/uploads\/2014\/03\/COMISION-TELETON-LAS-COIMAS-ORGANIZACION-DESTACADA.jpg?resize=248%2C300&amp;ssl=1 248w, https:\/\/i0.wp.com\/eltrabajo.cl\/portal\/wp-content\/uploads\/2014\/03\/COMISION-TELETON-LAS-COIMAS-ORGANIZACION-DESTACADA.jpg?resize=400%2C482&amp;ssl=1 400w\" width=\"397\" height=\"479\" loading=\"lazy\" data-original-width=\"397\" data-original-height=\"479\" itemprop=\"http:\/\/schema.org\/image\" title=\"COMISION TELETON LAS COIMAS-ORGANIZACION DESTACADA\" alt=\"Comisi\u00f3n Telet\u00f3n Las Coimas, Organizaci\u00f3n Destacada.\" style=\"width: 397px; height: 479px;\" \/> <\/a> <div class=\"tiled-gallery-caption\" itemprop=\"caption description\"> Comisi\u00f3n Telet\u00f3n Las Coimas, Organizaci\u00f3n Destacada. <\/div> <\/div> <\/div> <!-- close group --> <\/div> <!-- close row --> <div class=\"gallery-row\" style=\"width: 640px; height: 177px;\" data-original-width=\"640\" data-original-height=\"177\" > <div class=\"gallery-group images-1\" style=\"width: 164px; height: 177px;\" data-original-width=\"164\" data-original-height=\"177\" > <div class=\"tiled-gallery-item tiled-gallery-item-small\" itemprop=\"associatedMedia\" itemscope itemtype=\"http:\/\/schema.org\/ImageObject\"> <a href=\"https:\/\/eltrabajo.cl\/portal\/multitudinario-desfile-para-conmemorar-los-183-anos-de-putaendo\/guillermo-lobos-vecino-destacado\/\" border=\"0\" itemprop=\"url\"> <meta itemprop=\"width\" content=\"160\"> <meta itemprop=\"height\" content=\"173\"> <img decoding=\"async\" class=\"\" data-attachment-id=\"44567\" data-orig-file=\"https:\/\/eltrabajo.cl\/portal\/wp-content\/uploads\/2014\/03\/GUILLERMO-LOBOS-VECINO-DESTACADO.jpg\" data-orig-size=\"529,573\" data-comments-opened=\"1\" data-image-meta=\"{&quot;aperture&quot;:&quot;3.5&quot;,&quot;credit&quot;:&quot;&quot;,&quot;camera&quot;:&quot;Canon EOS REBEL T3&quot;,&quot;caption&quot;:&quot;&quot;,&quot;created_timestamp&quot;:&quot;1382529483&quot;,&quot;copyright&quot;:&quot;&quot;,&quot;focal_length&quot;:&quot;28&quot;,&quot;iso&quot;:&quot;800&quot;,&quot;shutter_speed&quot;:&quot;0.0025&quot;,&quot;title&quot;:&quot;&quot;}\" data-image-title=\"GUILLERMO LOBOS-VECINO DESTACADO\" data-image-description=\"&lt;p&gt;Guillermo Lobos Estay, Vecino Destacado.&lt;\/p&gt; \" data-medium-file=\"https:\/\/i0.wp.com\/eltrabajo.cl\/portal\/wp-content\/uploads\/2014\/03\/GUILLERMO-LOBOS-VECINO-DESTACADO.jpg?fit=276%2C300&#038;ssl=1\" data-large-file=\"https:\/\/i0.wp.com\/eltrabajo.cl\/portal\/wp-content\/uploads\/2014\/03\/GUILLERMO-LOBOS-VECINO-DESTACADO.jpg?fit=529%2C573&#038;ssl=1\" src=\"https:\/\/i0.wp.com\/eltrabajo.cl\/portal\/wp-content\/uploads\/2014\/03\/GUILLERMO-LOBOS-VECINO-DESTACADO.jpg?w=160&#038;h=173&#038;ssl=1\" srcset=\"https:\/\/i0.wp.com\/eltrabajo.cl\/portal\/wp-content\/uploads\/2014\/03\/GUILLERMO-LOBOS-VECINO-DESTACADO.jpg?w=529&amp;ssl=1 529w, https:\/\/i0.wp.com\/eltrabajo.cl\/portal\/wp-content\/uploads\/2014\/03\/GUILLERMO-LOBOS-VECINO-DESTACADO.jpg?resize=138%2C150&amp;ssl=1 138w, https:\/\/i0.wp.com\/eltrabajo.cl\/portal\/wp-content\/uploads\/2014\/03\/GUILLERMO-LOBOS-VECINO-DESTACADO.jpg?resize=276%2C300&amp;ssl=1 276w, https:\/\/i0.wp.com\/eltrabajo.cl\/portal\/wp-content\/uploads\/2014\/03\/GUILLERMO-LOBOS-VECINO-DESTACADO.jpg?resize=400%2C433&amp;ssl=1 400w\" width=\"160\" height=\"173\" loading=\"lazy\" data-original-width=\"160\" data-original-height=\"173\" itemprop=\"http:\/\/schema.org\/image\" title=\"GUILLERMO LOBOS-VECINO DESTACADO\" alt=\"Guillermo Lobos Estay, Vecino Destacado.\" style=\"width: 160px; height: 173px;\" \/> <\/a> <div class=\"tiled-gallery-caption\" itemprop=\"caption description\"> Guillermo Lobos Estay, Vecino Destacado. <\/div> <\/div> <\/div> <!-- close group --> <div class=\"gallery-group images-1\" style=\"width: 134px; height: 177px;\" data-original-width=\"134\" data-original-height=\"177\" > <div class=\"tiled-gallery-item tiled-gallery-item-small\" itemprop=\"associatedMedia\" itemscope itemtype=\"http:\/\/schema.org\/ImageObject\"> <a href=\"https:\/\/eltrabajo.cl\/portal\/multitudinario-desfile-para-conmemorar-los-183-anos-de-putaendo\/manuel-pizarro-hijo-ilustre\/\" border=\"0\" itemprop=\"url\"> <meta itemprop=\"width\" content=\"130\"> <meta itemprop=\"height\" content=\"173\"> <img decoding=\"async\" class=\"\" data-attachment-id=\"44568\" data-orig-file=\"https:\/\/eltrabajo.cl\/portal\/wp-content\/uploads\/2014\/03\/MANUEL-PIZARRO-HIJO-ILUSTRE.jpg\" data-orig-size=\"529,702\" data-comments-opened=\"1\" data-image-meta=\"{&quot;aperture&quot;:&quot;5.6&quot;,&quot;credit&quot;:&quot;&quot;,&quot;camera&quot;:&quot;Canon EOS REBEL T3i&quot;,&quot;caption&quot;:&quot;&quot;,&quot;created_timestamp&quot;:&quot;1395313958&quot;,&quot;copyright&quot;:&quot;[wopmind]&quot;,&quot;focal_length&quot;:&quot;18&quot;,&quot;iso&quot;:&quot;640&quot;,&quot;shutter_speed&quot;:&quot;0.025&quot;,&quot;title&quot;:&quot;&quot;}\" data-image-title=\"MANUEL PIZARRO-HIJO ILUSTRE\" data-image-description=\"&lt;p&gt;Manuel Pizarro Henr\u00edquez, Hijo Ilustre.&lt;\/p&gt; \" data-medium-file=\"https:\/\/i0.wp.com\/eltrabajo.cl\/portal\/wp-content\/uploads\/2014\/03\/MANUEL-PIZARRO-HIJO-ILUSTRE.jpg?fit=226%2C300&#038;ssl=1\" data-large-file=\"https:\/\/i0.wp.com\/eltrabajo.cl\/portal\/wp-content\/uploads\/2014\/03\/MANUEL-PIZARRO-HIJO-ILUSTRE.jpg?fit=529%2C702&#038;ssl=1\" src=\"https:\/\/i0.wp.com\/eltrabajo.cl\/portal\/wp-content\/uploads\/2014\/03\/MANUEL-PIZARRO-HIJO-ILUSTRE.jpg?w=130&#038;h=173&#038;ssl=1\" srcset=\"https:\/\/i0.wp.com\/eltrabajo.cl\/portal\/wp-content\/uploads\/2014\/03\/MANUEL-PIZARRO-HIJO-ILUSTRE.jpg?w=529&amp;ssl=1 529w, https:\/\/i0.wp.com\/eltrabajo.cl\/portal\/wp-content\/uploads\/2014\/03\/MANUEL-PIZARRO-HIJO-ILUSTRE.jpg?resize=113%2C150&amp;ssl=1 113w, https:\/\/i0.wp.com\/eltrabajo.cl\/portal\/wp-content\/uploads\/2014\/03\/MANUEL-PIZARRO-HIJO-ILUSTRE.jpg?resize=226%2C300&amp;ssl=1 226w, https:\/\/i0.wp.com\/eltrabajo.cl\/portal\/wp-content\/uploads\/2014\/03\/MANUEL-PIZARRO-HIJO-ILUSTRE.jpg?resize=400%2C530&amp;ssl=1 400w\" width=\"130\" height=\"173\" loading=\"lazy\" data-original-width=\"130\" data-original-height=\"173\" itemprop=\"http:\/\/schema.org\/image\" title=\"MANUEL PIZARRO-HIJO ILUSTRE\" alt=\"Manuel Pizarro Henr\u00edquez, Hijo Ilustre.\" style=\"width: 130px; height: 173px;\" \/> <\/a> <div class=\"tiled-gallery-caption\" itemprop=\"caption description\"> Manuel Pizarro Henr\u00edquez, Hijo Ilustre. <\/div> <\/div> <\/div> <!-- close group --> <div class=\"gallery-group images-1\" style=\"width: 142px; height: 177px;\" data-original-width=\"142\" data-original-height=\"177\" > <div class=\"tiled-gallery-item tiled-gallery-item-small\" itemprop=\"associatedMedia\" itemscope itemtype=\"http:\/\/schema.org\/ImageObject\"> <a href=\"https:\/\/eltrabajo.cl\/portal\/multitudinario-desfile-para-conmemorar-los-183-anos-de-putaendo\/sergio-calderon-vecino-destacado\/\" border=\"0\" itemprop=\"url\"> <meta itemprop=\"width\" content=\"138\"> <meta itemprop=\"height\" content=\"173\"> <img decoding=\"async\" class=\"\" data-attachment-id=\"44570\" data-orig-file=\"https:\/\/eltrabajo.cl\/portal\/wp-content\/uploads\/2014\/03\/SERGIO-CALDERON-VECINO-DESTACADO.jpg\" data-orig-size=\"529,664\" data-comments-opened=\"1\" data-image-meta=\"{&quot;aperture&quot;:&quot;3.5&quot;,&quot;credit&quot;:&quot;&quot;,&quot;camera&quot;:&quot;Canon EOS REBEL T3&quot;,&quot;caption&quot;:&quot;&quot;,&quot;created_timestamp&quot;:&quot;1382529623&quot;,&quot;copyright&quot;:&quot;&quot;,&quot;focal_length&quot;:&quot;28&quot;,&quot;iso&quot;:&quot;1000&quot;,&quot;shutter_speed&quot;:&quot;0.0025&quot;,&quot;title&quot;:&quot;&quot;}\" data-image-title=\"SERGIO CALDERON-VECINO DESTACADO\" data-image-description=\"&lt;p&gt;Sergio Calder\u00f3n Ponce, Vecino Destacado.&lt;\/p&gt; \" data-medium-file=\"https:\/\/i0.wp.com\/eltrabajo.cl\/portal\/wp-content\/uploads\/2014\/03\/SERGIO-CALDERON-VECINO-DESTACADO.jpg?fit=239%2C300&#038;ssl=1\" data-large-file=\"https:\/\/i0.wp.com\/eltrabajo.cl\/portal\/wp-content\/uploads\/2014\/03\/SERGIO-CALDERON-VECINO-DESTACADO.jpg?fit=529%2C664&#038;ssl=1\" src=\"https:\/\/i0.wp.com\/eltrabajo.cl\/portal\/wp-content\/uploads\/2014\/03\/SERGIO-CALDERON-VECINO-DESTACADO.jpg?w=138&#038;h=173&#038;ssl=1\" srcset=\"https:\/\/i0.wp.com\/eltrabajo.cl\/portal\/wp-content\/uploads\/2014\/03\/SERGIO-CALDERON-VECINO-DESTACADO.jpg?w=529&amp;ssl=1 529w, https:\/\/i0.wp.com\/eltrabajo.cl\/portal\/wp-content\/uploads\/2014\/03\/SERGIO-CALDERON-VECINO-DESTACADO.jpg?resize=119%2C150&amp;ssl=1 119w, https:\/\/i0.wp.com\/eltrabajo.cl\/portal\/wp-content\/uploads\/2014\/03\/SERGIO-CALDERON-VECINO-DESTACADO.jpg?resize=239%2C300&amp;ssl=1 239w, https:\/\/i0.wp.com\/eltrabajo.cl\/portal\/wp-content\/uploads\/2014\/03\/SERGIO-CALDERON-VECINO-DESTACADO.jpg?resize=400%2C502&amp;ssl=1 400w\" width=\"138\" height=\"173\" loading=\"lazy\" data-original-width=\"138\" data-original-height=\"173\" itemprop=\"http:\/\/schema.org\/image\" title=\"SERGIO CALDERON-VECINO DESTACADO\" alt=\"Sergio Calder\u00f3n Ponce, Vecino Destacado.\" style=\"width: 138px; height: 173px;\" \/> <\/a> <div class=\"tiled-gallery-caption\" itemprop=\"caption description\"> Sergio Calder\u00f3n Ponce, Vecino Destacado. <\/div> <\/div> <\/div> <!-- close group --> <div class=\"gallery-group images-1\" style=\"width: 200px; height: 177px;\" data-original-width=\"200\" data-original-height=\"177\" > <div class=\"tiled-gallery-item tiled-gallery-item-small\" itemprop=\"associatedMedia\" itemscope itemtype=\"http:\/\/schema.org\/ImageObject\"> <a href=\"https:\/\/eltrabajo.cl\/portal\/multitudinario-desfile-para-conmemorar-los-183-anos-de-putaendo\/agrupacion-de-poetas-populares-organizacion-destacada\/\" border=\"0\" itemprop=\"url\"> <meta itemprop=\"width\" content=\"196\"> <meta itemprop=\"height\" content=\"173\"> <img decoding=\"async\" class=\"\" data-attachment-id=\"44565\" data-orig-file=\"https:\/\/eltrabajo.cl\/portal\/wp-content\/uploads\/2014\/03\/AGRUPACION-DE-POETAS-POPULARES-ORGANIZACION-DESTACADA.jpg\" data-orig-size=\"529,466\" data-comments-opened=\"1\" data-image-meta=\"{&quot;aperture&quot;:&quot;5.6&quot;,&quot;credit&quot;:&quot;&quot;,&quot;camera&quot;:&quot;Canon EOS REBEL T3i&quot;,&quot;caption&quot;:&quot;&quot;,&quot;created_timestamp&quot;:&quot;1395313487&quot;,&quot;copyright&quot;:&quot;[wopmind]&quot;,&quot;focal_length&quot;:&quot;18&quot;,&quot;iso&quot;:&quot;640&quot;,&quot;shutter_speed&quot;:&quot;0.033333333333333&quot;,&quot;title&quot;:&quot;&quot;}\" data-image-title=\"AGRUPACION DE POETAS POPULARES-ORGANIZACION DESTACADA\" data-image-description=\"&lt;p&gt;Organizaci\u00f3n Destacada: Agrupaci\u00f3n de Poetas Populares de Putaendo.&lt;\/p&gt; \" data-medium-file=\"https:\/\/i0.wp.com\/eltrabajo.cl\/portal\/wp-content\/uploads\/2014\/03\/AGRUPACION-DE-POETAS-POPULARES-ORGANIZACION-DESTACADA.jpg?fit=300%2C264&#038;ssl=1\" data-large-file=\"https:\/\/i0.wp.com\/eltrabajo.cl\/portal\/wp-content\/uploads\/2014\/03\/AGRUPACION-DE-POETAS-POPULARES-ORGANIZACION-DESTACADA.jpg?fit=529%2C466&#038;ssl=1\" src=\"https:\/\/i0.wp.com\/eltrabajo.cl\/portal\/wp-content\/uploads\/2014\/03\/AGRUPACION-DE-POETAS-POPULARES-ORGANIZACION-DESTACADA.jpg?w=196&#038;h=173&#038;ssl=1\" srcset=\"https:\/\/i0.wp.com\/eltrabajo.cl\/portal\/wp-content\/uploads\/2014\/03\/AGRUPACION-DE-POETAS-POPULARES-ORGANIZACION-DESTACADA.jpg?w=529&amp;ssl=1 529w, https:\/\/i0.wp.com\/eltrabajo.cl\/portal\/wp-content\/uploads\/2014\/03\/AGRUPACION-DE-POETAS-POPULARES-ORGANIZACION-DESTACADA.jpg?resize=170%2C150&amp;ssl=1 170w, https:\/\/i0.wp.com\/eltrabajo.cl\/portal\/wp-content\/uploads\/2014\/03\/AGRUPACION-DE-POETAS-POPULARES-ORGANIZACION-DESTACADA.jpg?resize=300%2C264&amp;ssl=1 300w, https:\/\/i0.wp.com\/eltrabajo.cl\/portal\/wp-content\/uploads\/2014\/03\/AGRUPACION-DE-POETAS-POPULARES-ORGANIZACION-DESTACADA.jpg?resize=150%2C132&amp;ssl=1 150w, https:\/\/i0.wp.com\/eltrabajo.cl\/portal\/wp-content\/uploads\/2014\/03\/AGRUPACION-DE-POETAS-POPULARES-ORGANIZACION-DESTACADA.jpg?resize=400%2C352&amp;ssl=1 400w\" width=\"196\" height=\"173\" loading=\"lazy\" data-original-width=\"196\" data-original-height=\"173\" itemprop=\"http:\/\/schema.org\/image\" title=\"AGRUPACION DE POETAS POPULARES-ORGANIZACION DESTACADA\" alt=\"Organizaci\u00f3n Destacada: Agrupaci\u00f3n de Poetas Populares de Putaendo.\" style=\"width: 196px; height: 173px;\" \/> <\/a> <div class=\"tiled-gallery-caption\" itemprop=\"caption description\"> Organizaci\u00f3n Destacada: Agrupaci\u00f3n de Poetas Populares de Putaendo. <\/div> <\/div> <\/div> <!-- close group --> <\/div> <!-- close row --> <\/div>\n<p>&nbsp;<\/p>\n","protected":false},"excerpt":{"rendered":"<p>PUTAENDO.- El 20 de Marzo de 1831 la Asamblea de Aconcagua nombr\u00f3 a la comuna como Villa de San Antonio de la Uni\u00f3n de Putaendo y hoy, a 183 a\u00f1os, con un&#8230;<\/p>\n","protected":false},"author":482,"featured_media":44561,"comment_status":"open","ping_status":"closed","sticky":false,"template":"","format":"standard","meta":{"advanced_seo_description":"","jetpack_seo_html_title":"","jetpack_seo_noindex":false,"_jetpack_memberships_contains_paid_content":false,"footnotes":""},"categories":[15],"tags":[],"class_list":["post-44560","post","type-post","status-publish","format-standard","has-post-thumbnail","hentry","category-comunidad"],"jetpack_featured_media_url":"https:\/\/i0.wp.com\/eltrabajo.cl\/portal\/wp-content\/uploads\/2014\/03\/CENTRO-CULTURAL-RINCONADA-DE-SILVA-ORGANIZACION-DESTACADA.jpg?fit=529%2C275&ssl=1","jetpack_sharing_enabled":true,"jetpack_likes_enabled":true,"jetpack-related-posts":[],"_links":{"self":[{"href":"https:\/\/eltrabajo.cl\/portal\/wp-json\/wp\/v2\/posts\/44560","targetHints":{"allow":["GET"]}}],"collection":[{"href":"https:\/\/eltrabajo.cl\/portal\/wp-json\/wp\/v2\/posts"}],"about":[{"href":"https:\/\/eltrabajo.cl\/portal\/wp-json\/wp\/v2\/types\/post"}],"author":[{"embeddable":true,"href":"https:\/\/eltrabajo.cl\/portal\/wp-json\/wp\/v2\/users\/482"}],"replies":[{"embeddable":true,"href":"https:\/\/eltrabajo.cl\/portal\/wp-json\/wp\/v2\/comments?post=44560"}],"version-history":[{"count":0,"href":"https:\/\/eltrabajo.cl\/portal\/wp-json\/wp\/v2\/posts\/44560\/revisions"}],"wp:featuredmedia":[{"embeddable":true,"href":"https:\/\/eltrabajo.cl\/portal\/wp-json\/wp\/v2\/media\/44561"}],"wp:attachment":[{"href":"https:\/\/eltrabajo.cl\/portal\/wp-json\/wp\/v2\/media?parent=44560"}],"wp:term":[{"taxonomy":"category","embeddable":true,"href":"https:\/\/eltrabajo.cl\/portal\/wp-json\/wp\/v2\/categories?post=44560"},{"taxonomy":"post_tag","embeddable":true,"href":"https:\/\/eltrabajo.cl\/portal\/wp-json\/wp\/v2\/tags?post=44560"}],"curies":[{"name":"wp","href":"https:\/\/api.w.org\/{rel}","templated":true}]}}