{"id":4457,"date":"2011-09-02T09:08:41","date_gmt":"2011-09-02T13:08:41","guid":{"rendered":"http:\/\/www.eltrabajo.cl\/portal\/?p=4188"},"modified":"2011-09-02T09:08:41","modified_gmt":"2011-09-02T13:08:41","slug":"municipios-se-abren-a-discutir-la-entrega-de-la-educacion-publica-chilena","status":"publish","type":"post","link":"https:\/\/eltrabajo.cl\/portal\/municipios-se-abren-a-discutir-la-entrega-de-la-educacion-publica-chilena\/","title":{"rendered":"Municipios se abren a discutir la entrega de la Educaci\u00f3n p\u00fablica chilena"},"content":{"rendered":"<figure id=\"attachment_4189\" aria-describedby=\"caption-attachment-4189\" style=\"width: 600px\" class=\"wp-caption alignnone\"><a href=\"http:\/\/www.eltrabajo.cl\/portal\/?attachment_id=4189\" rel=\"attachment wp-att-4189\"><img data-recalc-dims=\"1\" loading=\"lazy\" decoding=\"async\" class=\"size-full wp-image-4189\" title=\"sottolichio\" src=\"https:\/\/i0.wp.com\/www.eltrabajo.cl\/portal\/wp-content\/uploads\/2011\/09\/sottolichio22.jpg?resize=600%2C450\" alt=\"\" width=\"600\" height=\"450\" \/><\/a><figcaption id=\"caption-attachment-4189\" class=\"wp-caption-text\">Mario Sottolichio, concejal de San Felipe.<\/figcaption><\/figure>\n<p>El Congreso extraordinario de los municipios de Chile, celebrado en Santiago a principios de semana, acord\u00f3 estar disponible para discutir la entrega de la administraci\u00f3n de la educaci\u00f3n p\u00fablica chilena, luego que el gobierno anunciara que enviar\u00e1 un proyecto de ley que contendr\u00e1 dichos objetivos.<\/p>\n<p>Por amplia mayor\u00eda de los alcaldes y concejales presentes en el encuentro, se ratific\u00f3 el compromiso que las autoridades edilicias del pa\u00eds tienen con la calidad de la educaci\u00f3n, demanda planteada por el movimiento escolar de los \u00faltimos meses.<\/p>\n<p>As\u00ed lo inform\u00f3 Mario Sottolichio, concejal de San Felipe, quien manifest\u00f3 que la discusi\u00f3n no fue f\u00e1cil, \u00abpero arribamos a un compromiso que incorpora distintas miradas del problema. Vamos a exigir la participaci\u00f3n en las discusiones sobre la tem\u00e1tica educacional y lucharemos para que, en caso de desmunicipalizar la educaci\u00f3n, los nuevos \u00f3rganos tengan las herramientas financieras, de contenido y de gesti\u00f3n, que aseguren que efectivamente vamos por un camino de superaci\u00f3n de los niveles que presentamos\u00bb.<\/p>\n<p>El acuerdo plantea la necesidad de discutir el monto de la subvenci\u00f3n estatal y el cambio de su pago por matr\u00edcula y no, como ahora, que se cancela por asistencia.<\/p>\n<p>La declaraci\u00f3n, adem\u00e1s, comparte la idea de impedir que el sistema educacional privado lucre con fondos entregados por el Estado. \u00abFuimos muy claros en solicitar que, quien quiera aportar en la educaci\u00f3n, no pueden ser empresas educacionales que lucran, y que en muchos casos entregan una educaci\u00f3n deficiente. No estamos por el cierre de la educaci\u00f3n privada, pero si van a recibir aportes de todos los chilenos, por lo menos deben responder a est\u00e1ndares de calidad y permitir las supervisiones que corresponden\u00bb.<\/p>\n<p>Por \u00faltimo, el Concejal Sottolichio dijo que el congreso manifest\u00f3 su molestia por el trato injusto que han recibido los municipios del pa\u00eds, que durante 30 a\u00f1os, y sin ser consultados, administraron la educaci\u00f3n chilena. \u00abEs injusto, pues no se puede comparar una educaci\u00f3n financiada con 38 mil pesos mensuales y otras con cifras que superan los 100 mil pesos. Adem\u00e1s los municipios hemos atendido a los sectores m\u00e1s vulnerables, aceptando a todo ni\u00f1o-a o joven que solicite una matr\u00edcula, con toda la realidad social, familiar y cultural que ello significa\u00bb.<\/p>\n<p>Ahora se espera que las autoridades gubernamentales reciban el documento y la experiencia municipal pueda ser incorporada a las discusiones y decisiones que se desarrollen.<\/p>\n","protected":false},"excerpt":{"rendered":"<p>El Congreso extraordinario de los municipios de Chile, celebrado en Santiago a principios de semana, acord\u00f3 estar disponible para discutir la entrega de la administraci\u00f3n de la educaci\u00f3n p\u00fablica chilena, luego que&#8230;<\/p>\n","protected":false},"author":1,"featured_media":4361,"comment_status":"open","ping_status":"open","sticky":false,"template":"","format":"standard","meta":{"advanced_seo_description":"","jetpack_seo_html_title":"","jetpack_seo_noindex":false,"_jetpack_memberships_contains_paid_content":false,"footnotes":""},"categories":[1],"tags":[],"class_list":["post-4457","post","type-post","status-publish","format-standard","has-post-thumbnail","hentry","category-cronica"],"jetpack_featured_media_url":"https:\/\/i0.wp.com\/eltrabajo.cl\/portal\/wp-content\/uploads\/2011\/09\/sottolichio2.jpg?fit=600%2C450&ssl=1","jetpack_sharing_enabled":true,"jetpack_likes_enabled":true,"jetpack-related-posts":[],"_links":{"self":[{"href":"https:\/\/eltrabajo.cl\/portal\/wp-json\/wp\/v2\/posts\/4457","targetHints":{"allow":["GET"]}}],"collection":[{"href":"https:\/\/eltrabajo.cl\/portal\/wp-json\/wp\/v2\/posts"}],"about":[{"href":"https:\/\/eltrabajo.cl\/portal\/wp-json\/wp\/v2\/types\/post"}],"author":[{"embeddable":true,"href":"https:\/\/eltrabajo.cl\/portal\/wp-json\/wp\/v2\/users\/1"}],"replies":[{"embeddable":true,"href":"https:\/\/eltrabajo.cl\/portal\/wp-json\/wp\/v2\/comments?post=4457"}],"version-history":[{"count":0,"href":"https:\/\/eltrabajo.cl\/portal\/wp-json\/wp\/v2\/posts\/4457\/revisions"}],"wp:featuredmedia":[{"embeddable":true,"href":"https:\/\/eltrabajo.cl\/portal\/wp-json\/wp\/v2\/media\/4361"}],"wp:attachment":[{"href":"https:\/\/eltrabajo.cl\/portal\/wp-json\/wp\/v2\/media?parent=4457"}],"wp:term":[{"taxonomy":"category","embeddable":true,"href":"https:\/\/eltrabajo.cl\/portal\/wp-json\/wp\/v2\/categories?post=4457"},{"taxonomy":"post_tag","embeddable":true,"href":"https:\/\/eltrabajo.cl\/portal\/wp-json\/wp\/v2\/tags?post=4457"}],"curies":[{"name":"wp","href":"https:\/\/api.w.org\/{rel}","templated":true}]}}