{"id":44574,"date":"2014-03-21T09:51:24","date_gmt":"2014-03-21T12:51:24","guid":{"rendered":"http:\/\/www.eltrabajo.cl\/portal\/?p=44574"},"modified":"2014-03-21T09:51:24","modified_gmt":"2014-03-21T12:51:24","slug":"invitan-a-ninos-y-adolescentes-a-participar-del-proyecto-fono-mi-opinion","status":"publish","type":"post","link":"https:\/\/eltrabajo.cl\/portal\/invitan-a-ninos-y-adolescentes-a-participar-del-proyecto-fono-mi-opinion\/","title":{"rendered":"Invitan a ni\u00f1os y adolescentes a participar del proyecto \u2018Fono mi opini\u00f3n\u2019"},"content":{"rendered":"<figure id=\"attachment_44575\" aria-describedby=\"caption-attachment-44575\" style=\"width: 529px\" class=\"wp-caption alignnone\"><a href=\"https:\/\/i0.wp.com\/www.eltrabajo.cl\/portal\/wp-content\/uploads\/2014\/03\/Capreis1.jpg\"><img data-recalc-dims=\"1\" loading=\"lazy\" decoding=\"async\" class=\"size-full wp-image-44575\" alt=\"Con el proyecto \u2018Fono mi opini\u00f3n\u2019, los ni\u00f1os y adolescentes podr\u00e1n dar a conocer sus opiniones sobre temas de su inter\u00e9s. \" src=\"https:\/\/i0.wp.com\/www.eltrabajo.cl\/portal\/wp-content\/uploads\/2014\/03\/Capreis1.jpg?resize=529%2C368\" width=\"529\" height=\"368\" srcset=\"https:\/\/i0.wp.com\/eltrabajo.cl\/portal\/wp-content\/uploads\/2014\/03\/Capreis1.jpg?w=529&amp;ssl=1 529w, https:\/\/i0.wp.com\/eltrabajo.cl\/portal\/wp-content\/uploads\/2014\/03\/Capreis1.jpg?resize=200%2C139&amp;ssl=1 200w, https:\/\/i0.wp.com\/eltrabajo.cl\/portal\/wp-content\/uploads\/2014\/03\/Capreis1.jpg?resize=300%2C208&amp;ssl=1 300w, https:\/\/i0.wp.com\/eltrabajo.cl\/portal\/wp-content\/uploads\/2014\/03\/Capreis1.jpg?resize=150%2C104&amp;ssl=1 150w, https:\/\/i0.wp.com\/eltrabajo.cl\/portal\/wp-content\/uploads\/2014\/03\/Capreis1.jpg?resize=400%2C278&amp;ssl=1 400w\" sizes=\"auto, (max-width: 529px) 100vw, 529px\" \/><\/a><figcaption id=\"caption-attachment-44575\" class=\"wp-caption-text\">Con el proyecto \u2018Fono mi opini\u00f3n\u2019, los ni\u00f1os y adolescentes podr\u00e1n dar a conocer sus opiniones sobre temas de su inter\u00e9s.<\/figcaption><\/figure>\n<p>Un proyecto piloto, que es financiado por el Servicio Nacional de Menores y ejecutado por la ONG Capreis, se est\u00e1 realizando en la comuna de San Felipe y tiene como objetivo que los ni\u00f1os y adolescentes puedan dar a conocer sus opiniones sobre temas de su inter\u00e9s. El proyecto llamado \u2018Fono mi opini\u00f3n\u2019 busca promover la participaci\u00f3n de todos los ni\u00f1os, ni\u00f1as y adolescentes de nuestro pa\u00eds, dando su opini\u00f3n sobre los temas que les interesan. La idea es que el servicio sea de orientaci\u00f3n para los ni\u00f1os, es gratuito y es una instancia donde pueden conversar con profesionales, contarles sus inquietudes, sue\u00f1os, intereses, opiniones sobre la vida cotidiana y lo que sucede en el pa\u00eds y el mundo.<\/p>\n<p>\u00abEl proyecto fue bautizado por los ni\u00f1os, ni\u00f1as y adolescentes del pa\u00eds y el \u2018Fono mi opini\u00f3n\u2019 es el 800 722 211, que tiene atenci\u00f3n las 24 horas el d\u00eda y los siete d\u00edas de la semana, adem\u00e1s de conocer la opini\u00f3n de los ni\u00f1os busca entregar orientaci\u00f3n respecto de cualquier tema que les interese a los ni\u00f1os\u00bb, se\u00f1al\u00f3 Francisca Hidalgo, Coordinadora de la OPD de San Felipe.<\/p>\n<p>El programa tiene una duraci\u00f3n de cinco meses y una vez finalizada la iniciativa, la idea es contar con esa informaci\u00f3n que permita establecer pol\u00edticas p\u00fablicas respecto de la poblaci\u00f3n infanto-adolescente. \u00abLa idea es poder sistematizar la informaci\u00f3n que se pueda recabar y ser entregada a las autoridades, para que desde ah\u00ed se puedan levantar leyes a nivel nacional y que est\u00e9n en sinton\u00eda con los ni\u00f1os y ni\u00f1as de nuestro pa\u00eds\u00bb, dijo Hidalgo.<\/p>\n<p>El Alcalde Patricio Freire valor\u00f3 la realizaci\u00f3n del proyecto y se\u00f1al\u00f3 que \u00abesta iniciativa que empieza en la comuna de San Felipe es un privilegio. Para nosotros es importante escucharlos y ver sus inquietudes, recopilar los antecedentes es important\u00edsimo, ya que nos permite trabajar en la realizaci\u00f3n de proyectos en beneficio de nuestros ni\u00f1os, ni\u00f1as y adolescentes\u00bb, dijo el jefe comunal.<\/p>\n<p>Una opini\u00f3n similar manifest\u00f3 el Gobernador Provincial, Eduardo Le\u00f3n quien destac\u00f3 la iniciativa piloto de la OPD.<\/p>\n<p>\u00abEscuchar a los ni\u00f1os siempre es importante y esta herramienta es un canal donde ellos pueden expresarse libremente para poder canalizar qu\u00e9 est\u00e1n pensando\u00bb, dijo la autoridad provincial.<\/p>\n<p>La Corporaci\u00f3n Capreis, que ejecuta este proyecto, es una instituci\u00f3n formada por profesionales de San Felipe y que busca establecer alianzas estrat\u00e9gicas con el mundo privado y p\u00fablico. Tiene como objetivo que el proyecto permita que los ni\u00f1os sean escuchados y puedan opinar sobre distintos temas, pero adem\u00e1s se busca que con esa informaci\u00f3n se impacte en pol\u00edticas p\u00fablicas en temas de infancia.<\/p>\n<p>\u00abLos ni\u00f1os nos interpelan al mundo adulto y nos dicen \u2018mi opini\u00f3n vale igual que la tuya\u2019, y ese es el sentido de este servicio y esta frase tiene una doble lectura, porque queremos que las autoridades les digan mi opini\u00f3n vale igual que la tuya y los inviten a participar. Pero no sacamos nada con opinar si no hacemos nada con eso, y ah\u00ed es donde est\u00e1 lo relevante de esta aventura y que tiene que ver con ejercer presi\u00f3n en la agenda p\u00fablica para que esta informaci\u00f3n impacte las pol\u00edticas p\u00fablica en materia de infancia\u00bb, se\u00f1al\u00f3 Ramiro Gonz\u00e1lez, Director Ejecutivo de Corporaci\u00f3n Capreis.<\/p>\n<p>&nbsp;<\/p>\n","protected":false},"excerpt":{"rendered":"<p>Un proyecto piloto, que es financiado por el Servicio Nacional de Menores y ejecutado por la ONG Capreis, se est\u00e1 realizando en la comuna de San Felipe y tiene como objetivo que&#8230;<\/p>\n","protected":false},"author":482,"featured_media":44575,"comment_status":"open","ping_status":"closed","sticky":false,"template":"","format":"standard","meta":{"advanced_seo_description":"","jetpack_seo_html_title":"","jetpack_seo_noindex":false,"_jetpack_memberships_contains_paid_content":false,"footnotes":""},"categories":[1],"tags":[],"class_list":["post-44574","post","type-post","status-publish","format-standard","has-post-thumbnail","hentry","category-cronica"],"jetpack_featured_media_url":"https:\/\/i0.wp.com\/eltrabajo.cl\/portal\/wp-content\/uploads\/2014\/03\/Capreis1.jpg?fit=529%2C368&ssl=1","jetpack_sharing_enabled":true,"jetpack_likes_enabled":true,"jetpack-related-posts":[],"_links":{"self":[{"href":"https:\/\/eltrabajo.cl\/portal\/wp-json\/wp\/v2\/posts\/44574","targetHints":{"allow":["GET"]}}],"collection":[{"href":"https:\/\/eltrabajo.cl\/portal\/wp-json\/wp\/v2\/posts"}],"about":[{"href":"https:\/\/eltrabajo.cl\/portal\/wp-json\/wp\/v2\/types\/post"}],"author":[{"embeddable":true,"href":"https:\/\/eltrabajo.cl\/portal\/wp-json\/wp\/v2\/users\/482"}],"replies":[{"embeddable":true,"href":"https:\/\/eltrabajo.cl\/portal\/wp-json\/wp\/v2\/comments?post=44574"}],"version-history":[{"count":0,"href":"https:\/\/eltrabajo.cl\/portal\/wp-json\/wp\/v2\/posts\/44574\/revisions"}],"wp:featuredmedia":[{"embeddable":true,"href":"https:\/\/eltrabajo.cl\/portal\/wp-json\/wp\/v2\/media\/44575"}],"wp:attachment":[{"href":"https:\/\/eltrabajo.cl\/portal\/wp-json\/wp\/v2\/media?parent=44574"}],"wp:term":[{"taxonomy":"category","embeddable":true,"href":"https:\/\/eltrabajo.cl\/portal\/wp-json\/wp\/v2\/categories?post=44574"},{"taxonomy":"post_tag","embeddable":true,"href":"https:\/\/eltrabajo.cl\/portal\/wp-json\/wp\/v2\/tags?post=44574"}],"curies":[{"name":"wp","href":"https:\/\/api.w.org\/{rel}","templated":true}]}}