{"id":44577,"date":"2014-03-21T09:53:52","date_gmt":"2014-03-21T12:53:52","guid":{"rendered":"http:\/\/www.eltrabajo.cl\/portal\/?p=44577"},"modified":"2014-03-21T09:53:52","modified_gmt":"2014-03-21T12:53:52","slug":"comenzo-a-atender-modulo-de-vacunacion-en-la-municipalidad","status":"publish","type":"post","link":"https:\/\/eltrabajo.cl\/portal\/comenzo-a-atender-modulo-de-vacunacion-en-la-municipalidad\/","title":{"rendered":"Comenz\u00f3 a atender m\u00f3dulo de vacunaci\u00f3n en la municipalidad"},"content":{"rendered":"<figure id=\"attachment_44578\" aria-describedby=\"caption-attachment-44578\" style=\"width: 529px\" class=\"wp-caption alignnone\"><a href=\"https:\/\/i0.wp.com\/www.eltrabajo.cl\/portal\/wp-content\/uploads\/2014\/03\/vacunacion.jpg\"><img data-recalc-dims=\"1\" loading=\"lazy\" decoding=\"async\" class=\"size-full wp-image-44578\" alt=\"En el frontis de la municipalidad se vacunan cerca de 300 personas en media jornada. El m\u00f3dulo funcionar\u00e1 hasta el 19 de abril.\" src=\"https:\/\/i0.wp.com\/www.eltrabajo.cl\/portal\/wp-content\/uploads\/2014\/03\/vacunacion.jpg?resize=529%2C358\" width=\"529\" height=\"358\" srcset=\"https:\/\/i0.wp.com\/eltrabajo.cl\/portal\/wp-content\/uploads\/2014\/03\/vacunacion.jpg?w=529&amp;ssl=1 529w, https:\/\/i0.wp.com\/eltrabajo.cl\/portal\/wp-content\/uploads\/2014\/03\/vacunacion.jpg?resize=200%2C135&amp;ssl=1 200w, https:\/\/i0.wp.com\/eltrabajo.cl\/portal\/wp-content\/uploads\/2014\/03\/vacunacion.jpg?resize=300%2C203&amp;ssl=1 300w, https:\/\/i0.wp.com\/eltrabajo.cl\/portal\/wp-content\/uploads\/2014\/03\/vacunacion.jpg?resize=150%2C101&amp;ssl=1 150w, https:\/\/i0.wp.com\/eltrabajo.cl\/portal\/wp-content\/uploads\/2014\/03\/vacunacion.jpg?resize=400%2C270&amp;ssl=1 400w\" sizes=\"auto, (max-width: 529px) 100vw, 529px\" \/><\/a><figcaption id=\"caption-attachment-44578\" class=\"wp-caption-text\">En el frontis de la municipalidad se vacunan cerca de 300 personas en media jornada. El m\u00f3dulo funcionar\u00e1 hasta el 19 de abril.<\/figcaption><\/figure>\n<p>En el frontis de la Municipalidad de San Felipe, personal del Cesfam Segismundo Iturra comenz\u00f3 a realizar su \u2018avanzada\u2019 de vacunaci\u00f3n contra la Influenza AH1N1 correspondiente a la campa\u00f1a de vacunaci\u00f3n pre-invernal 2014. La campa\u00f1a, como pol\u00edtica p\u00fablica del Estado, comenz\u00f3 el 17 de marzo, y un d\u00eda m\u00e1s tarde comenz\u00f3 la vacunaci\u00f3n en el frontis del edificio consistorial.<\/p>\n<p>Seg\u00fan explic\u00f3 Aracely P\u00e9rez, param\u00e9dico del Cesfam Segismundo Iturra, el primer d\u00eda colocaron 200 vacunas antes de las 12:00 horas, por lo que en lo sucesivo traer\u00e1n 300 dosis para colocar en el lugar.<\/p>\n<p>\u00abEn este puesto vamos a estar hasta el 19 de abril. Ac\u00e1 podemos vacunar a personas sobre los diez a\u00f1os y cualquiera puede vacunarse s\u00f3lo con el carn\u00e9 de identidad\u00bb, se\u00f1al\u00f3 la funcionaria. Esta campa\u00f1a beneficia de manera gratuita a infantes, adultos mayores, embarazadas y enfermos cr\u00f3nicos, quienes quedar\u00e1n protegidos de la influenza AH1N1, la AH3N3 y la influenza B.<\/p>\n<p>La influenza (tambi\u00e9n llamada gripe) es una enfermedad contagiosa causada por el virus de la Influenza, que se transmite desde una persona enferma al toser, estornudar o mediante las secreciones nasales.<\/p>\n<p>&nbsp;<\/p>\n<p><strong>\u00bfQUI\u00c9NES NO?<\/strong><\/p>\n<p>No pueden recibir la vacuna quienes tienen alergias severas al huevo, debido a que el virus de la influenza es generado en huevos. Tampoco se pueden vacunar quienes han presentado una reacci\u00f3n al\u00e9rgica severa a cualquier componente de la vacuna. Tampoco los que han tenido una reacci\u00f3n severa despu\u00e9s de haber recibido una dosis de vacuna contra la Influenza.<\/p>\n<p>Quedan fuera tambi\u00e9n los que han tenido alguna vez el S\u00edndrome de Guillain-Barr\u00e9 (enfermedad paral\u00edtica grave, tambi\u00e9n conocida como SGB). \u00c9stas deber\u00e1n informar al personal de salud, porque requerir\u00e1 la evaluaci\u00f3n e indicaci\u00f3n de un medico tratante.<\/p>\n<p>&nbsp;<\/p>\n<p><strong>REACCIONES<\/strong><\/p>\n<p>Tras la vacunaci\u00f3n se pueden presentar reacciones leves a la vacuna, como dolor en la zona de vacunaci\u00f3n, ronquera, fiebre, dolores musculares, enrojecimiento de ojos y de la zona de la inyecci\u00f3n, pero cualquiera d estos dura no m\u00e1s all\u00e1 del segundo d\u00eda.<\/p>\n<div class=\"tiled-gallery type-rectangular tiled-gallery-unresized\" data-original-width=\"640\" data-carousel-extra='null' itemscope itemtype=\"http:\/\/schema.org\/ImageGallery\" > <div class=\"gallery-row\" style=\"width: 640px; height: 218px;\" data-original-width=\"640\" data-original-height=\"218\" > <div class=\"gallery-group images-1\" style=\"width: 320px; height: 218px;\" data-original-width=\"320\" data-original-height=\"218\" > <div class=\"tiled-gallery-item tiled-gallery-item-large\" itemprop=\"associatedMedia\" itemscope itemtype=\"http:\/\/schema.org\/ImageObject\"> <a href=\"https:\/\/eltrabajo.cl\/portal\/comenzo-a-atender-modulo-de-vacunacion-en-la-municipalidad\/carabinero-vacunandose\/\" border=\"0\" itemprop=\"url\"> <meta itemprop=\"width\" content=\"316\"> <meta itemprop=\"height\" content=\"214\"> <img decoding=\"async\" class=\"\" data-attachment-id=\"44579\" data-orig-file=\"https:\/\/eltrabajo.cl\/portal\/wp-content\/uploads\/2014\/03\/carabinero-vacunandose.jpg\" data-orig-size=\"529,358\" data-comments-opened=\"1\" data-image-meta=\"{&quot;aperture&quot;:&quot;0&quot;,&quot;credit&quot;:&quot;&quot;,&quot;camera&quot;:&quot;&quot;,&quot;caption&quot;:&quot;&quot;,&quot;created_timestamp&quot;:&quot;0&quot;,&quot;copyright&quot;:&quot;&quot;,&quot;focal_length&quot;:&quot;0&quot;,&quot;iso&quot;:&quot;0&quot;,&quot;shutter_speed&quot;:&quot;0&quot;,&quot;title&quot;:&quot;&quot;}\" data-image-title=\"carabinero vacunandose\" data-image-description=\"&lt;p&gt;Los carabineros que trabajaban en el centro de la ciudad aprovecharon de inocularse contra la Influenza y as\u00ed estar protegidos para este invierno.&lt;\/p&gt; \" data-medium-file=\"https:\/\/i0.wp.com\/eltrabajo.cl\/portal\/wp-content\/uploads\/2014\/03\/carabinero-vacunandose.jpg?fit=300%2C203&#038;ssl=1\" data-large-file=\"https:\/\/i0.wp.com\/eltrabajo.cl\/portal\/wp-content\/uploads\/2014\/03\/carabinero-vacunandose.jpg?fit=529%2C358&#038;ssl=1\" src=\"https:\/\/i0.wp.com\/eltrabajo.cl\/portal\/wp-content\/uploads\/2014\/03\/carabinero-vacunandose.jpg?w=316&#038;h=214&#038;ssl=1\" srcset=\"https:\/\/i0.wp.com\/eltrabajo.cl\/portal\/wp-content\/uploads\/2014\/03\/carabinero-vacunandose.jpg?w=529&amp;ssl=1 529w, https:\/\/i0.wp.com\/eltrabajo.cl\/portal\/wp-content\/uploads\/2014\/03\/carabinero-vacunandose.jpg?resize=200%2C135&amp;ssl=1 200w, https:\/\/i0.wp.com\/eltrabajo.cl\/portal\/wp-content\/uploads\/2014\/03\/carabinero-vacunandose.jpg?resize=300%2C203&amp;ssl=1 300w, https:\/\/i0.wp.com\/eltrabajo.cl\/portal\/wp-content\/uploads\/2014\/03\/carabinero-vacunandose.jpg?resize=150%2C101&amp;ssl=1 150w, https:\/\/i0.wp.com\/eltrabajo.cl\/portal\/wp-content\/uploads\/2014\/03\/carabinero-vacunandose.jpg?resize=400%2C270&amp;ssl=1 400w\" width=\"316\" height=\"214\" loading=\"lazy\" data-original-width=\"316\" data-original-height=\"214\" itemprop=\"http:\/\/schema.org\/image\" title=\"carabinero vacunandose\" alt=\"Los carabineros que trabajaban en el centro de la ciudad aprovecharon de inocularse contra la Influenza y as\u00ed estar protegidos para este invierno.\" style=\"width: 316px; height: 214px;\" \/> <\/a> <div class=\"tiled-gallery-caption\" itemprop=\"caption description\"> Los carabineros que trabajaban en el centro de la ciudad aprovecharon de inocularse contra la Influenza y as\u00ed estar protegidos para este invierno. <\/div> <\/div> <\/div> <!-- close group --> <div class=\"gallery-group images-1\" style=\"width: 320px; height: 218px;\" data-original-width=\"320\" data-original-height=\"218\" > <div class=\"tiled-gallery-item tiled-gallery-item-large\" itemprop=\"associatedMedia\" itemscope itemtype=\"http:\/\/schema.org\/ImageObject\"> <a href=\"https:\/\/eltrabajo.cl\/portal\/comenzo-a-atender-modulo-de-vacunacion-en-la-municipalidad\/millanao-vacunandose\/\" border=\"0\" itemprop=\"url\"> <meta itemprop=\"width\" content=\"316\"> <meta itemprop=\"height\" content=\"214\"> <img decoding=\"async\" class=\"\" data-attachment-id=\"44580\" data-orig-file=\"https:\/\/eltrabajo.cl\/portal\/wp-content\/uploads\/2014\/03\/millanao-vacunandose.jpg\" data-orig-size=\"529,358\" data-comments-opened=\"1\" data-image-meta=\"{&quot;aperture&quot;:&quot;0&quot;,&quot;credit&quot;:&quot;&quot;,&quot;camera&quot;:&quot;&quot;,&quot;caption&quot;:&quot;&quot;,&quot;created_timestamp&quot;:&quot;0&quot;,&quot;copyright&quot;:&quot;&quot;,&quot;focal_length&quot;:&quot;0&quot;,&quot;iso&quot;:&quot;0&quot;,&quot;shutter_speed&quot;:&quot;0&quot;,&quot;title&quot;:&quot;&quot;}\" data-image-title=\"millanao vacunandose\" data-image-description=\"&lt;p&gt;Nadie se escap\u00f3 de la vacunaci\u00f3n. As\u00ed, el Concejal Juan Manuel Millanao dio el ejemplo y se vacun\u00f3 sin reclamar.&lt;\/p&gt; \" data-medium-file=\"https:\/\/i0.wp.com\/eltrabajo.cl\/portal\/wp-content\/uploads\/2014\/03\/millanao-vacunandose.jpg?fit=300%2C203&#038;ssl=1\" data-large-file=\"https:\/\/i0.wp.com\/eltrabajo.cl\/portal\/wp-content\/uploads\/2014\/03\/millanao-vacunandose.jpg?fit=529%2C358&#038;ssl=1\" src=\"https:\/\/i0.wp.com\/eltrabajo.cl\/portal\/wp-content\/uploads\/2014\/03\/millanao-vacunandose.jpg?w=316&#038;h=214&#038;ssl=1\" srcset=\"https:\/\/i0.wp.com\/eltrabajo.cl\/portal\/wp-content\/uploads\/2014\/03\/millanao-vacunandose.jpg?w=529&amp;ssl=1 529w, https:\/\/i0.wp.com\/eltrabajo.cl\/portal\/wp-content\/uploads\/2014\/03\/millanao-vacunandose.jpg?resize=200%2C135&amp;ssl=1 200w, https:\/\/i0.wp.com\/eltrabajo.cl\/portal\/wp-content\/uploads\/2014\/03\/millanao-vacunandose.jpg?resize=300%2C203&amp;ssl=1 300w, https:\/\/i0.wp.com\/eltrabajo.cl\/portal\/wp-content\/uploads\/2014\/03\/millanao-vacunandose.jpg?resize=150%2C101&amp;ssl=1 150w, https:\/\/i0.wp.com\/eltrabajo.cl\/portal\/wp-content\/uploads\/2014\/03\/millanao-vacunandose.jpg?resize=400%2C270&amp;ssl=1 400w\" width=\"316\" height=\"214\" loading=\"lazy\" data-original-width=\"316\" data-original-height=\"214\" itemprop=\"http:\/\/schema.org\/image\" title=\"millanao vacunandose\" alt=\"Nadie se escap\u00f3 de la vacunaci\u00f3n. As\u00ed, el Concejal Juan Manuel Millanao dio el ejemplo y se vacun\u00f3 sin reclamar.\" style=\"width: 316px; height: 214px;\" \/> <\/a> <div class=\"tiled-gallery-caption\" itemprop=\"caption description\"> Nadie se escap\u00f3 de la vacunaci\u00f3n. As\u00ed, el Concejal Juan Manuel Millanao dio el ejemplo y se vacun\u00f3 sin reclamar. <\/div> <\/div> <\/div> <!-- close group --> <\/div> <!-- close row --> <\/div>\n<p>&nbsp;<\/p>\n","protected":false},"excerpt":{"rendered":"<p>En el frontis de la Municipalidad de San Felipe, personal del Cesfam Segismundo Iturra comenz\u00f3 a realizar su \u2018avanzada\u2019 de vacunaci\u00f3n contra la Influenza AH1N1 correspondiente a la campa\u00f1a de vacunaci\u00f3n pre-invernal&#8230;<\/p>\n","protected":false},"author":482,"featured_media":44578,"comment_status":"open","ping_status":"closed","sticky":false,"template":"","format":"standard","meta":{"advanced_seo_description":"","jetpack_seo_html_title":"","jetpack_seo_noindex":false,"_jetpack_memberships_contains_paid_content":false,"footnotes":""},"categories":[1],"tags":[],"class_list":["post-44577","post","type-post","status-publish","format-standard","has-post-thumbnail","hentry","category-cronica"],"jetpack_featured_media_url":"https:\/\/i0.wp.com\/eltrabajo.cl\/portal\/wp-content\/uploads\/2014\/03\/vacunacion.jpg?fit=529%2C358&ssl=1","jetpack_sharing_enabled":true,"jetpack_likes_enabled":true,"jetpack-related-posts":[],"_links":{"self":[{"href":"https:\/\/eltrabajo.cl\/portal\/wp-json\/wp\/v2\/posts\/44577","targetHints":{"allow":["GET"]}}],"collection":[{"href":"https:\/\/eltrabajo.cl\/portal\/wp-json\/wp\/v2\/posts"}],"about":[{"href":"https:\/\/eltrabajo.cl\/portal\/wp-json\/wp\/v2\/types\/post"}],"author":[{"embeddable":true,"href":"https:\/\/eltrabajo.cl\/portal\/wp-json\/wp\/v2\/users\/482"}],"replies":[{"embeddable":true,"href":"https:\/\/eltrabajo.cl\/portal\/wp-json\/wp\/v2\/comments?post=44577"}],"version-history":[{"count":0,"href":"https:\/\/eltrabajo.cl\/portal\/wp-json\/wp\/v2\/posts\/44577\/revisions"}],"wp:featuredmedia":[{"embeddable":true,"href":"https:\/\/eltrabajo.cl\/portal\/wp-json\/wp\/v2\/media\/44578"}],"wp:attachment":[{"href":"https:\/\/eltrabajo.cl\/portal\/wp-json\/wp\/v2\/media?parent=44577"}],"wp:term":[{"taxonomy":"category","embeddable":true,"href":"https:\/\/eltrabajo.cl\/portal\/wp-json\/wp\/v2\/categories?post=44577"},{"taxonomy":"post_tag","embeddable":true,"href":"https:\/\/eltrabajo.cl\/portal\/wp-json\/wp\/v2\/tags?post=44577"}],"curies":[{"name":"wp","href":"https:\/\/api.w.org\/{rel}","templated":true}]}}