{"id":4458,"date":"2011-09-02T09:11:09","date_gmt":"2011-09-02T13:11:09","guid":{"rendered":"http:\/\/www.eltrabajo.cl\/portal\/?p=4191"},"modified":"2011-09-02T09:11:09","modified_gmt":"2011-09-02T13:11:09","slug":"obispo-afirmo-que-casa-abandonada-es-de-la-parroquia-de-putaendo","status":"publish","type":"post","link":"https:\/\/eltrabajo.cl\/portal\/obispo-afirmo-que-casa-abandonada-es-de-la-parroquia-de-putaendo\/","title":{"rendered":"Obispo afirm\u00f3 que casa abandonada es de la parroquia de Putaendo"},"content":{"rendered":"<figure id=\"attachment_4192\" aria-describedby=\"caption-attachment-4192\" style=\"width: 600px\" class=\"wp-caption alignnone\"><a href=\"http:\/\/www.eltrabajo.cl\/portal\/?attachment_id=4192\" rel=\"attachment wp-att-4192\"><img data-recalc-dims=\"1\" loading=\"lazy\" decoding=\"async\" class=\"size-full wp-image-4192\" title=\"obispo\" src=\"https:\/\/i0.wp.com\/www.eltrabajo.cl\/portal\/wp-content\/uploads\/2011\/09\/obispo11.jpg?resize=600%2C450\" alt=\"\" width=\"600\" height=\"450\" \/><\/a><figcaption id=\"caption-attachment-4192\" class=\"wp-caption-text\">Cristian Contreras, obispo de la Di\u00f3cesis de Aconcagua.<\/figcaption><\/figure>\n<p>Es la parroquia junto a su consejo econ\u00f3mico parroquial, quien debe solucionar el problema, se\u00f1al\u00f3 la m\u00e1xima autoridad eclesi\u00e1stica del valle.<\/p>\n<p><strong>PUTAENDO.-<\/strong> El obispo de la Di\u00f3cesis de Aconcagua, Cristian Contreras, asegur\u00f3 en forma tajante que la vivienda que se encuentra abandonada al inicio de la calle Brasil, efectivamente fue donada a la parroquia San Antonio de Putaendo mediante una herencia, pero que es la misma parroquia y su consejo econ\u00f3mico el que debe solucionar la problem\u00e1tica que afecta a los vecinos.<\/p>\n<p>Cristian Contreras dijo que la parroquia, dentro de sus atribuciones y obligaciones, administraba los bienes que se encuentran en la comuna de Putaendo, y que no es el Obispado el que debe tomar decisiones referente al futuro de dicha vivienda que actualmente se encuentra deshabitada en ese sector, agregando que efectivamente recibi\u00f3 la carta enviada por los vecinos y que ya ha entregado los cursos de acci\u00f3n y sugerencias al padre Pedro Salinas, p\u00e1rroco de la parroquia San Antonio de Padua de Putaendo, agregando adem\u00e1s que como Obispado y en especial \u00e9l como Obispo, no tienen responsabilidad ni participaci\u00f3n en las decisiones que tome la parroquia de Putaendo en cuanto al futuro de dicha vivienda.<\/p>\n<p>La autoridad eclesi\u00e1stica dijo que ped\u00eda a los vecinos del sector entender que no se cuenta con los dineros para contratar un guardia o una persona que cuide dicha vivienda, por lo que de ser \u00e9sta la soluci\u00f3n mientras la vivienda no sea vendida, invit\u00f3 a los vecinos a presentar una propuesta a la parroquia de Putaendo que tambi\u00e9n considere un aporte de la comunidad para eventualmente contratar un cuidador.<\/p>\n<p>\u00abHe visto la publicaci\u00f3n en este medio y debo precisar que como Obispo y encargado de la administraci\u00f3n de esta Di\u00f3cesis, no me corresponde a mi tomar decisiones sobre el futuro de esta vivienda, eso le corresponde a la parroquia de Putaendo, al padre Salinas y a su consejo econ\u00f3mico parroquial, y le he solicitado expresamente agilizar lo antes posible la soluci\u00f3n a la problem\u00e1tica que plantean los vecinos, y me ha explicado que el precio en que actualmente se vende la vivienda no se coloc\u00f3 al azar o por cuenta de la parroquia, sino de acuerdo a los estudios de mercado que se hacen a trav\u00e9s de una tasaci\u00f3n\u00bb, se\u00f1al\u00f3 el Obispo Cristian Contreras.<\/p>\n<p>Finalmente el padre Obispo dijo que se sent\u00eda profundamente dolido y atacado por las declaraciones del director de la escuela de m\u00fasica de Putaendo, Francisco Duarte, a quien dijo no conocer, agregando que ment\u00eda al atribuirle la responsabilidad de que hoy la escuela de m\u00fasica haya abandonado la ex escuela parroquial. \u00abA este se\u00f1or no lo conozco y jam\u00e1s he hablado con \u00e9l, reci\u00e9n esta semana me he enterado que en la ex Escuela Parroquial funcionaba esta escuela de m\u00fasica, y quiero decir que cuando las Hermanas Dominicas de la Presentaci\u00f3n se cambiaron a su nuevo colegio, yo le solicit\u00e9 al ex sacerdote Francisco Valenzuela administrar este edificio, y que los dineros que pudiese recaudar fueran en beneficio de la parroquia de Putaendo, de ning\u00fan modo me estoy lavando las manos, pero en forma clara y categ\u00f3rica debo decir que no es decisi\u00f3n de este obispo el futuro de la ex Escuela Parroquial, y de convertirse en un mercado esa decisi\u00f3n debe pasar por el consejo econ\u00f3mico de la di\u00f3cesis porque es un tema a\u00fan mayor\u00bb.<\/p>\n<p><strong>&#8211; \u00bfPero c\u00f3mo se entiende entonces que ya se le haya puesto un nombre y est\u00e9n pr\u00e1cticamente acordados los arriendos?<\/strong><\/p>\n<p>\u00abEs un tema que estoy indagando y que debo clarificarlo bien con el presb\u00edtero Salinas. Ahora lo importante es que por favor no da\u00f1en a la iglesia ni a este Obispo por situaciones que no son verdad en cuanto a desalojar o echar a esta escuela de m\u00fasica, porque eso es de falsedad absoluta, e indudablemente tanto la Iglesia como mi persona se nos ha hecho un da\u00f1o gratuito por una situaci\u00f3n que en nada tenemos responsabilidad\u00bb, agreg\u00f3 Cristian Contreras.<\/p>\n<p><strong>Patricio Gallardo M.<\/strong><\/p>\n","protected":false},"excerpt":{"rendered":"<p>Es la parroquia junto a su consejo econ\u00f3mico parroquial, quien debe solucionar el problema, se\u00f1al\u00f3 la m\u00e1xima autoridad eclesi\u00e1stica del valle. PUTAENDO.- El obispo de la Di\u00f3cesis de Aconcagua, Cristian Contreras, asegur\u00f3&#8230;<\/p>\n","protected":false},"author":1,"featured_media":4362,"comment_status":"open","ping_status":"open","sticky":false,"template":"","format":"standard","meta":{"advanced_seo_description":"","jetpack_seo_html_title":"","jetpack_seo_noindex":false,"_jetpack_memberships_contains_paid_content":false,"footnotes":""},"categories":[15],"tags":[],"class_list":["post-4458","post","type-post","status-publish","format-standard","has-post-thumbnail","hentry","category-comunidad"],"jetpack_featured_media_url":"https:\/\/i0.wp.com\/eltrabajo.cl\/portal\/wp-content\/uploads\/2011\/09\/obispo1.jpg?fit=600%2C450&ssl=1","jetpack_sharing_enabled":true,"jetpack_likes_enabled":true,"jetpack-related-posts":[],"_links":{"self":[{"href":"https:\/\/eltrabajo.cl\/portal\/wp-json\/wp\/v2\/posts\/4458","targetHints":{"allow":["GET"]}}],"collection":[{"href":"https:\/\/eltrabajo.cl\/portal\/wp-json\/wp\/v2\/posts"}],"about":[{"href":"https:\/\/eltrabajo.cl\/portal\/wp-json\/wp\/v2\/types\/post"}],"author":[{"embeddable":true,"href":"https:\/\/eltrabajo.cl\/portal\/wp-json\/wp\/v2\/users\/1"}],"replies":[{"embeddable":true,"href":"https:\/\/eltrabajo.cl\/portal\/wp-json\/wp\/v2\/comments?post=4458"}],"version-history":[{"count":0,"href":"https:\/\/eltrabajo.cl\/portal\/wp-json\/wp\/v2\/posts\/4458\/revisions"}],"wp:featuredmedia":[{"embeddable":true,"href":"https:\/\/eltrabajo.cl\/portal\/wp-json\/wp\/v2\/media\/4362"}],"wp:attachment":[{"href":"https:\/\/eltrabajo.cl\/portal\/wp-json\/wp\/v2\/media?parent=4458"}],"wp:term":[{"taxonomy":"category","embeddable":true,"href":"https:\/\/eltrabajo.cl\/portal\/wp-json\/wp\/v2\/categories?post=4458"},{"taxonomy":"post_tag","embeddable":true,"href":"https:\/\/eltrabajo.cl\/portal\/wp-json\/wp\/v2\/tags?post=4458"}],"curies":[{"name":"wp","href":"https:\/\/api.w.org\/{rel}","templated":true}]}}