{"id":44583,"date":"2014-03-21T09:54:57","date_gmt":"2014-03-21T12:54:57","guid":{"rendered":"http:\/\/www.eltrabajo.cl\/portal\/?p=44583"},"modified":"2014-03-21T09:54:57","modified_gmt":"2014-03-21T12:54:57","slug":"grave-trabajador-que-sufrio-accidente-en-el-area-industrial-de-andina","status":"publish","type":"post","link":"https:\/\/eltrabajo.cl\/portal\/grave-trabajador-que-sufrio-accidente-en-el-area-industrial-de-andina\/","title":{"rendered":"Grave trabajador que sufri\u00f3 accidente en el \u00e1rea industrial de Andina"},"content":{"rendered":"<figure id=\"attachment_44584\" aria-describedby=\"caption-attachment-44584\" style=\"width: 528px\" class=\"wp-caption alignnone\"><a href=\"https:\/\/i0.wp.com\/www.eltrabajo.cl\/portal\/wp-content\/uploads\/2014\/03\/ANDINA41.jpg\"><img data-recalc-dims=\"1\" loading=\"lazy\" decoding=\"async\" class=\"size-full wp-image-44584\" alt=\"La Divisi\u00f3n Andina instruy\u00f3 una investigaci\u00f3n interna para establecer las causas de este accidente.\" src=\"https:\/\/i0.wp.com\/www.eltrabajo.cl\/portal\/wp-content\/uploads\/2014\/03\/ANDINA41.jpg?resize=528%2C331\" width=\"528\" height=\"331\" srcset=\"https:\/\/i0.wp.com\/eltrabajo.cl\/portal\/wp-content\/uploads\/2014\/03\/ANDINA41.jpg?w=528&amp;ssl=1 528w, https:\/\/i0.wp.com\/eltrabajo.cl\/portal\/wp-content\/uploads\/2014\/03\/ANDINA41.jpg?resize=200%2C125&amp;ssl=1 200w, https:\/\/i0.wp.com\/eltrabajo.cl\/portal\/wp-content\/uploads\/2014\/03\/ANDINA41.jpg?resize=300%2C188&amp;ssl=1 300w, https:\/\/i0.wp.com\/eltrabajo.cl\/portal\/wp-content\/uploads\/2014\/03\/ANDINA41.jpg?resize=150%2C94&amp;ssl=1 150w, https:\/\/i0.wp.com\/eltrabajo.cl\/portal\/wp-content\/uploads\/2014\/03\/ANDINA41.jpg?resize=400%2C250&amp;ssl=1 400w\" sizes=\"auto, (max-width: 528px) 100vw, 528px\" \/><\/a><figcaption id=\"caption-attachment-44584\" class=\"wp-caption-text\">La Divisi\u00f3n Andina instruy\u00f3 una investigaci\u00f3n interna para establecer las causas de este accidente.<\/figcaption><\/figure>\n<p><strong>LOS ANDES<\/strong>.- Internado en estado grave en el Hospital de la Asociaci\u00f3n Chilena de Seguridad de Santiago se encuentra el trabajador de la empresa \u2018KLM Factor\u2019, Juan Carrizo G\u00f3mez, de 41 a\u00f1os, quien la ma\u00f1ana del mi\u00e9rcoles sufri\u00f3 un grave accidente al interior del \u00e1rea industrial de la Divisi\u00f3n Andina de Codelco.<\/p>\n<p>De acuerdo con los antecedentes recabados por nuestro medio, el accidente ocurri\u00f3 a las 10 de la ma\u00f1ana del mi\u00e9rcoles, cuando el trabajador se encontraba sobre una plataforma que ten\u00eda suspendida una m\u00e1quina, la cual se liber\u00f3 y cay\u00f3, aprision\u00e1ndolo contra un tambor met\u00e1lico.<\/p>\n<p>Tras el accidente el trabajador fue atendido en primera instancia por personal m\u00e9dico de la Cl\u00ednica R\u00edo Blanco en Saladillo y luego derivado al policl\u00ednico de la Asociaci\u00f3n Chilena de Seguridad en Los Andes.<\/p>\n<p>Sin embargo y debido a la gravedad de sus lesiones, fue derivado hasta el Hospital del Trabajador en Santiago, donde permanece en la UCI con diagn\u00f3stico de fracturas costales y un hemoneumot\u00f3rax bilateral.<\/p>\n<p>&nbsp;<\/p>\n<p><strong>Versi\u00f3n de la empresa<\/strong><\/p>\n<p>A trav\u00e9s de un comunicado de prensa, la Divisi\u00f3n Andina de Codelco inform\u00f3 que el trabajador se encontraba ejecutando labores en la Planta Concentradora, lugar donde recibi\u00f3 un golpe originado por un componente mec\u00e1nico en la parte dorsal de su cuerpo.<\/p>\n<p>\u00abEl trabajador recibi\u00f3 asistencia especializada en el lugar, y en estos momentos se encuentra internado en la Unidad de Cuidados Intensivos del Hospital del Trabajador en Santiago, con diagn\u00f3stico estable y fuera de peligro. Al mismo tiempo, se dio aviso a las autoridades fiscalizadoras\u00bb, detalla el documento.<\/p>\n<p>\u00abCodelco Divisi\u00f3n Andina lamenta lo sucedido al Sr. Carrizo de la empresa KLM, esperando su pronta recuperaci\u00f3n, y reitera a sus trabajadores contratistas y propios, la importancia que tiene la Seguridad evitando situaciones de riesgo que puedan comprometer el primer valor de la Corporaci\u00f3n que tiene relaci\u00f3n con el respeto a la vida y dignidad de las personas\u00bb, finaliza el comunicado.<\/p>\n<p>&nbsp;<\/p>\n","protected":false},"excerpt":{"rendered":"<p>LOS ANDES.- Internado en estado grave en el Hospital de la Asociaci\u00f3n Chilena de Seguridad de Santiago se encuentra el trabajador de la empresa \u2018KLM Factor\u2019, Juan Carrizo G\u00f3mez, de 41 a\u00f1os,&#8230;<\/p>\n","protected":false},"author":482,"featured_media":44584,"comment_status":"open","ping_status":"closed","sticky":false,"template":"","format":"standard","meta":{"advanced_seo_description":"","jetpack_seo_html_title":"","jetpack_seo_noindex":false,"_jetpack_memberships_contains_paid_content":false,"footnotes":""},"categories":[21],"tags":[],"class_list":["post-44583","post","type-post","status-publish","format-standard","has-post-thumbnail","hentry","category-policial"],"jetpack_featured_media_url":"https:\/\/i0.wp.com\/eltrabajo.cl\/portal\/wp-content\/uploads\/2014\/03\/ANDINA41.jpg?fit=528%2C331&ssl=1","jetpack_sharing_enabled":true,"jetpack_likes_enabled":true,"jetpack-related-posts":[],"_links":{"self":[{"href":"https:\/\/eltrabajo.cl\/portal\/wp-json\/wp\/v2\/posts\/44583","targetHints":{"allow":["GET"]}}],"collection":[{"href":"https:\/\/eltrabajo.cl\/portal\/wp-json\/wp\/v2\/posts"}],"about":[{"href":"https:\/\/eltrabajo.cl\/portal\/wp-json\/wp\/v2\/types\/post"}],"author":[{"embeddable":true,"href":"https:\/\/eltrabajo.cl\/portal\/wp-json\/wp\/v2\/users\/482"}],"replies":[{"embeddable":true,"href":"https:\/\/eltrabajo.cl\/portal\/wp-json\/wp\/v2\/comments?post=44583"}],"version-history":[{"count":0,"href":"https:\/\/eltrabajo.cl\/portal\/wp-json\/wp\/v2\/posts\/44583\/revisions"}],"wp:featuredmedia":[{"embeddable":true,"href":"https:\/\/eltrabajo.cl\/portal\/wp-json\/wp\/v2\/media\/44584"}],"wp:attachment":[{"href":"https:\/\/eltrabajo.cl\/portal\/wp-json\/wp\/v2\/media?parent=44583"}],"wp:term":[{"taxonomy":"category","embeddable":true,"href":"https:\/\/eltrabajo.cl\/portal\/wp-json\/wp\/v2\/categories?post=44583"},{"taxonomy":"post_tag","embeddable":true,"href":"https:\/\/eltrabajo.cl\/portal\/wp-json\/wp\/v2\/tags?post=44583"}],"curies":[{"name":"wp","href":"https:\/\/api.w.org\/{rel}","templated":true}]}}