{"id":44586,"date":"2014-03-21T09:58:23","date_gmt":"2014-03-21T12:58:23","guid":{"rendered":"http:\/\/www.eltrabajo.cl\/portal\/?p=44586"},"modified":"2014-03-21T09:58:23","modified_gmt":"2014-03-21T12:58:23","slug":"el-vampiro-queda-libre-tras-enfrentar-juicio-por-la-muerte-de-profesor-llayllaino","status":"publish","type":"post","link":"https:\/\/eltrabajo.cl\/portal\/el-vampiro-queda-libre-tras-enfrentar-juicio-por-la-muerte-de-profesor-llayllaino\/","title":{"rendered":"\u2018El Vampiro\u2019 queda libre tras enfrentar juicio por la muerte de profesor llaylla\u00edno"},"content":{"rendered":"<figure id=\"attachment_44587\" aria-describedby=\"caption-attachment-44587\" style=\"width: 317px\" class=\"wp-caption alignleft\"><a href=\"https:\/\/i0.wp.com\/www.eltrabajo.cl\/portal\/wp-content\/uploads\/2014\/03\/Vampiro.jpg\"><img data-recalc-dims=\"1\" loading=\"lazy\" decoding=\"async\" class=\" wp-image-44587 \" alt=\"Tras un  juicio que dur\u00f3 dos d\u00edas, el Tribunal Oral En lo Penal de San Felipe decidi\u00f3 poner en libertad a Julio Gonz\u00e1lez Ovalle, de 24 a\u00f1os, apodado \u2018El Vampiro\u2019.\" src=\"https:\/\/i0.wp.com\/www.eltrabajo.cl\/portal\/wp-content\/uploads\/2014\/03\/Vampiro.jpg?resize=317%2C182\" width=\"317\" height=\"182\" srcset=\"https:\/\/i0.wp.com\/eltrabajo.cl\/portal\/wp-content\/uploads\/2014\/03\/Vampiro.jpg?w=529&amp;ssl=1 529w, https:\/\/i0.wp.com\/eltrabajo.cl\/portal\/wp-content\/uploads\/2014\/03\/Vampiro.jpg?resize=200%2C114&amp;ssl=1 200w, https:\/\/i0.wp.com\/eltrabajo.cl\/portal\/wp-content\/uploads\/2014\/03\/Vampiro.jpg?resize=300%2C171&amp;ssl=1 300w, https:\/\/i0.wp.com\/eltrabajo.cl\/portal\/wp-content\/uploads\/2014\/03\/Vampiro.jpg?resize=150%2C85&amp;ssl=1 150w, https:\/\/i0.wp.com\/eltrabajo.cl\/portal\/wp-content\/uploads\/2014\/03\/Vampiro.jpg?resize=400%2C229&amp;ssl=1 400w\" sizes=\"auto, (max-width: 317px) 100vw, 317px\" \/><\/a><figcaption id=\"caption-attachment-44587\" class=\"wp-caption-text\">Tras un juicio que dur\u00f3 dos d\u00edas, el Tribunal Oral En lo Penal de San Felipe decidi\u00f3 poner en libertad a Julio Gonz\u00e1lez Ovalle, de 24 a\u00f1os, apodado \u2018El Vampiro\u2019.<\/figcaption><\/figure>\n<p>Tras un juicio que dur\u00f3 dos d\u00edas, el Tribunal Oral En lo Penal de San Felipe decidi\u00f3 poner en libertad a Julio Gonz\u00e1lez Ovalle, de 24 a\u00f1os, apodado \u2018El Vampiro\u2019, y hasta ahora \u00fanico imputado por el crimen del Profesor Gonzalo Acevedo Aracena de 28 a\u00f1os, en un hecho de sangre ocurrido el 19 de agosto del a\u00f1o pasado. El tribunal decidi\u00f3 absolver a Gonz\u00e1lez Ovalle por cuanto \u201cno logr\u00f3 adquirir convicci\u00f3n m\u00e1s all\u00e1 de toda duda razonable\u201d, de su participaci\u00f3n como homicida del profesor.<\/p>\n<p>&nbsp;<\/p>\n<p><strong>LOS HECHOS<\/strong><\/p>\n<p>Como se recordar\u00e1, el crimen ocurri\u00f3 en el sector de \u2018Las M\u00e1quinas\u2019 de la comuna de Llay Llay, donde existen antiguas instalaciones de ferrocarriles, cerca del estadio municipal de esa comuna.<\/p>\n<figure id=\"attachment_44588\" aria-describedby=\"caption-attachment-44588\" style=\"width: 317px\" class=\"wp-caption alignright\"><a href=\"https:\/\/i0.wp.com\/www.eltrabajo.cl\/portal\/wp-content\/uploads\/2014\/03\/fiscal-osvaldo-basso.jpg\"><img data-recalc-dims=\"1\" loading=\"lazy\" decoding=\"async\" class=\" wp-image-44588 \" alt=\"Fiscal Osvaldo Basso, profesional a cargo de llevar este caso.\" src=\"https:\/\/i0.wp.com\/www.eltrabajo.cl\/portal\/wp-content\/uploads\/2014\/03\/fiscal-osvaldo-basso.jpg?resize=317%2C215\" width=\"317\" height=\"215\" srcset=\"https:\/\/i0.wp.com\/eltrabajo.cl\/portal\/wp-content\/uploads\/2014\/03\/fiscal-osvaldo-basso.jpg?w=528&amp;ssl=1 528w, https:\/\/i0.wp.com\/eltrabajo.cl\/portal\/wp-content\/uploads\/2014\/03\/fiscal-osvaldo-basso.jpg?resize=200%2C135&amp;ssl=1 200w, https:\/\/i0.wp.com\/eltrabajo.cl\/portal\/wp-content\/uploads\/2014\/03\/fiscal-osvaldo-basso.jpg?resize=300%2C203&amp;ssl=1 300w, https:\/\/i0.wp.com\/eltrabajo.cl\/portal\/wp-content\/uploads\/2014\/03\/fiscal-osvaldo-basso.jpg?resize=150%2C101&amp;ssl=1 150w, https:\/\/i0.wp.com\/eltrabajo.cl\/portal\/wp-content\/uploads\/2014\/03\/fiscal-osvaldo-basso.jpg?resize=400%2C271&amp;ssl=1 400w\" sizes=\"auto, (max-width: 317px) 100vw, 317px\" \/><\/a><figcaption id=\"caption-attachment-44588\" class=\"wp-caption-text\">Fiscal Osvaldo Basso, profesional a cargo de llevar este caso.<\/figcaption><\/figure>\n<p>Vecinos del sector fueron los que denunciaron el hecho a Carabineros, luego que sintieron varios balazos previo a encontrar a la v\u00edctima herida tendida en el suelo a\u00fan con signos vitales. A los pocos minutos lleg\u00f3 personal del Samu, pero los esfuerzos por estabilizar a Acevedo Aracena fueron est\u00e9riles, por lo que debido a la gravedad de las heridas, este falleci\u00f3 en el mismo lugar.<\/p>\n<p>\u2018El Vampiro\u2019 fue formalizado por Homicidio Simple y permanec\u00eda en Prisi\u00f3n Preventiva desde entonces, por ser considerado \u2018un peligro para la seguridad de la sociedad\u2019.<\/p>\n<p>&nbsp;<\/p>\n<p><strong>LA INVESTIGACI\u00d3N<\/strong><\/p>\n<p>En la Audiencia de Formalizaci\u00f3n, el Fiscal Julio Palacios relat\u00f3 al tribunal las circunstancias en las que se desarrollaron los hechos, se\u00f1alando que el domingo 19 de agosto, cuando ocurri\u00f3 el crimen, \u201ca eso de las 17:50 horas, cuando la v\u00edctima se encontraba compartiendo una \u2018discada\u2019 con otros individuos en la intersecci\u00f3n de las calles Vicu\u00f1a Mackenna con Salitre, donde se ubica una antigua sala de m\u00e1quina, de improviso aparece Gonz\u00e1lez diciendo \u201cah\u00ed est\u00e1n los huevones\u201d, comenzando a disparar, dando uno de esos disparos en \u2018El Pelao\u2019, como llamaban tambi\u00e9n al Profesor Acevedo, quien cay\u00f3 repentinamente al suelo.<\/p>\n<p>Sin embargo, familiares del Vampiro se\u00f1alaron siempre al tribunal que un tal \u2018Cabez\u00f3n Danilo\u2019, al ver al imputado, habr\u00eda percutido su arma en r\u00e1faga, y debido a eso fue que Gonz\u00e1lez Ovalle repeli\u00f3 el ataque, por lo que el incidente de fuego cruzado no estar\u00eda claro a\u00fan. En la misma audiencia se explic\u00f3 que el imputado jam\u00e1s opuso resistencia a nada, porque cre\u00eda fehacientemente en su inocencia.<\/p>\n<p>Entre los testigos de la muerte estaba Carlos Danilo Saavedra Abarca, quien fue la persona que identific\u00f3 como victimario a Julio Hern\u00e1n Gonz\u00e1lez Ovalle, m\u00e1s conocido como \u2018El Vampiro\u2019, sin embargo en el control se pudo conocer que este sujeto hace dos domingos ya hab\u00eda tenido un altercado con el acusado. En esa ocasi\u00f3n Carlos Saavedra, m\u00e1s conocido como \u2018El Cabez\u00f3n Danilo\u2019, habr\u00eda disparado contra Gonz\u00e1lez Ovalle cuando se movilizaba en su autom\u00f3vil en compa\u00f1\u00eda de un maestro. Incluso se habl\u00f3 de una lesi\u00f3n con arma de fuego en la mano derecha. De todo esto hay denuncias en la PDI.<\/p>\n<p>Fueron esas divergencias entre los testigos del hecho, las que habr\u00edan formado alguna duda razonable para que el tribunal absolviera de todo cargo a Julio Gonz\u00e1lez Ib\u00e1\u00f1ez.<\/p>\n<p>&nbsp;<\/p>\n<p><strong>LA FISCAL\u00cdA<\/strong><\/p>\n<p>Para el Fiscal Osvaldo Basso, en este juicio se utiliz\u00f3 todo tipo de herramientas como testimonios, planimetr\u00eda y declaraci\u00f3n de peritos. En total declararon m\u00e1s de diez personas en este juicio. El persecutor consider\u00f3 que \u201cuna absoluci\u00f3n contraria de las pretensiones que nosotros ten\u00edamos, porque nosotros pretend\u00edamos una condena de diez a\u00f1os, por lo que ahora deberemos estudiar el fallo para revisar la opci\u00f3n de acudir de Nulidad a la Corte de Apelaciones en el caso de encontrar alg\u00fan tipo de vicio formal que amerite interponer alg\u00fan Recurso de Nulidad\u201d.<\/p>\n<p>&nbsp;<\/p>\n","protected":false},"excerpt":{"rendered":"<p>Tras un juicio que dur\u00f3 dos d\u00edas, el Tribunal Oral En lo Penal de San Felipe decidi\u00f3 poner en libertad a Julio Gonz\u00e1lez Ovalle, de 24 a\u00f1os, apodado \u2018El Vampiro\u2019, y hasta&#8230;<\/p>\n","protected":false},"author":482,"featured_media":44587,"comment_status":"open","ping_status":"closed","sticky":false,"template":"","format":"standard","meta":{"advanced_seo_description":"","jetpack_seo_html_title":"","jetpack_seo_noindex":false,"_jetpack_memberships_contains_paid_content":false,"footnotes":""},"categories":[21],"tags":[],"class_list":["post-44586","post","type-post","status-publish","format-standard","has-post-thumbnail","hentry","category-policial"],"jetpack_featured_media_url":"https:\/\/i0.wp.com\/eltrabajo.cl\/portal\/wp-content\/uploads\/2014\/03\/Vampiro.jpg?fit=529%2C303&ssl=1","jetpack_sharing_enabled":true,"jetpack_likes_enabled":true,"jetpack-related-posts":[],"_links":{"self":[{"href":"https:\/\/eltrabajo.cl\/portal\/wp-json\/wp\/v2\/posts\/44586","targetHints":{"allow":["GET"]}}],"collection":[{"href":"https:\/\/eltrabajo.cl\/portal\/wp-json\/wp\/v2\/posts"}],"about":[{"href":"https:\/\/eltrabajo.cl\/portal\/wp-json\/wp\/v2\/types\/post"}],"author":[{"embeddable":true,"href":"https:\/\/eltrabajo.cl\/portal\/wp-json\/wp\/v2\/users\/482"}],"replies":[{"embeddable":true,"href":"https:\/\/eltrabajo.cl\/portal\/wp-json\/wp\/v2\/comments?post=44586"}],"version-history":[{"count":0,"href":"https:\/\/eltrabajo.cl\/portal\/wp-json\/wp\/v2\/posts\/44586\/revisions"}],"wp:featuredmedia":[{"embeddable":true,"href":"https:\/\/eltrabajo.cl\/portal\/wp-json\/wp\/v2\/media\/44587"}],"wp:attachment":[{"href":"https:\/\/eltrabajo.cl\/portal\/wp-json\/wp\/v2\/media?parent=44586"}],"wp:term":[{"taxonomy":"category","embeddable":true,"href":"https:\/\/eltrabajo.cl\/portal\/wp-json\/wp\/v2\/categories?post=44586"},{"taxonomy":"post_tag","embeddable":true,"href":"https:\/\/eltrabajo.cl\/portal\/wp-json\/wp\/v2\/tags?post=44586"}],"curies":[{"name":"wp","href":"https:\/\/api.w.org\/{rel}","templated":true}]}}