{"id":44611,"date":"2014-03-24T09:50:21","date_gmt":"2014-03-24T12:50:21","guid":{"rendered":"http:\/\/www.eltrabajo.cl\/portal\/?p=44611"},"modified":"2014-03-24T09:58:24","modified_gmt":"2014-03-24T12:58:24","slug":"docentes-finalizaron-diplomado-dictado-por-la-universidad-catolica-de-valparaiso","status":"publish","type":"post","link":"https:\/\/eltrabajo.cl\/portal\/docentes-finalizaron-diplomado-dictado-por-la-universidad-catolica-de-valparaiso\/","title":{"rendered":"Docentes finalizaron Diplomado dictado por la Universidad Cat\u00f3lica de Valpara\u00edso"},"content":{"rendered":"<figure id=\"attachment_44612\" aria-describedby=\"caption-attachment-44612\" style=\"width: 529px\" class=\"wp-caption alignnone\"><a href=\"https:\/\/i0.wp.com\/www.eltrabajo.cl\/portal\/wp-content\/uploads\/2014\/03\/Diplomados1.jpg\"><img data-recalc-dims=\"1\" loading=\"lazy\" decoding=\"async\" class=\"size-full wp-image-44612\" alt=\"DIPLOMADOS.- Las c\u00e1maras de Diario El Trabajo tomaron registro de los trece docentes directivos con sus certificados junto a las autoridades.\" src=\"https:\/\/i0.wp.com\/www.eltrabajo.cl\/portal\/wp-content\/uploads\/2014\/03\/Diplomados1.jpg?resize=529%2C252\" width=\"529\" height=\"252\" srcset=\"https:\/\/i0.wp.com\/eltrabajo.cl\/portal\/wp-content\/uploads\/2014\/03\/Diplomados1.jpg?w=529&amp;ssl=1 529w, https:\/\/i0.wp.com\/eltrabajo.cl\/portal\/wp-content\/uploads\/2014\/03\/Diplomados1.jpg?resize=200%2C95&amp;ssl=1 200w, https:\/\/i0.wp.com\/eltrabajo.cl\/portal\/wp-content\/uploads\/2014\/03\/Diplomados1.jpg?resize=300%2C142&amp;ssl=1 300w, https:\/\/i0.wp.com\/eltrabajo.cl\/portal\/wp-content\/uploads\/2014\/03\/Diplomados1.jpg?resize=150%2C71&amp;ssl=1 150w, https:\/\/i0.wp.com\/eltrabajo.cl\/portal\/wp-content\/uploads\/2014\/03\/Diplomados1.jpg?resize=400%2C190&amp;ssl=1 400w\" sizes=\"auto, (max-width: 529px) 100vw, 529px\" \/><\/a><figcaption id=\"caption-attachment-44612\" class=\"wp-caption-text\">DIPLOMADOS.- Las c\u00e1maras de Diario El Trabajo tomaron registro de los trece docentes directivos con sus certificados junto a las autoridades.<\/figcaption><\/figure>\n<p><strong>SANTA MAR\u00cdA<\/strong>.- La Municipalidad a trav\u00e9s de la Direcci\u00f3n de Educaci\u00f3n Municipal, en conjunto con la Pontificia Universidad Cat\u00f3lica de Valpara\u00edso, gestionaron una importante capacitaci\u00f3n destinada a fortalecer las capacidades de la gesti\u00f3n docente. Al proceso de certificaci\u00f3n, que se realiz\u00f3 en el Teatro Municipal, asistieron el Alcalde Claudio Zurita e integrantes del Concejo Municipal; el Director de la Daem Rosalindo Gonz\u00e1lez; la Coordinadora T\u00e9cnica de la Escuela de Pedagog\u00eda de la Universidad, Marta Quiroga Lobos y la docente de esta casa de estudios, Claudia Cuneo.<\/p>\n<p>El Diplomado \u2018Habilidades Directivas y su vinculaci\u00f3n con el aprendizaje individual e institucional\u2019, tuvo como objetivo general que los docentes analicen y reflexionen en profundidad los procesos de cambio y aprendizaje, tanto individual como organizacional, que se producen en las unidades educativas.<\/p>\n<p>Los participantes de esta importante certificaci\u00f3n fueron; Carmen Gloria Ahumada Aguirre, Pamela Silva Birta, Liza Espinoza Santis, Ra\u00fal Bocas Norambuena, Yessica Meza Espinoza, Nelly Antiman Bello, Helmut Kauffman Chivano, Walter Arancibia Brante, Caferina Far\u00edas Basualto, Petronila Soto Lazcano, Isabel Salas Vega, Arturo Costa Araya, Claudio Maureira Rivera y Ana L\u00f3pez Olivares, todos directivos docentes de establecimientos educacionales y jardines infantiles, quienes integraron trece sesiones de trabajo en de extensas jornadas que iban desde las 9:00 y hasta las 19:00 horas.<\/p>\n<p>Respecto de la activa participaci\u00f3n de los docentes en este proceso, la Profesora Claudia Cuneo nos se\u00f1alo que \u201clo que a nosotros m\u00e1s nos mueve en este tipo de trabajo, tiene que ver con el alto compromiso de los directores de las comunas y ellos estuvieron durante todo el diplomado abiertos al aprendizaje, al perfeccionamiento, a la comprensi\u00f3n, a la vivencia y eso es lo fundamental en el proceso directivo\u201d. Por su parte Isabel Salas, una de las coordinadoras del diplomado y encargada de jardines infantiles del municipio, se\u00f1alo que \u201cfue dif\u00edcil al principio, porque comenz\u00f3 cuando est\u00e1bamos terminando el a\u00f1o y hab\u00eda mucha carga laboral, pero todo esfuerzo vali\u00f3 la pena y quiero destacar la entrega de cada uno los participantes, que se dieron por entero a este excelente curso, lo que se agradece enormemente\u201d.<\/p>\n<p>La m\u00e1xima autoridad manifest\u00f3 que \u201cquiero agradecer a quienes hicieron posible el desarrollo de esta importante jornada y fundamentalmente el compromiso de todos docentes directivos que participaron del diplomado. Una capacitaci\u00f3n de este nivel con profesionales altamente calificados y con una Universidad tan prestigiosa como al Universidad Cat\u00f3lica de Valpara\u00edso, es sin duda una gran oportunidad. Soy de los que piensan que esta inversi\u00f3n siempre es muy necesaria, si queremos optimizar las capacidades de nuestros equipos humanos pensando en la mejora de la calidad de la educaci\u00f3n que se entrega a nuestros ni\u00f1os y ni\u00f1as\u201d.<\/p>\n<div class=\"tiled-gallery type-rectangular tiled-gallery-unresized\" data-original-width=\"640\" data-carousel-extra='null' itemscope itemtype=\"http:\/\/schema.org\/ImageGallery\" > <div class=\"gallery-row\" style=\"width: 640px; height: 207px;\" data-original-width=\"640\" data-original-height=\"207\" > <div class=\"gallery-group images-1\" style=\"width: 300px; height: 207px;\" data-original-width=\"300\" data-original-height=\"207\" > <div class=\"tiled-gallery-item tiled-gallery-item-large\" itemprop=\"associatedMedia\" itemscope itemtype=\"http:\/\/schema.org\/ImageObject\"> <a href=\"https:\/\/eltrabajo.cl\/portal\/docentes-finalizaron-diplomado-dictado-por-la-universidad-catolica-de-valparaiso\/gestores1-2\/\" border=\"0\" itemprop=\"url\"> <meta itemprop=\"width\" content=\"296\"> <meta itemprop=\"height\" content=\"203\"> <img decoding=\"async\" class=\"\" data-attachment-id=\"44613\" data-orig-file=\"https:\/\/eltrabajo.cl\/portal\/wp-content\/uploads\/2014\/03\/Gestores1.jpg\" data-orig-size=\"529,363\" data-comments-opened=\"1\" data-image-meta=\"{&quot;aperture&quot;:&quot;4.5&quot;,&quot;credit&quot;:&quot;&quot;,&quot;camera&quot;:&quot;Canon EOS REBEL T1i&quot;,&quot;caption&quot;:&quot;&quot;,&quot;created_timestamp&quot;:&quot;1395407109&quot;,&quot;copyright&quot;:&quot;&quot;,&quot;focal_length&quot;:&quot;32&quot;,&quot;iso&quot;:&quot;400&quot;,&quot;shutter_speed&quot;:&quot;0.016666666666667&quot;,&quot;title&quot;:&quot;&quot;}\" data-image-title=\"Gestores1\" data-image-description=\"&lt;p&gt;LOS GESTORES.- Claudia Cuneo, Alcalde Claudio Zurita, Marta Quiroga, Isabel Salas y Rosalindo Gonz\u00e1lez.&lt;\/p&gt; \" data-medium-file=\"https:\/\/i0.wp.com\/eltrabajo.cl\/portal\/wp-content\/uploads\/2014\/03\/Gestores1.jpg?fit=300%2C205&#038;ssl=1\" data-large-file=\"https:\/\/i0.wp.com\/eltrabajo.cl\/portal\/wp-content\/uploads\/2014\/03\/Gestores1.jpg?fit=529%2C363&#038;ssl=1\" src=\"https:\/\/i0.wp.com\/eltrabajo.cl\/portal\/wp-content\/uploads\/2014\/03\/Gestores1.jpg?w=296&#038;h=203&#038;ssl=1\" srcset=\"https:\/\/i0.wp.com\/eltrabajo.cl\/portal\/wp-content\/uploads\/2014\/03\/Gestores1.jpg?w=529&amp;ssl=1 529w, https:\/\/i0.wp.com\/eltrabajo.cl\/portal\/wp-content\/uploads\/2014\/03\/Gestores1.jpg?resize=200%2C137&amp;ssl=1 200w, https:\/\/i0.wp.com\/eltrabajo.cl\/portal\/wp-content\/uploads\/2014\/03\/Gestores1.jpg?resize=300%2C205&amp;ssl=1 300w, https:\/\/i0.wp.com\/eltrabajo.cl\/portal\/wp-content\/uploads\/2014\/03\/Gestores1.jpg?resize=150%2C102&amp;ssl=1 150w, https:\/\/i0.wp.com\/eltrabajo.cl\/portal\/wp-content\/uploads\/2014\/03\/Gestores1.jpg?resize=400%2C274&amp;ssl=1 400w\" width=\"296\" height=\"203\" loading=\"lazy\" data-original-width=\"296\" data-original-height=\"203\" itemprop=\"http:\/\/schema.org\/image\" title=\"Gestores1\" alt=\"LOS GESTORES.- Claudia Cuneo, Alcalde Claudio Zurita, Marta Quiroga, Isabel Salas y Rosalindo Gonz\u00e1lez.\" style=\"width: 296px; height: 203px;\" \/> <\/a> <div class=\"tiled-gallery-caption\" itemprop=\"caption description\"> LOS GESTORES.- Claudia Cuneo, Alcalde Claudio Zurita, Marta Quiroga, Isabel Salas y Rosalindo Gonz\u00e1lez. <\/div> <\/div> <\/div> <!-- close group --> <div class=\"gallery-group images-1\" style=\"width: 340px; height: 207px;\" data-original-width=\"340\" data-original-height=\"207\" > <div class=\"tiled-gallery-item tiled-gallery-item-large\" itemprop=\"associatedMedia\" itemscope itemtype=\"http:\/\/schema.org\/ImageObject\"> <a href=\"https:\/\/eltrabajo.cl\/portal\/docentes-finalizaron-diplomado-dictado-por-la-universidad-catolica-de-valparaiso\/orgullosos1\/\" border=\"0\" itemprop=\"url\"> <meta itemprop=\"width\" content=\"336\"> <meta itemprop=\"height\" content=\"203\"> <img decoding=\"async\" class=\"\" data-attachment-id=\"44614\" data-orig-file=\"https:\/\/eltrabajo.cl\/portal\/wp-content\/uploads\/2014\/03\/Orgullosos1.jpg\" data-orig-size=\"528,319\" data-comments-opened=\"1\" data-image-meta=\"{&quot;aperture&quot;:&quot;4&quot;,&quot;credit&quot;:&quot;&quot;,&quot;camera&quot;:&quot;Canon EOS REBEL T1i&quot;,&quot;caption&quot;:&quot;&quot;,&quot;created_timestamp&quot;:&quot;1395406054&quot;,&quot;copyright&quot;:&quot;&quot;,&quot;focal_length&quot;:&quot;20&quot;,&quot;iso&quot;:&quot;400&quot;,&quot;shutter_speed&quot;:&quot;0.016666666666667&quot;,&quot;title&quot;:&quot;&quot;}\" data-image-title=\"Orgullosos1\" data-image-description=\"&lt;p&gt;ORGULLOSOS.- Helmut Kauffmann y Claudio Maureira muestran orgullosos a Diario El Trabajo, el certificado que los certifica como Diplomados en \u2018Habilidades Directivas y su vinculaci\u00f3n con el aprendizaje individual e institucional\u2019.&lt;\/p&gt; \" data-medium-file=\"https:\/\/i0.wp.com\/eltrabajo.cl\/portal\/wp-content\/uploads\/2014\/03\/Orgullosos1.jpg?fit=300%2C181&#038;ssl=1\" data-large-file=\"https:\/\/i0.wp.com\/eltrabajo.cl\/portal\/wp-content\/uploads\/2014\/03\/Orgullosos1.jpg?fit=528%2C319&#038;ssl=1\" src=\"https:\/\/i0.wp.com\/eltrabajo.cl\/portal\/wp-content\/uploads\/2014\/03\/Orgullosos1.jpg?w=336&#038;h=203&#038;ssl=1\" srcset=\"https:\/\/i0.wp.com\/eltrabajo.cl\/portal\/wp-content\/uploads\/2014\/03\/Orgullosos1.jpg?w=528&amp;ssl=1 528w, https:\/\/i0.wp.com\/eltrabajo.cl\/portal\/wp-content\/uploads\/2014\/03\/Orgullosos1.jpg?resize=200%2C120&amp;ssl=1 200w, https:\/\/i0.wp.com\/eltrabajo.cl\/portal\/wp-content\/uploads\/2014\/03\/Orgullosos1.jpg?resize=300%2C181&amp;ssl=1 300w, https:\/\/i0.wp.com\/eltrabajo.cl\/portal\/wp-content\/uploads\/2014\/03\/Orgullosos1.jpg?resize=150%2C90&amp;ssl=1 150w, https:\/\/i0.wp.com\/eltrabajo.cl\/portal\/wp-content\/uploads\/2014\/03\/Orgullosos1.jpg?resize=400%2C241&amp;ssl=1 400w\" width=\"336\" height=\"203\" loading=\"lazy\" data-original-width=\"336\" data-original-height=\"203\" itemprop=\"http:\/\/schema.org\/image\" title=\"Orgullosos1\" alt=\"ORGULLOSOS.- Helmut Kauffmann y Claudio Maureira muestran orgullosos a Diario El Trabajo, el certificado que los certifica como Diplomados en \u2018Habilidades Directivas y su vinculaci\u00f3n con el aprendizaje individual e institucional\u2019.\" style=\"width: 336px; height: 203px;\" \/> <\/a> <div class=\"tiled-gallery-caption\" itemprop=\"caption description\"> ORGULLOSOS.- Helmut Kauffmann y Claudio Maureira muestran orgullosos a Diario El Trabajo, el certificado que los certifica como Diplomados en \u2018Habilidades Directivas y su vinculaci\u00f3n con el aprendizaje individual e institucional\u2019. <\/div> <\/div> <\/div> <!-- close group --> <\/div> <!-- close row --> <\/div>\n<p>&nbsp;<\/p>\n","protected":false},"excerpt":{"rendered":"<p>SANTA MAR\u00cdA.- La Municipalidad a trav\u00e9s de la Direcci\u00f3n de Educaci\u00f3n Municipal, en conjunto con la Pontificia Universidad Cat\u00f3lica de Valpara\u00edso, gestionaron una importante capacitaci\u00f3n destinada a fortalecer las capacidades de la&#8230;<\/p>\n","protected":false},"author":482,"featured_media":44612,"comment_status":"open","ping_status":"closed","sticky":false,"template":"","format":"standard","meta":{"advanced_seo_description":"","jetpack_seo_html_title":"","jetpack_seo_noindex":false,"_jetpack_memberships_contains_paid_content":false,"footnotes":""},"categories":[1],"tags":[],"class_list":["post-44611","post","type-post","status-publish","format-standard","has-post-thumbnail","hentry","category-cronica"],"jetpack_featured_media_url":"https:\/\/i0.wp.com\/eltrabajo.cl\/portal\/wp-content\/uploads\/2014\/03\/Diplomados1.jpg?fit=529%2C252&ssl=1","jetpack_sharing_enabled":true,"jetpack_likes_enabled":true,"jetpack-related-posts":[],"_links":{"self":[{"href":"https:\/\/eltrabajo.cl\/portal\/wp-json\/wp\/v2\/posts\/44611","targetHints":{"allow":["GET"]}}],"collection":[{"href":"https:\/\/eltrabajo.cl\/portal\/wp-json\/wp\/v2\/posts"}],"about":[{"href":"https:\/\/eltrabajo.cl\/portal\/wp-json\/wp\/v2\/types\/post"}],"author":[{"embeddable":true,"href":"https:\/\/eltrabajo.cl\/portal\/wp-json\/wp\/v2\/users\/482"}],"replies":[{"embeddable":true,"href":"https:\/\/eltrabajo.cl\/portal\/wp-json\/wp\/v2\/comments?post=44611"}],"version-history":[{"count":0,"href":"https:\/\/eltrabajo.cl\/portal\/wp-json\/wp\/v2\/posts\/44611\/revisions"}],"wp:featuredmedia":[{"embeddable":true,"href":"https:\/\/eltrabajo.cl\/portal\/wp-json\/wp\/v2\/media\/44612"}],"wp:attachment":[{"href":"https:\/\/eltrabajo.cl\/portal\/wp-json\/wp\/v2\/media?parent=44611"}],"wp:term":[{"taxonomy":"category","embeddable":true,"href":"https:\/\/eltrabajo.cl\/portal\/wp-json\/wp\/v2\/categories?post=44611"},{"taxonomy":"post_tag","embeddable":true,"href":"https:\/\/eltrabajo.cl\/portal\/wp-json\/wp\/v2\/tags?post=44611"}],"curies":[{"name":"wp","href":"https:\/\/api.w.org\/{rel}","templated":true}]}}