{"id":44620,"date":"2014-03-24T09:52:39","date_gmt":"2014-03-24T12:52:39","guid":{"rendered":"http:\/\/www.eltrabajo.cl\/portal\/?p=44620"},"modified":"2014-03-24T09:52:39","modified_gmt":"2014-03-24T12:52:39","slug":"concejal-basilio-muena-san-felipe-nos-debe-en-materia-de-transito-con-automovilistas-y-peatones","status":"publish","type":"post","link":"https:\/\/eltrabajo.cl\/portal\/concejal-basilio-muena-san-felipe-nos-debe-en-materia-de-transito-con-automovilistas-y-peatones\/","title":{"rendered":"Concejal Basilio Muena: \u201cSan Felipe nos debe en materia de tr\u00e1nsito con automovilistas y peatones\u00bb"},"content":{"rendered":"<figure id=\"attachment_44621\" aria-describedby=\"caption-attachment-44621\" style=\"width: 528px\" class=\"wp-caption alignnone\"><a href=\"https:\/\/i0.wp.com\/www.eltrabajo.cl\/portal\/wp-content\/uploads\/2014\/03\/Cebra1.jpg\"><img data-recalc-dims=\"1\" loading=\"lazy\" decoding=\"async\" class=\"size-full wp-image-44621\" alt=\"Muena hace presente que este problema sobre la calidad de las pinturas utilizadas ha sido tratado anteriormente en concejo tanto por el mismo como tambi\u00e9n por otros colegas concejales.\" src=\"https:\/\/i0.wp.com\/www.eltrabajo.cl\/portal\/wp-content\/uploads\/2014\/03\/Cebra1.jpg?resize=528%2C331\" width=\"528\" height=\"331\" srcset=\"https:\/\/i0.wp.com\/eltrabajo.cl\/portal\/wp-content\/uploads\/2014\/03\/Cebra1.jpg?w=528&amp;ssl=1 528w, https:\/\/i0.wp.com\/eltrabajo.cl\/portal\/wp-content\/uploads\/2014\/03\/Cebra1.jpg?resize=200%2C125&amp;ssl=1 200w, https:\/\/i0.wp.com\/eltrabajo.cl\/portal\/wp-content\/uploads\/2014\/03\/Cebra1.jpg?resize=300%2C188&amp;ssl=1 300w, https:\/\/i0.wp.com\/eltrabajo.cl\/portal\/wp-content\/uploads\/2014\/03\/Cebra1.jpg?resize=150%2C94&amp;ssl=1 150w, https:\/\/i0.wp.com\/eltrabajo.cl\/portal\/wp-content\/uploads\/2014\/03\/Cebra1.jpg?resize=400%2C250&amp;ssl=1 400w\" sizes=\"auto, (max-width: 528px) 100vw, 528px\" \/><\/a><figcaption id=\"caption-attachment-44621\" class=\"wp-caption-text\">Muena hace presente que este problema sobre la calidad de las pinturas utilizadas ha sido tratado anteriormente en concejo tanto por el mismo como tambi\u00e9n por otros colegas concejales.<\/figcaption><\/figure>\n<p>Para el Concejal Basilio Muena (DC) existe un tremendo problema en nuestra comuna en relaci\u00f3n al tr\u00e1nsito. \u00abHay que mejorar las se\u00f1ales de tr\u00e1nsito y mejorar varios otros aspectos. Hoy nos encontramos al debe tanto con los peatones como tambi\u00e9n con los automovilistas\u00bb, sostuvo.<\/p>\n<p>El concejal se\u00f1alo que \u00abesta situaci\u00f3n hay que abordarla con la mayor celeridad posible y conseguir los recursos para mejorar las se\u00f1ales de tr\u00e1nsito en general e instalar lo m\u00e1s luego posible reductores de velocidad, y de manera adicional coordinar una campa\u00f1a de manejo responsable y a la defensiva, la cual perfectamente se puede realizar en conjunto con Carabineros. Esto \u00faltimo ya que son muchos los peligros a que est\u00e1n expuestos los vecinos por la imprudencia de algunos automovilistas y peatones\u00bb.<\/p>\n<p>Muena precis\u00f3 que \u00abes \u2018pan de cada d\u00eda\u2019 ver que no se respetan, por dar un ejemplo, los pasos peatonales o pasos de cebra. He presenciado muchas veces que un conductor se detiene para dar el paso al peat\u00f3n y por la otra pista el otro veh\u00edculo no lo hace\u00bb.<\/p>\n<p>Ahora bien, con el remarcado de las calles el concejal precisa que convers\u00f3 la semana pasada con el Alcalde Patricio Freire para que las pinturas que se compren sean de mejor calidad. \u00abCoincidimos con el alcalde que en la actualidad si se pinta en la ma\u00f1ana, ya en la tarde del mismo d\u00eda pr\u00e1cticamente no se nota nada. Si bien eso implica un mayor gasto, \u00e9ste se justifica plenamente\u00bb. Muena hace presente que este problema sobre la calidad de las pinturas utilizadas ha sido tratado anteriormente en concejo, tanto por el mismo como tambi\u00e9n por otros colegas concejales.<\/p>\n<p>El concejal tambi\u00e9n se refiri\u00f3 a situaciones complejas que a su juicio deben ser revisadas, como por ejemplo la rotonda \u2018C\u00edrculo Los 21\u2019 que est\u00e1 pasado el aer\u00f3dromo.<\/p>\n<p>\u00abLas se\u00f1ales y protecciones son insuficientes y los pasos peatonales a mi entender estar\u00edan mal ubicados, generando un mayor atochamiento. Calle Michimalongo es otro caso de varios que existen en nuestra comuna y que generan riesgo. Prioridad tambi\u00e9n deben ser todas las se\u00f1ales de tr\u00e1nsito y pintado de calles de cercan\u00edas de colegios, jardines, consultorios y en general los lugares que reciben mayor flujo de personas. Estoy muy consciente que hay temas que requieren de tiempo para su soluci\u00f3n, pero debemos al menos minimizar los peligros y los inconvenientes mientras logramos soluciones m\u00e1s definitivas\u201d.<\/p>\n<p>Al concluir, el concejal coment\u00f3 la problem\u00e1tica situaci\u00f3n de Avenida Enc\u00f3n, que fue incluso analizada en el \u00faltimo Concejo junto a Vialidad y el municipio de Putaendo. \u201cEste problema puntual lo llev\u00f3 mi colega Concejal Janett Sotomayor, ella conoce bien el tema ya que vive en el mismo sector. La preocupaci\u00f3n de mi colega la comparto y puedo decir que hay muchos peligros en dicha calle. Algunos de ellos provocados por las obras que se desarrollaron y no est\u00e1n en un 100% terminadas. Es urgente la habilitaci\u00f3n de los sem\u00e1foros. Adem\u00e1s de estudiar como regular la salida de Las Acacias justo antes del puente. En ese lugar se genera un tremendo riesgo por el alto flujo vehicular y la escasa visibilidad\u00bb, puntualiz\u00f3 el edil.<\/p>\n","protected":false},"excerpt":{"rendered":"<p>Para el Concejal Basilio Muena (DC) existe un tremendo problema en nuestra comuna en relaci\u00f3n al tr\u00e1nsito. \u00abHay que mejorar las se\u00f1ales de tr\u00e1nsito y mejorar varios otros aspectos. Hoy nos encontramos&#8230;<\/p>\n","protected":false},"author":482,"featured_media":44621,"comment_status":"open","ping_status":"closed","sticky":false,"template":"","format":"standard","meta":{"advanced_seo_description":"","jetpack_seo_html_title":"","jetpack_seo_noindex":false,"_jetpack_memberships_contains_paid_content":false,"footnotes":""},"categories":[15],"tags":[],"class_list":["post-44620","post","type-post","status-publish","format-standard","has-post-thumbnail","hentry","category-comunidad"],"jetpack_featured_media_url":"https:\/\/i0.wp.com\/eltrabajo.cl\/portal\/wp-content\/uploads\/2014\/03\/Cebra1.jpg?fit=528%2C331&ssl=1","jetpack_sharing_enabled":true,"jetpack_likes_enabled":true,"jetpack-related-posts":[],"_links":{"self":[{"href":"https:\/\/eltrabajo.cl\/portal\/wp-json\/wp\/v2\/posts\/44620","targetHints":{"allow":["GET"]}}],"collection":[{"href":"https:\/\/eltrabajo.cl\/portal\/wp-json\/wp\/v2\/posts"}],"about":[{"href":"https:\/\/eltrabajo.cl\/portal\/wp-json\/wp\/v2\/types\/post"}],"author":[{"embeddable":true,"href":"https:\/\/eltrabajo.cl\/portal\/wp-json\/wp\/v2\/users\/482"}],"replies":[{"embeddable":true,"href":"https:\/\/eltrabajo.cl\/portal\/wp-json\/wp\/v2\/comments?post=44620"}],"version-history":[{"count":0,"href":"https:\/\/eltrabajo.cl\/portal\/wp-json\/wp\/v2\/posts\/44620\/revisions"}],"wp:featuredmedia":[{"embeddable":true,"href":"https:\/\/eltrabajo.cl\/portal\/wp-json\/wp\/v2\/media\/44621"}],"wp:attachment":[{"href":"https:\/\/eltrabajo.cl\/portal\/wp-json\/wp\/v2\/media?parent=44620"}],"wp:term":[{"taxonomy":"category","embeddable":true,"href":"https:\/\/eltrabajo.cl\/portal\/wp-json\/wp\/v2\/categories?post=44620"},{"taxonomy":"post_tag","embeddable":true,"href":"https:\/\/eltrabajo.cl\/portal\/wp-json\/wp\/v2\/tags?post=44620"}],"curies":[{"name":"wp","href":"https:\/\/api.w.org\/{rel}","templated":true}]}}