{"id":44624,"date":"2014-03-24T09:55:38","date_gmt":"2014-03-24T12:55:38","guid":{"rendered":"http:\/\/www.eltrabajo.cl\/portal\/?p=44624"},"modified":"2014-03-24T09:55:38","modified_gmt":"2014-03-24T12:55:38","slug":"entregan-aporte-en-equipamiento-a-familia-de-la-comuna","status":"publish","type":"post","link":"https:\/\/eltrabajo.cl\/portal\/entregan-aporte-en-equipamiento-a-familia-de-la-comuna\/","title":{"rendered":"Entregan aporte en equipamiento a familia de la comuna"},"content":{"rendered":"<figure id=\"attachment_44625\" aria-describedby=\"caption-attachment-44625\" style=\"width: 529px\" class=\"wp-caption alignnone\"><a href=\"https:\/\/i0.wp.com\/www.eltrabajo.cl\/portal\/wp-content\/uploads\/2014\/03\/Entrega1.jpg\"><img data-recalc-dims=\"1\" loading=\"lazy\" decoding=\"async\" class=\"size-full wp-image-44625\" alt=\"APOYO.- El Alcalde Freire lleg\u00f3 hasta la casa de esta familia, el d\u00eda que el ni\u00f1o celebraba su cumplea\u00f1os, por lo que fue un momento muy especial para todos.\" src=\"https:\/\/i0.wp.com\/www.eltrabajo.cl\/portal\/wp-content\/uploads\/2014\/03\/Entrega1.jpg?resize=529%2C360\" width=\"529\" height=\"360\" srcset=\"https:\/\/i0.wp.com\/eltrabajo.cl\/portal\/wp-content\/uploads\/2014\/03\/Entrega1.jpg?w=529&amp;ssl=1 529w, https:\/\/i0.wp.com\/eltrabajo.cl\/portal\/wp-content\/uploads\/2014\/03\/Entrega1.jpg?resize=200%2C136&amp;ssl=1 200w, https:\/\/i0.wp.com\/eltrabajo.cl\/portal\/wp-content\/uploads\/2014\/03\/Entrega1.jpg?resize=300%2C204&amp;ssl=1 300w, https:\/\/i0.wp.com\/eltrabajo.cl\/portal\/wp-content\/uploads\/2014\/03\/Entrega1.jpg?resize=150%2C102&amp;ssl=1 150w, https:\/\/i0.wp.com\/eltrabajo.cl\/portal\/wp-content\/uploads\/2014\/03\/Entrega1.jpg?resize=400%2C272&amp;ssl=1 400w\" sizes=\"auto, (max-width: 529px) 100vw, 529px\" \/><\/a><figcaption id=\"caption-attachment-44625\" class=\"wp-caption-text\">APOYO.- El Alcalde Freire lleg\u00f3 hasta la casa de esta familia, el d\u00eda que el ni\u00f1o celebraba su cumplea\u00f1os, por lo que fue un momento muy especial para todos.<\/figcaption><\/figure>\n<p>En el marco del Programa de Gesti\u00f3n Territorial de la Direcci\u00f3n de Desarrollo Comunitario, se logr\u00f3 detectar la existencia de una compleja situaci\u00f3n que se encuentra atravesando una familia de nuestra comuna. Ver\u00f3nica Flores tiene a su hijo Patricio reci\u00e9n operado y debe trasladarse en silla de ruedas los pocos momentos que durante el d\u00eda puede pasar fuera de su cama.<\/p>\n<p>Desafortunadamente las condiciones en su casa no eran las \u00f3ptimas para que Patricio se trasladara ni durmiera, por ello el Alcalde Patricio Freire se traslad\u00f3 hasta la vivienda de Ver\u00f3nica, ubicada en el sector de la Hacienda de Quilpu\u00e9, donde les hizo entrega de una cama y materiales para la construcci\u00f3n de un nuevo ba\u00f1o, que permita mayores facilidades al ni\u00f1o que se debe trasladar en silla de ruedas.<\/p>\n<p>\u201cEl Alcalde nos ha pedido que realicemos las gestiones para recuperar un ba\u00f1o y trasladarlo y tener un ba\u00f1o en mejores condiciones\u201d, se\u00f1al\u00f3 Pablo Silva, Director de Desarrollo Comunitario. Patricio est\u00e1 operado de su cadera y no puede caminar, ya que s\u00f3lo desde el 5 de febrero se realiz\u00f3 la intervenci\u00f3n y s\u00f3lo puede sentarse en su cama y la silla de ruedas, por ello este aporte fue destacado por Ver\u00f3nica, ya que tendr\u00e1 mejores condiciones de vida.<\/p>\n<p>\u201cEstamos muy agradecidos porque lo necesit\u00e1bamos, as\u00ed que le doy las gracias porque es un aporte muy importante y a nosotros nos va a servir mucho\u201d, dijo Ver\u00f3nica.<\/p>\n<p>&nbsp;<\/p>\n","protected":false},"excerpt":{"rendered":"<p>En el marco del Programa de Gesti\u00f3n Territorial de la Direcci\u00f3n de Desarrollo Comunitario, se logr\u00f3 detectar la existencia de una compleja situaci\u00f3n que se encuentra atravesando una familia de nuestra comuna&#8230;.<\/p>\n","protected":false},"author":482,"featured_media":44625,"comment_status":"open","ping_status":"closed","sticky":false,"template":"","format":"standard","meta":{"advanced_seo_description":"","jetpack_seo_html_title":"","jetpack_seo_noindex":false,"_jetpack_memberships_contains_paid_content":false,"footnotes":""},"categories":[15],"tags":[],"class_list":["post-44624","post","type-post","status-publish","format-standard","has-post-thumbnail","hentry","category-comunidad"],"jetpack_featured_media_url":"https:\/\/i0.wp.com\/eltrabajo.cl\/portal\/wp-content\/uploads\/2014\/03\/Entrega1.jpg?fit=529%2C360&ssl=1","jetpack_sharing_enabled":true,"jetpack_likes_enabled":true,"jetpack-related-posts":[],"_links":{"self":[{"href":"https:\/\/eltrabajo.cl\/portal\/wp-json\/wp\/v2\/posts\/44624","targetHints":{"allow":["GET"]}}],"collection":[{"href":"https:\/\/eltrabajo.cl\/portal\/wp-json\/wp\/v2\/posts"}],"about":[{"href":"https:\/\/eltrabajo.cl\/portal\/wp-json\/wp\/v2\/types\/post"}],"author":[{"embeddable":true,"href":"https:\/\/eltrabajo.cl\/portal\/wp-json\/wp\/v2\/users\/482"}],"replies":[{"embeddable":true,"href":"https:\/\/eltrabajo.cl\/portal\/wp-json\/wp\/v2\/comments?post=44624"}],"version-history":[{"count":0,"href":"https:\/\/eltrabajo.cl\/portal\/wp-json\/wp\/v2\/posts\/44624\/revisions"}],"wp:featuredmedia":[{"embeddable":true,"href":"https:\/\/eltrabajo.cl\/portal\/wp-json\/wp\/v2\/media\/44625"}],"wp:attachment":[{"href":"https:\/\/eltrabajo.cl\/portal\/wp-json\/wp\/v2\/media?parent=44624"}],"wp:term":[{"taxonomy":"category","embeddable":true,"href":"https:\/\/eltrabajo.cl\/portal\/wp-json\/wp\/v2\/categories?post=44624"},{"taxonomy":"post_tag","embeddable":true,"href":"https:\/\/eltrabajo.cl\/portal\/wp-json\/wp\/v2\/tags?post=44624"}],"curies":[{"name":"wp","href":"https:\/\/api.w.org\/{rel}","templated":true}]}}