{"id":44632,"date":"2014-03-24T10:00:32","date_gmt":"2014-03-24T13:00:32","guid":{"rendered":"http:\/\/www.eltrabajo.cl\/portal\/?p=44632"},"modified":"2014-03-24T10:10:54","modified_gmt":"2014-03-24T13:10:54","slug":"camion-volcado-tras-ser-impactado-por-auto-menor-a-alta-velocidad","status":"publish","type":"post","link":"https:\/\/eltrabajo.cl\/portal\/camion-volcado-tras-ser-impactado-por-auto-menor-a-alta-velocidad\/","title":{"rendered":"Cami\u00f3n volcado tras ser impactado por auto menor a alta velocidad"},"content":{"rendered":"<figure id=\"attachment_44633\" aria-describedby=\"caption-attachment-44633\" style=\"width: 529px\" class=\"wp-caption alignnone\"><a href=\"https:\/\/i0.wp.com\/www.eltrabajo.cl\/portal\/wp-content\/uploads\/2014\/03\/Accidente12.jpg\"><img data-recalc-dims=\"1\" loading=\"lazy\" decoding=\"async\" class=\"size-full wp-image-44633\" alt=\"El cami\u00f3n \u00be patente VT-35-32 conducido por Rodrigo Silva Rubilar de 49 a\u00f1os de edad y domiciliado en Putaendo, transitaba por la Ruta E-71 de norte a sur.\" src=\"https:\/\/i0.wp.com\/www.eltrabajo.cl\/portal\/wp-content\/uploads\/2014\/03\/Accidente12.jpg?resize=529%2C359\" width=\"529\" height=\"359\" srcset=\"https:\/\/i0.wp.com\/eltrabajo.cl\/portal\/wp-content\/uploads\/2014\/03\/Accidente12.jpg?w=529&amp;ssl=1 529w, https:\/\/i0.wp.com\/eltrabajo.cl\/portal\/wp-content\/uploads\/2014\/03\/Accidente12.jpg?resize=200%2C135&amp;ssl=1 200w, https:\/\/i0.wp.com\/eltrabajo.cl\/portal\/wp-content\/uploads\/2014\/03\/Accidente12.jpg?resize=300%2C203&amp;ssl=1 300w, https:\/\/i0.wp.com\/eltrabajo.cl\/portal\/wp-content\/uploads\/2014\/03\/Accidente12.jpg?resize=150%2C101&amp;ssl=1 150w, https:\/\/i0.wp.com\/eltrabajo.cl\/portal\/wp-content\/uploads\/2014\/03\/Accidente12.jpg?resize=400%2C271&amp;ssl=1 400w\" sizes=\"auto, (max-width: 529px) 100vw, 529px\" \/><\/a><figcaption id=\"caption-attachment-44633\" class=\"wp-caption-text\">El cami\u00f3n \u00be patente VT-35-32 conducido por Rodrigo Silva Rubilar de 49 a\u00f1os de edad y domiciliado en Putaendo, transitaba por la Ruta E-71 de norte a sur.<\/figcaption><\/figure>\n<p><strong>PUTAENDO.<\/strong>&#8211; Un cami\u00f3n \u00be termin\u00f3 volcado, luego que fuese impactado en su parte posterior por un veh\u00edculo menor que se dirig\u00eda a alta velocidad a la entrada de Calle El Carmen en el sector conocido como Las Tunas.<\/p>\n<p>El accidente se registr\u00f3 a eso de las 18:10 horas de este s\u00e1bado, cuando el cami\u00f3n \u00be patente VT-35-32 conducido por Rodrigo Silva Rubilar de 49 a\u00f1os de edad y domiciliado en Putaendo, transitaba por la carretera E-71 de norte a sur y seg\u00fan su testimonio, al llegar al cruce conocido como Las Tunas, se\u00f1aliz\u00f3 para virar a la izquierda e ingresar hacia Rinconada de Silva por Calle El Carmen y en ese momento asegura que fue impactado en la parte posterior izquierda de su cami\u00f3n por otro veh\u00edculo que ven\u00eda adelantando.<\/p>\n<figure id=\"attachment_44634\" aria-describedby=\"caption-attachment-44634\" style=\"width: 423px\" class=\"wp-caption alignright\"><a href=\"https:\/\/i0.wp.com\/www.eltrabajo.cl\/portal\/wp-content\/uploads\/2014\/03\/Accidente22.jpg\"><img data-recalc-dims=\"1\" loading=\"lazy\" decoding=\"async\" class=\" wp-image-44634 \" alt=\"El Nissan color blanco, patente SE-78-93, era conducido por Gerson Andr\u00e9s Vilches Garay, de 22 a\u00f1os de edad.\" src=\"https:\/\/i0.wp.com\/www.eltrabajo.cl\/portal\/wp-content\/uploads\/2014\/03\/Accidente22.jpg?resize=423%2C253\" width=\"423\" height=\"253\" srcset=\"https:\/\/i0.wp.com\/eltrabajo.cl\/portal\/wp-content\/uploads\/2014\/03\/Accidente22.jpg?w=529&amp;ssl=1 529w, https:\/\/i0.wp.com\/eltrabajo.cl\/portal\/wp-content\/uploads\/2014\/03\/Accidente22.jpg?resize=200%2C119&amp;ssl=1 200w, https:\/\/i0.wp.com\/eltrabajo.cl\/portal\/wp-content\/uploads\/2014\/03\/Accidente22.jpg?resize=300%2C179&amp;ssl=1 300w, https:\/\/i0.wp.com\/eltrabajo.cl\/portal\/wp-content\/uploads\/2014\/03\/Accidente22.jpg?resize=150%2C89&amp;ssl=1 150w, https:\/\/i0.wp.com\/eltrabajo.cl\/portal\/wp-content\/uploads\/2014\/03\/Accidente22.jpg?resize=400%2C238&amp;ssl=1 400w\" sizes=\"auto, (max-width: 423px) 100vw, 423px\" \/><\/a><figcaption id=\"caption-attachment-44634\" class=\"wp-caption-text\">El Nissan color blanco, patente SE-78-93, era conducido por Gerson Andr\u00e9s Vilches Garay, de 22 a\u00f1os de edad.<\/figcaption><\/figure>\n<p>A consecuencia del fuerte impacto el cami\u00f3n \u00be dio un par de vueltas hasta terminar volcado a la entrada del camino y su conductor logr\u00f3 salir por sus propios medios totalmente ileso. El otro veh\u00edculo involucrado, un Nissan color blanco, patente SE-78-93, el cual era conducido por Gerson Andr\u00e9s Vilches Garay, de 22 a\u00f1os de edad, domiciliado en la localidad de Guzmanes, result\u00f3 con da\u00f1os de consideraci\u00f3n en la parte frontal y su conductor fue trasladado en una ambulancia del Samu hasta el Hospital San Camilo de San Felipe, donde se le constataron lesiones de car\u00e1cter leve.<\/p>\n<p>Carabineros de Putaendo confirm\u00f3 que ambos conductores tienen su licencia de conducir al d\u00eda, la documentaci\u00f3n del veh\u00edculo en regla y que manejaban sus veh\u00edculos en normales condiciones, adem\u00e1s indicaron que el accidente se habr\u00eda producido luego que el Nissan adelantara en zona de cruce con l\u00ednea continua y por ende en un lugar prohibido, sumado al exceso de velocidad, lo que deber\u00e1 ser confirmado por el tribunal correspondiente hasta donde fueron enviados los antecedentes. Hasta el lugar del accidente acudieron dos ambulancias del Samu y tambi\u00e9n personal de Bomberos de Putaendo.<\/p>\n<p>Patricio Gallardo M.<\/p>\n<p>&nbsp;<\/p>\n","protected":false},"excerpt":{"rendered":"<p>PUTAENDO.&#8211; Un cami\u00f3n \u00be termin\u00f3 volcado, luego que fuese impactado en su parte posterior por un veh\u00edculo menor que se dirig\u00eda a alta velocidad a la entrada de Calle El Carmen en&#8230;<\/p>\n","protected":false},"author":482,"featured_media":44633,"comment_status":"open","ping_status":"closed","sticky":false,"template":"","format":"standard","meta":{"advanced_seo_description":"","jetpack_seo_html_title":"","jetpack_seo_noindex":false,"_jetpack_memberships_contains_paid_content":false,"footnotes":""},"categories":[21],"tags":[],"class_list":["post-44632","post","type-post","status-publish","format-standard","has-post-thumbnail","hentry","category-policial"],"jetpack_featured_media_url":"https:\/\/i0.wp.com\/eltrabajo.cl\/portal\/wp-content\/uploads\/2014\/03\/Accidente12.jpg?fit=529%2C359&ssl=1","jetpack_sharing_enabled":true,"jetpack_likes_enabled":true,"jetpack-related-posts":[],"_links":{"self":[{"href":"https:\/\/eltrabajo.cl\/portal\/wp-json\/wp\/v2\/posts\/44632","targetHints":{"allow":["GET"]}}],"collection":[{"href":"https:\/\/eltrabajo.cl\/portal\/wp-json\/wp\/v2\/posts"}],"about":[{"href":"https:\/\/eltrabajo.cl\/portal\/wp-json\/wp\/v2\/types\/post"}],"author":[{"embeddable":true,"href":"https:\/\/eltrabajo.cl\/portal\/wp-json\/wp\/v2\/users\/482"}],"replies":[{"embeddable":true,"href":"https:\/\/eltrabajo.cl\/portal\/wp-json\/wp\/v2\/comments?post=44632"}],"version-history":[{"count":0,"href":"https:\/\/eltrabajo.cl\/portal\/wp-json\/wp\/v2\/posts\/44632\/revisions"}],"wp:featuredmedia":[{"embeddable":true,"href":"https:\/\/eltrabajo.cl\/portal\/wp-json\/wp\/v2\/media\/44633"}],"wp:attachment":[{"href":"https:\/\/eltrabajo.cl\/portal\/wp-json\/wp\/v2\/media?parent=44632"}],"wp:term":[{"taxonomy":"category","embeddable":true,"href":"https:\/\/eltrabajo.cl\/portal\/wp-json\/wp\/v2\/categories?post=44632"},{"taxonomy":"post_tag","embeddable":true,"href":"https:\/\/eltrabajo.cl\/portal\/wp-json\/wp\/v2\/tags?post=44632"}],"curies":[{"name":"wp","href":"https:\/\/api.w.org\/{rel}","templated":true}]}}