{"id":44637,"date":"2014-03-24T10:07:28","date_gmt":"2014-03-24T13:07:28","guid":{"rendered":"http:\/\/www.eltrabajo.cl\/portal\/?p=44637"},"modified":"2014-03-24T10:07:28","modified_gmt":"2014-03-24T13:07:28","slug":"un-muerto-y-tres-heridos-tras-accidente-de-transito-en-sector-encon","status":"publish","type":"post","link":"https:\/\/eltrabajo.cl\/portal\/un-muerto-y-tres-heridos-tras-accidente-de-transito-en-sector-encon\/","title":{"rendered":"Un muerto y tres heridos tras accidente de tr\u00e1nsito en sector Enc\u00f3n"},"content":{"rendered":"<figure id=\"attachment_44639\" aria-describedby=\"caption-attachment-44639\" style=\"width: 529px\" class=\"wp-caption alignnone\"><a href=\"https:\/\/i0.wp.com\/www.eltrabajo.cl\/portal\/wp-content\/uploads\/2014\/03\/encon0001.jpg\"><img data-recalc-dims=\"1\" loading=\"lazy\" decoding=\"async\" class=\"size-full wp-image-44639\" alt=\"El veh\u00edculo se sali\u00f3 de su pista a gran velocidad y tras derribar un \u00e1rbol, termin\u00f3 destruido al chocar un poste.\" src=\"https:\/\/i0.wp.com\/www.eltrabajo.cl\/portal\/wp-content\/uploads\/2014\/03\/encon0001.jpg?resize=529%2C305\" width=\"529\" height=\"305\" srcset=\"https:\/\/i0.wp.com\/eltrabajo.cl\/portal\/wp-content\/uploads\/2014\/03\/encon0001.jpg?w=529&amp;ssl=1 529w, https:\/\/i0.wp.com\/eltrabajo.cl\/portal\/wp-content\/uploads\/2014\/03\/encon0001.jpg?resize=200%2C115&amp;ssl=1 200w, https:\/\/i0.wp.com\/eltrabajo.cl\/portal\/wp-content\/uploads\/2014\/03\/encon0001.jpg?resize=300%2C172&amp;ssl=1 300w, https:\/\/i0.wp.com\/eltrabajo.cl\/portal\/wp-content\/uploads\/2014\/03\/encon0001.jpg?resize=150%2C86&amp;ssl=1 150w, https:\/\/i0.wp.com\/eltrabajo.cl\/portal\/wp-content\/uploads\/2014\/03\/encon0001.jpg?resize=400%2C230&amp;ssl=1 400w\" sizes=\"auto, (max-width: 529px) 100vw, 529px\" \/><\/a><figcaption id=\"caption-attachment-44639\" class=\"wp-caption-text\">El veh\u00edculo se sali\u00f3 de su pista a gran velocidad y tras derribar un \u00e1rbol, termin\u00f3 destruido al chocar un poste.<\/figcaption><\/figure>\n<ul>\n<li><strong>Una mujer permanece con riesgo vital, mientras que el conductor ser\u00e1 formalizado por Conducci\u00f3n en estado de ebriedad con resultado de muerte.<\/strong><\/li>\n<\/ul>\n<p>Un mortal accidente de tr\u00e1nsito se registr\u00f3 la ma\u00f1ana de este s\u00e1bado en la Ruta E-71 que une San Felipe con Putaendo en Avenida Enc\u00f3n a la altura de Villa La Do\u00f1ita en San Felipe. El accidente se produjo pasadas las 6:00 horas frente a la citada villa, cuando por causas que son investigadas, el conductor de un autom\u00f3vil Volkswagen Gol G3 Comfortline, patente VR 18-61, identificado como Michael Lazo N\u00fa\u00f1ez de 28 a\u00f1os, perdi\u00f3 el control del m\u00f3vil y e impact\u00f3 un \u00e1rbol arranc\u00e1ndolo del lugar para terminar incrustado en un poste del tendido el\u00e9ctrico.<\/p>\n<p><strong>CON FATALES\u00a0RESULTADOS<\/strong><\/p>\n<p>A consecuencia del violento choque, falleci\u00f3 en el lugar uno de los ocupantes del veh\u00edculo que viajaba en uno de los asientos traseros, el que fue identificado como Sebasti\u00e1n Rodrigo Calder\u00f3n Tapia, de 20 a\u00f1os. Por otra parte, dos mujeres ocupantes del mismo autom\u00f3vil resultaron lesionadas. Se trata de Araceli Galdames Solis, de 21 a\u00f1os y de Mayra Fuentes Maldonado de 26 a\u00f1os, esta \u00faltima result\u00f3 con heridas de extrema gravedad, debiendo ser trasladada por el Samu hasta el Hospital San Camilo, donde qued\u00f3 internada en la UCI con riesgo vital. En el lugar del accidente se habl\u00f3 de un quinto ocupante del m\u00f3vil, el que habr\u00eda escapado del lugar, asunto que no ha sido confirmado por Carabineros a\u00fan.<\/p>\n<p>En el sitio de la emergencia debi\u00f3 trabajar Bomberos de San Felipe para rescatar el cuerpo del fallecido, y la Siat de Carabineros debi\u00f3 realizar peritajes por m\u00e1s de tres horas a fin de determinar las causas del accidente y conocer si existen m\u00e1s veh\u00edculos involucrados en la tragedia, ya que seg\u00fan vecinos del lugar momentos antes del accidente se sintieron \u2018ruidos de aceleraci\u00f3n de m\u00e1s de un auto\u2019.<\/p>\n<p><strong>BORRACHO\u00a0AL VOLANTE<\/strong><\/p>\n<p>Carabineros inform\u00f3 que el conductor del veh\u00edculo lo hac\u00eda en manifiesto estado de ebriedad, por lo que su ingreso hasta el hospital San Camilo fue en calidad de detenido, y ser\u00eda pasado a control de detenci\u00f3n.<\/p>\n<p>El joven Sebasti\u00e1n Calder\u00f3n estudi\u00f3 en la Escuela Industrial Guillermo Richards Cuevas de San Felipe, donde forj\u00f3 lazos de amistad con muchos grupos juveniles y sociales de la comuna. Debido a su contextura f\u00edsica, no le fue dif\u00edcil trabajar como guardia de seguridad en algunas discotecas de la zona. Adem\u00e1s jugaba Rugby en el Club Paladines Rugby de San Felipe.<\/p>\n<p>Amigos y ex-compa\u00f1eros lamentaron profundamente la noticia que enluta una vez m\u00e1s una ruta de nuestro Valle del Aconcagua.<\/p>\n<p><strong>MUJER GRAVE<\/strong><\/p>\n<p>Mientras tanto en el Hospital San Camilo, entre la vida y la muerte se debate Mayra Fuentes, la joven es de Putaendo y su familia confirm\u00f3 que se mantiene conectada a un respirador artificial, ya que sufri\u00f3 m\u00faltiples fracturas, la perforaci\u00f3n de sus pulmones y un traumatismo enc\u00e9falo craneano grave. Personal m\u00e9dico temi\u00f3 por su vida ya que las primeras horas las pas\u00f3 en \u2018estado muy cr\u00edtico\u2019, y no fue sino hasta varias horas de trabajo despu\u00e9s que el personal de la UCI del HSC logr\u00f3 estabilizarla. Familiares y amigos de Mayra comenzaron una cadena de oraci\u00f3n por la recuperaci\u00f3n de la mujer.<\/p>\n<div class=\"tiled-gallery type-rectangular tiled-gallery-unresized\" data-original-width=\"640\" data-carousel-extra='null' itemscope itemtype=\"http:\/\/schema.org\/ImageGallery\" > <div class=\"gallery-row\" style=\"width: 640px; height: 210px;\" data-original-width=\"640\" data-original-height=\"210\" > <div class=\"gallery-group images-1\" style=\"width: 362px; height: 210px;\" data-original-width=\"362\" data-original-height=\"210\" > <div class=\"tiled-gallery-item tiled-gallery-item-large\" itemprop=\"associatedMedia\" itemscope itemtype=\"http:\/\/schema.org\/ImageObject\"> <a href=\"https:\/\/eltrabajo.cl\/portal\/un-muerto-y-tres-heridos-tras-accidente-de-transito-en-sector-encon\/encon6\/\" border=\"0\" itemprop=\"url\"> <meta itemprop=\"width\" content=\"358\"> <meta itemprop=\"height\" content=\"206\"> <img decoding=\"async\" class=\"\" data-attachment-id=\"44641\" data-orig-file=\"https:\/\/eltrabajo.cl\/portal\/wp-content\/uploads\/2014\/03\/encon6.jpg\" data-orig-size=\"528,304\" data-comments-opened=\"1\" data-image-meta=\"{&quot;aperture&quot;:&quot;0&quot;,&quot;credit&quot;:&quot;&quot;,&quot;camera&quot;:&quot;&quot;,&quot;caption&quot;:&quot;&quot;,&quot;created_timestamp&quot;:&quot;0&quot;,&quot;copyright&quot;:&quot;&quot;,&quot;focal_length&quot;:&quot;0&quot;,&quot;iso&quot;:&quot;0&quot;,&quot;shutter_speed&quot;:&quot;0&quot;,&quot;title&quot;:&quot;&quot;}\" data-image-title=\"encon6\" data-image-description=\"&lt;p&gt;En el sitio de la emergencia debi\u00f3 trabajar Bomberos de San Felipe para rescatar el cuerpo del fallecido.&lt;\/p&gt; \" data-medium-file=\"https:\/\/i0.wp.com\/eltrabajo.cl\/portal\/wp-content\/uploads\/2014\/03\/encon6.jpg?fit=300%2C172&#038;ssl=1\" data-large-file=\"https:\/\/i0.wp.com\/eltrabajo.cl\/portal\/wp-content\/uploads\/2014\/03\/encon6.jpg?fit=528%2C304&#038;ssl=1\" src=\"https:\/\/i0.wp.com\/eltrabajo.cl\/portal\/wp-content\/uploads\/2014\/03\/encon6.jpg?w=358&#038;h=206&#038;ssl=1\" srcset=\"https:\/\/i0.wp.com\/eltrabajo.cl\/portal\/wp-content\/uploads\/2014\/03\/encon6.jpg?w=528&amp;ssl=1 528w, https:\/\/i0.wp.com\/eltrabajo.cl\/portal\/wp-content\/uploads\/2014\/03\/encon6.jpg?resize=200%2C115&amp;ssl=1 200w, https:\/\/i0.wp.com\/eltrabajo.cl\/portal\/wp-content\/uploads\/2014\/03\/encon6.jpg?resize=300%2C172&amp;ssl=1 300w, https:\/\/i0.wp.com\/eltrabajo.cl\/portal\/wp-content\/uploads\/2014\/03\/encon6.jpg?resize=150%2C86&amp;ssl=1 150w, https:\/\/i0.wp.com\/eltrabajo.cl\/portal\/wp-content\/uploads\/2014\/03\/encon6.jpg?resize=400%2C230&amp;ssl=1 400w\" width=\"358\" height=\"206\" loading=\"lazy\" data-original-width=\"358\" data-original-height=\"206\" itemprop=\"http:\/\/schema.org\/image\" title=\"encon6\" alt=\"En el sitio de la emergencia debi\u00f3 trabajar Bomberos de San Felipe para rescatar el cuerpo del fallecido.\" style=\"width: 358px; height: 206px;\" \/> <\/a> <div class=\"tiled-gallery-caption\" itemprop=\"caption description\"> En el sitio de la emergencia debi\u00f3 trabajar Bomberos de San Felipe para rescatar el cuerpo del fallecido. <\/div> <\/div> <\/div> <!-- close group --> <div class=\"gallery-group images-1\" style=\"width: 278px; height: 210px;\" data-original-width=\"278\" data-original-height=\"210\" > <div class=\"tiled-gallery-item tiled-gallery-item-large\" itemprop=\"associatedMedia\" itemscope itemtype=\"http:\/\/schema.org\/ImageObject\"> <a href=\"https:\/\/eltrabajo.cl\/portal\/un-muerto-y-tres-heridos-tras-accidente-de-transito-en-sector-encon\/mayra-fuentes\/\" border=\"0\" itemprop=\"url\"> <meta itemprop=\"width\" content=\"274\"> <meta itemprop=\"height\" content=\"206\"> <img decoding=\"async\" class=\"\" data-attachment-id=\"44642\" data-orig-file=\"https:\/\/eltrabajo.cl\/portal\/wp-content\/uploads\/2014\/03\/Mayra-Fuentes.jpg\" data-orig-size=\"529,397\" data-comments-opened=\"1\" data-image-meta=\"{&quot;aperture&quot;:&quot;0&quot;,&quot;credit&quot;:&quot;&quot;,&quot;camera&quot;:&quot;&quot;,&quot;caption&quot;:&quot;&quot;,&quot;created_timestamp&quot;:&quot;0&quot;,&quot;copyright&quot;:&quot;&quot;,&quot;focal_length&quot;:&quot;0&quot;,&quot;iso&quot;:&quot;0&quot;,&quot;shutter_speed&quot;:&quot;0&quot;,&quot;title&quot;:&quot;&quot;}\" data-image-title=\"Mayra Fuentes\" data-image-description=\"&lt;p&gt;La joven madre de 26 a\u00f1os se debate entre la vida y la muerte, dando dura pelea por permanecer con su familia.&lt;\/p&gt; \" data-medium-file=\"https:\/\/i0.wp.com\/eltrabajo.cl\/portal\/wp-content\/uploads\/2014\/03\/Mayra-Fuentes.jpg?fit=300%2C225&#038;ssl=1\" data-large-file=\"https:\/\/i0.wp.com\/eltrabajo.cl\/portal\/wp-content\/uploads\/2014\/03\/Mayra-Fuentes.jpg?fit=529%2C397&#038;ssl=1\" src=\"https:\/\/i0.wp.com\/eltrabajo.cl\/portal\/wp-content\/uploads\/2014\/03\/Mayra-Fuentes.jpg?w=274&#038;h=206&#038;ssl=1\" srcset=\"https:\/\/i0.wp.com\/eltrabajo.cl\/portal\/wp-content\/uploads\/2014\/03\/Mayra-Fuentes.jpg?w=529&amp;ssl=1 529w, https:\/\/i0.wp.com\/eltrabajo.cl\/portal\/wp-content\/uploads\/2014\/03\/Mayra-Fuentes.jpg?resize=200%2C150&amp;ssl=1 200w, https:\/\/i0.wp.com\/eltrabajo.cl\/portal\/wp-content\/uploads\/2014\/03\/Mayra-Fuentes.jpg?resize=300%2C225&amp;ssl=1 300w, https:\/\/i0.wp.com\/eltrabajo.cl\/portal\/wp-content\/uploads\/2014\/03\/Mayra-Fuentes.jpg?resize=150%2C112&amp;ssl=1 150w, https:\/\/i0.wp.com\/eltrabajo.cl\/portal\/wp-content\/uploads\/2014\/03\/Mayra-Fuentes.jpg?resize=400%2C300&amp;ssl=1 400w\" width=\"274\" height=\"206\" loading=\"lazy\" data-original-width=\"274\" data-original-height=\"206\" itemprop=\"http:\/\/schema.org\/image\" title=\"Mayra Fuentes\" alt=\"La joven madre de 26 a\u00f1os se debate entre la vida y la muerte, dando dura pelea por permanecer con su familia.\" style=\"width: 274px; height: 206px;\" \/> <\/a> <div class=\"tiled-gallery-caption\" itemprop=\"caption description\"> La joven madre de 26 a\u00f1os se debate entre la vida y la muerte, dando dura pelea por permanecer con su familia. <\/div> <\/div> <\/div> <!-- close group --> <\/div> <!-- close row --> <\/div>\n","protected":false},"excerpt":{"rendered":"<p>Una mujer permanece con riesgo vital, mientras que el conductor ser\u00e1 formalizado por Conducci\u00f3n en estado de ebriedad con resultado de muerte. Un mortal accidente de tr\u00e1nsito se registr\u00f3 la ma\u00f1ana de&#8230;<\/p>\n","protected":false},"author":482,"featured_media":44639,"comment_status":"open","ping_status":"closed","sticky":false,"template":"","format":"standard","meta":{"advanced_seo_description":"","jetpack_seo_html_title":"","jetpack_seo_noindex":false,"_jetpack_memberships_contains_paid_content":false,"footnotes":""},"categories":[21],"tags":[],"class_list":["post-44637","post","type-post","status-publish","format-standard","has-post-thumbnail","hentry","category-policial"],"jetpack_featured_media_url":"https:\/\/i0.wp.com\/eltrabajo.cl\/portal\/wp-content\/uploads\/2014\/03\/encon0001.jpg?fit=529%2C305&ssl=1","jetpack_sharing_enabled":true,"jetpack_likes_enabled":true,"jetpack-related-posts":[],"_links":{"self":[{"href":"https:\/\/eltrabajo.cl\/portal\/wp-json\/wp\/v2\/posts\/44637","targetHints":{"allow":["GET"]}}],"collection":[{"href":"https:\/\/eltrabajo.cl\/portal\/wp-json\/wp\/v2\/posts"}],"about":[{"href":"https:\/\/eltrabajo.cl\/portal\/wp-json\/wp\/v2\/types\/post"}],"author":[{"embeddable":true,"href":"https:\/\/eltrabajo.cl\/portal\/wp-json\/wp\/v2\/users\/482"}],"replies":[{"embeddable":true,"href":"https:\/\/eltrabajo.cl\/portal\/wp-json\/wp\/v2\/comments?post=44637"}],"version-history":[{"count":0,"href":"https:\/\/eltrabajo.cl\/portal\/wp-json\/wp\/v2\/posts\/44637\/revisions"}],"wp:featuredmedia":[{"embeddable":true,"href":"https:\/\/eltrabajo.cl\/portal\/wp-json\/wp\/v2\/media\/44639"}],"wp:attachment":[{"href":"https:\/\/eltrabajo.cl\/portal\/wp-json\/wp\/v2\/media?parent=44637"}],"wp:term":[{"taxonomy":"category","embeddable":true,"href":"https:\/\/eltrabajo.cl\/portal\/wp-json\/wp\/v2\/categories?post=44637"},{"taxonomy":"post_tag","embeddable":true,"href":"https:\/\/eltrabajo.cl\/portal\/wp-json\/wp\/v2\/tags?post=44637"}],"curies":[{"name":"wp","href":"https:\/\/api.w.org\/{rel}","templated":true}]}}