{"id":44655,"date":"2014-03-25T09:27:23","date_gmt":"2014-03-25T12:27:23","guid":{"rendered":"http:\/\/www.eltrabajo.cl\/portal\/?p=44655"},"modified":"2014-03-25T09:27:23","modified_gmt":"2014-03-25T12:27:23","slug":"confuso-incidente-afecto-a-menor-de-9-anos-con-capacidades-diferentes","status":"publish","type":"post","link":"https:\/\/eltrabajo.cl\/portal\/confuso-incidente-afecto-a-menor-de-9-anos-con-capacidades-diferentes\/","title":{"rendered":"Confuso incidente afect\u00f3 a menor de 9 a\u00f1os con capacidades diferentes"},"content":{"rendered":"<figure id=\"attachment_44656\" aria-describedby=\"caption-attachment-44656\" style=\"width: 370px\" class=\"wp-caption alignleft\"><a href=\"https:\/\/i0.wp.com\/www.eltrabajo.cl\/portal\/wp-content\/uploads\/2014\/03\/PEQUENA-CON-SINDROME-DE-DOWN.jpg\"><img data-recalc-dims=\"1\" loading=\"lazy\" decoding=\"async\" class=\" wp-image-44656 \" alt=\"La peque\u00f1a fue llevada hasta el servicio de urgencia para constatar posibles lesiones, seg\u00fan procedimiento de rigor.\" src=\"https:\/\/i0.wp.com\/www.eltrabajo.cl\/portal\/wp-content\/uploads\/2014\/03\/PEQUENA-CON-SINDROME-DE-DOWN.jpg?resize=370%2C391\" width=\"370\" height=\"391\" srcset=\"https:\/\/i0.wp.com\/eltrabajo.cl\/portal\/wp-content\/uploads\/2014\/03\/PEQUENA-CON-SINDROME-DE-DOWN.jpg?w=529&amp;ssl=1 529w, https:\/\/i0.wp.com\/eltrabajo.cl\/portal\/wp-content\/uploads\/2014\/03\/PEQUENA-CON-SINDROME-DE-DOWN.jpg?resize=142%2C150&amp;ssl=1 142w, https:\/\/i0.wp.com\/eltrabajo.cl\/portal\/wp-content\/uploads\/2014\/03\/PEQUENA-CON-SINDROME-DE-DOWN.jpg?resize=284%2C300&amp;ssl=1 284w\" sizes=\"auto, (max-width: 370px) 100vw, 370px\" \/><\/a><figcaption id=\"caption-attachment-44656\" class=\"wp-caption-text\">La peque\u00f1a fue llevada hasta el servicio de urgencia para constatar posibles lesiones, seg\u00fan procedimiento de rigor.<\/figcaption><\/figure>\n<p><strong>PUTAENDO<\/strong>.- Un confuso incidente que incluso fue investigado por Carabineros, afect\u00f3 a una peque\u00f1a de 9 a\u00f1os de edad con capacidades diferentes, quien en horas de la ma\u00f1ana del domingo sali\u00f3 desde su hogar en el centro de Putaendo y viaj\u00f3 sola en una micro de la locomoci\u00f3n colectiva hasta la ciudad de San Felipe.<\/p>\n<p>La informaci\u00f3n entregada por Carabineros de Putaendo indica que aproximadamente a eso de las 08:30 horas del domingo, un chofer de la empresa PUMA que realizaba el recorrido Putaendo-San Felipe lleg\u00f3 hasta el paradero ubicado frente a la Poblaci\u00f3n San Antonio donde subieron varios pasajeros, entre ellos una peque\u00f1a. El conductor en un principio crey\u00f3 que la menor de edad viajaba acompa\u00f1ada por algunos de los pasajeros, sin embargo, estando en San Felipe en una de las alamedas y cuando hab\u00edan descendido todos los pasajeros, por su espejo retrovisor se percat\u00f3 que la peque\u00f1a a\u00fan estaba en uno de los asientos.<\/p>\n<p>El conductor que regresaba en forma inmediata en su recorrido hacia Putaendo, record\u00f3 que la peque\u00f1a hab\u00eda subido en el paradero que est\u00e1 frente a la Poblaci\u00f3n San Antonio y la sent\u00f3 en el lugar del copiloto y debido a que la peque\u00f1a padece de S\u00edndrome de Down no supo entregarle alg\u00fan detalle sobre sus familiares, por lo que el conductor de la empresa PUMA, al llegar frente a la Tenencia de Carabineros de Putaendo, entreg\u00f3 a la menor de edad y narr\u00f3 al personal policial los hechos antes nombrados.<\/p>\n<p>Carabineros se\u00f1al\u00f3 que luego de media hora y mientras se iniciaban las diligencias para ubicar a familiares de la menor de edad, se present\u00f3 en la tenencia un joven que indic\u00f3 que su hermana hab\u00eda salido desde su casa sin que la familia se percatara del hecho e inmediatamente funcionarios de Carabineros le se\u00f1alaron el lugar donde estaba la menor y el joven la reconoci\u00f3 inmediatamente y les indic\u00f3 que se trataba de su hermana, por lo que los efectivos policiales fueron en busca de la madre de la peque\u00f1a, quien a esa hora se encontraba trabajando y fue trasladada hasta la Tenencia de Putaendo donde posteriormente y con el consentimiento de la madre, la menor de edad fue trasladada hasta el Servicio de Urgencia del Hospital San Antonio para la constataci\u00f3n de lesiones, seg\u00fan estipula el procedimiento policial.<\/p>\n<p>El juez del Tribunal de Familia determin\u00f3 que la peque\u00f1a fuese entregada a su madre, la que qued\u00f3 citada al tribunal de Putaendo luego que fuesen vulnerados los derechos de la menor.<\/p>\n<p>&nbsp;<\/p>\n<p>VERSI\u00d3N DE LA MADRE<\/p>\n<p>La se\u00f1ora Jacqueline Cataldo, en conversaci\u00f3n con nuestro medio y visiblemente afectada, dijo que sali\u00f3 muy temprano de su hogar en la Poblaci\u00f3n Pablo Neruda hasta su lugar de trabajo y que su peque\u00f1a junto a sus otros hijos, entre ellos algunos mayores de edad, quedaron durmiendo, pero que su peque\u00f1a se levant\u00f3 y a pesar que los pestillos de la puerta fueron colocados m\u00e1s alto para que no pudiese abrir la puerta, con un escobill\u00f3n logr\u00f3 sacar los seguros, salt\u00f3 la reja del jard\u00edn y camin\u00f3 hacia el paradero, lugar donde habitualmente y a esa hora concurre junto a su hermano mayor para dirigirse a un colegio en la ciudad de San Felipe.<\/p>\n<p>La madre de la menor de edad asegur\u00f3 que su peque\u00f1a, por tener una capacidad diferente, requiere mucha atenci\u00f3n y cuidado y que tanto ella como sus hijos le brindan amor y cari\u00f1o, pero dentro de su inocencia ella seguramente pens\u00f3 que deb\u00eda ir al colegio, adem\u00e1s lament\u00f3 lo ocurrido y visiblemente emocionada pidi\u00f3 que la comunidad no se forme una mala opini\u00f3n de ella como madre, pues indic\u00f3 que todo su esfuerzo en su trabajo es para darle lo mejor a sus hijos y a su peque\u00f1a y que todo esto se trat\u00f3 de un hecho fortuito.<\/p>\n<p>La se\u00f1ora Jacqueline aprovech\u00f3 la ocasi\u00f3n para agradecer a los pasajeros que iban en la micro y de manera especial al chofer de Buses Puma, por haberse preocupado y atendido a su hija y tambi\u00e9n a Carabineros de Putaendo, pues dijo que se preocuparon hasta de comprarle dulces y entretenerla en la tenencia de la comuna ya que su hija es sumamente inquieta.<\/p>\n<p>Patricio Gallardo M.<\/p>\n<p>&nbsp;<\/p>\n","protected":false},"excerpt":{"rendered":"<p>PUTAENDO.- Un confuso incidente que incluso fue investigado por Carabineros, afect\u00f3 a una peque\u00f1a de 9 a\u00f1os de edad con capacidades diferentes, quien en horas de la ma\u00f1ana del domingo sali\u00f3 desde&#8230;<\/p>\n","protected":false},"author":482,"featured_media":44656,"comment_status":"open","ping_status":"closed","sticky":false,"template":"","format":"standard","meta":{"advanced_seo_description":"","jetpack_seo_html_title":"","jetpack_seo_noindex":false,"_jetpack_memberships_contains_paid_content":false,"footnotes":""},"categories":[15],"tags":[],"class_list":["post-44655","post","type-post","status-publish","format-standard","has-post-thumbnail","hentry","category-comunidad"],"jetpack_featured_media_url":"https:\/\/i0.wp.com\/eltrabajo.cl\/portal\/wp-content\/uploads\/2014\/03\/PEQUENA-CON-SINDROME-DE-DOWN.jpg?fit=529%2C558&ssl=1","jetpack_sharing_enabled":true,"jetpack_likes_enabled":true,"jetpack-related-posts":[],"_links":{"self":[{"href":"https:\/\/eltrabajo.cl\/portal\/wp-json\/wp\/v2\/posts\/44655","targetHints":{"allow":["GET"]}}],"collection":[{"href":"https:\/\/eltrabajo.cl\/portal\/wp-json\/wp\/v2\/posts"}],"about":[{"href":"https:\/\/eltrabajo.cl\/portal\/wp-json\/wp\/v2\/types\/post"}],"author":[{"embeddable":true,"href":"https:\/\/eltrabajo.cl\/portal\/wp-json\/wp\/v2\/users\/482"}],"replies":[{"embeddable":true,"href":"https:\/\/eltrabajo.cl\/portal\/wp-json\/wp\/v2\/comments?post=44655"}],"version-history":[{"count":0,"href":"https:\/\/eltrabajo.cl\/portal\/wp-json\/wp\/v2\/posts\/44655\/revisions"}],"wp:featuredmedia":[{"embeddable":true,"href":"https:\/\/eltrabajo.cl\/portal\/wp-json\/wp\/v2\/media\/44656"}],"wp:attachment":[{"href":"https:\/\/eltrabajo.cl\/portal\/wp-json\/wp\/v2\/media?parent=44655"}],"wp:term":[{"taxonomy":"category","embeddable":true,"href":"https:\/\/eltrabajo.cl\/portal\/wp-json\/wp\/v2\/categories?post=44655"},{"taxonomy":"post_tag","embeddable":true,"href":"https:\/\/eltrabajo.cl\/portal\/wp-json\/wp\/v2\/tags?post=44655"}],"curies":[{"name":"wp","href":"https:\/\/api.w.org\/{rel}","templated":true}]}}