{"id":44659,"date":"2014-03-25T09:28:58","date_gmt":"2014-03-25T12:28:58","guid":{"rendered":"http:\/\/www.eltrabajo.cl\/portal\/?p=44659"},"modified":"2014-03-25T09:28:58","modified_gmt":"2014-03-25T12:28:58","slug":"alumna-del-corina-urbina-representa-a-chile-en-x-juegos-sudamericanos","status":"publish","type":"post","link":"https:\/\/eltrabajo.cl\/portal\/alumna-del-corina-urbina-representa-a-chile-en-x-juegos-sudamericanos\/","title":{"rendered":"Alumna del Corina Urbina representa a Chile en X Juegos Sudamericanos"},"content":{"rendered":"<figure id=\"attachment_44660\" aria-describedby=\"caption-attachment-44660\" style=\"width: 317px\" class=\"wp-caption alignleft\"><a href=\"https:\/\/i0.wp.com\/www.eltrabajo.cl\/portal\/wp-content\/uploads\/2014\/03\/Rocio-Gonzalez-Acevedo.-2.jpg\"><img data-recalc-dims=\"1\" loading=\"lazy\" decoding=\"async\" class=\" wp-image-44660 \" alt=\"Roc\u00edo Gonz\u00e1lez Acevedo, alumna de 3\u00ba Medio, particip\u00f3 de manera destacada en la Selecci\u00f3n Nacional de B\u00e1squetbol que obtuvo medalla de plata en los d\u00e9cimos juegos sudamericanos realizados en nuestro pa\u00eds.\" src=\"https:\/\/i0.wp.com\/www.eltrabajo.cl\/portal\/wp-content\/uploads\/2014\/03\/Rocio-Gonzalez-Acevedo.-2.jpg?resize=317%2C417\" width=\"317\" height=\"417\" srcset=\"https:\/\/i0.wp.com\/eltrabajo.cl\/portal\/wp-content\/uploads\/2014\/03\/Rocio-Gonzalez-Acevedo.-2.jpg?w=529&amp;ssl=1 529w, https:\/\/i0.wp.com\/eltrabajo.cl\/portal\/wp-content\/uploads\/2014\/03\/Rocio-Gonzalez-Acevedo.-2.jpg?resize=114%2C150&amp;ssl=1 114w, https:\/\/i0.wp.com\/eltrabajo.cl\/portal\/wp-content\/uploads\/2014\/03\/Rocio-Gonzalez-Acevedo.-2.jpg?resize=228%2C300&amp;ssl=1 228w, https:\/\/i0.wp.com\/eltrabajo.cl\/portal\/wp-content\/uploads\/2014\/03\/Rocio-Gonzalez-Acevedo.-2.jpg?resize=400%2C525&amp;ssl=1 400w\" sizes=\"auto, (max-width: 317px) 100vw, 317px\" \/><\/a><figcaption id=\"caption-attachment-44660\" class=\"wp-caption-text\">Roc\u00edo Gonz\u00e1lez Acevedo, alumna de 3\u00ba Medio, particip\u00f3 de manera destacada en la Selecci\u00f3n Nacional de B\u00e1squetbol que obtuvo medalla de plata en los d\u00e9cimos juegos sudamericanos realizados en nuestro pa\u00eds.<\/figcaption><\/figure>\n<p>Con gran orgullo, la comunidad educativa del liceo Corina Urbina puede se\u00f1alar que una de sus integrantes particip\u00f3, de manera destacada, en la Selecci\u00f3n Nacional de B\u00e1squetbol que obtuvo la medalla de plata en los d\u00e9cimos juegos sudamericanos realizados en nuestro pa\u00eds.<\/p>\n<p>Roc\u00edo Gonz\u00e1lez Acevedo, alumna del Tercero Medio \u2018A\u2019 cient\u00edfico humanista, es una destacada estudiante, quien durante su trayectoria liceana ha desarrollado un esp\u00edritu de superaci\u00f3n y de logros, complementando de excelente manera las tareas pedag\u00f3gicas con la actividad deportiva.<\/p>\n<p>Luego de su paso por los juegos sudamericanos, el pasado viernes 21 de marzo se reincorpor\u00f3 a las clases normales, siendo destacada ante todos los docentes directivos, docentes de aula y resto del alumnado por su excelente participaci\u00f3n y representaci\u00f3n de los ideales de una alumna liceana, siguiendo el esp\u00edritu emprendedor de la Fundadora del establecimiento Corina Urbina Villanueva, que so\u00f1\u00f3 que la mujer del Valle del Aconcagua fuera posicion\u00e1ndose de espacios innovadores y de presencia femenina, siendo una digna y destacada representante de todos los deportistas de la comuna de San Felipe.<\/p>\n<p>La alumna, que ha demostrado con su ejemplo que a trav\u00e9s de la perseverancia y esfuerzo, se pueden lograr metas de importancia, se mostr\u00f3 muy orgullosa, destacando el agradecimiento y amor hacia su familia, quienes la han apoyado en todo momento, as\u00ed como a sus entrenadores, se\u00f1alando que \u201cel tener la posibilidad de integrar la selecci\u00f3n adulta es un orgullo con solo 16 a\u00f1os, siendo una experiencia muy linda y s\u00e9 que esto me servir\u00e1 para proyectos y campeonatos futuros\u201d.<\/p>\n<p>Al momento de la convocatoria, Roc\u00edo estaba concentrada en Santiago, entrenando por la selecci\u00f3n desde el 01 de diciembre, momento en el que le se\u00f1alan que debe integrarse a la delegaci\u00f3n que participar\u00e1 en los juegos Odesur, teniendo la posibilidad de participar junto a las otras seleccionadas, de una gira a Cuba que se extendi\u00f3 por dos semanas, siendo el seleccionado de ese pa\u00eds, uno de los m\u00e1s poderosos del continente, sirviendo para incrementar la experiencia deportiva de nuestra coterr\u00e1nea.<\/p>\n<p>&nbsp;<\/p>\n","protected":false},"excerpt":{"rendered":"<p>Con gran orgullo, la comunidad educativa del liceo Corina Urbina puede se\u00f1alar que una de sus integrantes particip\u00f3, de manera destacada, en la Selecci\u00f3n Nacional de B\u00e1squetbol que obtuvo la medalla de&#8230;<\/p>\n","protected":false},"author":482,"featured_media":44660,"comment_status":"open","ping_status":"closed","sticky":false,"template":"","format":"standard","meta":{"advanced_seo_description":"","jetpack_seo_html_title":"","jetpack_seo_noindex":false,"_jetpack_memberships_contains_paid_content":false,"footnotes":""},"categories":[15],"tags":[],"class_list":["post-44659","post","type-post","status-publish","format-standard","has-post-thumbnail","hentry","category-comunidad"],"jetpack_featured_media_url":"https:\/\/i0.wp.com\/eltrabajo.cl\/portal\/wp-content\/uploads\/2014\/03\/Rocio-Gonzalez-Acevedo.-2.jpg?fit=529%2C695&ssl=1","jetpack_sharing_enabled":true,"jetpack_likes_enabled":true,"jetpack-related-posts":[],"_links":{"self":[{"href":"https:\/\/eltrabajo.cl\/portal\/wp-json\/wp\/v2\/posts\/44659","targetHints":{"allow":["GET"]}}],"collection":[{"href":"https:\/\/eltrabajo.cl\/portal\/wp-json\/wp\/v2\/posts"}],"about":[{"href":"https:\/\/eltrabajo.cl\/portal\/wp-json\/wp\/v2\/types\/post"}],"author":[{"embeddable":true,"href":"https:\/\/eltrabajo.cl\/portal\/wp-json\/wp\/v2\/users\/482"}],"replies":[{"embeddable":true,"href":"https:\/\/eltrabajo.cl\/portal\/wp-json\/wp\/v2\/comments?post=44659"}],"version-history":[{"count":0,"href":"https:\/\/eltrabajo.cl\/portal\/wp-json\/wp\/v2\/posts\/44659\/revisions"}],"wp:featuredmedia":[{"embeddable":true,"href":"https:\/\/eltrabajo.cl\/portal\/wp-json\/wp\/v2\/media\/44660"}],"wp:attachment":[{"href":"https:\/\/eltrabajo.cl\/portal\/wp-json\/wp\/v2\/media?parent=44659"}],"wp:term":[{"taxonomy":"category","embeddable":true,"href":"https:\/\/eltrabajo.cl\/portal\/wp-json\/wp\/v2\/categories?post=44659"},{"taxonomy":"post_tag","embeddable":true,"href":"https:\/\/eltrabajo.cl\/portal\/wp-json\/wp\/v2\/tags?post=44659"}],"curies":[{"name":"wp","href":"https:\/\/api.w.org\/{rel}","templated":true}]}}