{"id":44663,"date":"2014-03-25T09:29:55","date_gmt":"2014-03-25T12:29:55","guid":{"rendered":"http:\/\/www.eltrabajo.cl\/portal\/?p=44663"},"modified":"2014-03-25T09:29:55","modified_gmt":"2014-03-25T12:29:55","slug":"esta-semana-continua-el-programa-del-teatro-municipal-de-san-felipe","status":"publish","type":"post","link":"https:\/\/eltrabajo.cl\/portal\/esta-semana-continua-el-programa-del-teatro-municipal-de-san-felipe\/","title":{"rendered":"Esta semana contin\u00faa el programa del Teatro Municipal de San Felipe"},"content":{"rendered":"<figure id=\"attachment_44664\" aria-describedby=\"caption-attachment-44664\" style=\"width: 529px\" class=\"wp-caption alignnone\"><a href=\"https:\/\/i0.wp.com\/www.eltrabajo.cl\/portal\/wp-content\/uploads\/2014\/03\/municipal.jpg\"><img data-recalc-dims=\"1\" loading=\"lazy\" decoding=\"async\" class=\"size-full wp-image-44664\" alt=\"El Teatro Municipal, epicentro del quehacer cultural en San Felipe.\" src=\"https:\/\/i0.wp.com\/www.eltrabajo.cl\/portal\/wp-content\/uploads\/2014\/03\/municipal.jpg?resize=529%2C341\" width=\"529\" height=\"341\" srcset=\"https:\/\/i0.wp.com\/eltrabajo.cl\/portal\/wp-content\/uploads\/2014\/03\/municipal.jpg?w=529&amp;ssl=1 529w, https:\/\/i0.wp.com\/eltrabajo.cl\/portal\/wp-content\/uploads\/2014\/03\/municipal.jpg?resize=200%2C128&amp;ssl=1 200w, https:\/\/i0.wp.com\/eltrabajo.cl\/portal\/wp-content\/uploads\/2014\/03\/municipal.jpg?resize=300%2C193&amp;ssl=1 300w, https:\/\/i0.wp.com\/eltrabajo.cl\/portal\/wp-content\/uploads\/2014\/03\/municipal.jpg?resize=150%2C96&amp;ssl=1 150w, https:\/\/i0.wp.com\/eltrabajo.cl\/portal\/wp-content\/uploads\/2014\/03\/municipal.jpg?resize=400%2C257&amp;ssl=1 400w\" sizes=\"auto, (max-width: 529px) 100vw, 529px\" \/><\/a><figcaption id=\"caption-attachment-44664\" class=\"wp-caption-text\">El Teatro Municipal, epicentro del quehacer cultural en San Felipe.<\/figcaption><\/figure>\n<p>Esta semana contin\u00faan las actividades culturales en el Teatro Municipal de San Felipe, con una variada oferta que ha organizado el departamento de Cultura del Municipio.<\/p>\n<p>Este martes se presentar\u00e1 un ciclo de documentales del Festival de Cine de Derechos Humanos que se realiza en Valpara\u00edso y que este a\u00f1o se expandir\u00e1 a provincias.<\/p>\n<p>\u201cEstos temas no s\u00f3lo abordan casos de derechos humanos, sino que temas ambientales, ind\u00edgenas, es una buena instancia para poder ver documentales de todo el mundo, con distintas tem\u00e1ticas ac\u00e1 en el Teatro Municipal de San Felipe\u201d, se\u00f1al\u00f3 el coordinador de Cultura, Ricardo Ruiz.<\/p>\n<p>Las actividades contin\u00faan con una charla a cargo del acad\u00e9mico de la Universidad de Playa Ancha, Gast\u00f3n Gaete, que tratar\u00e1 el tema \u2018An\u00e1lisis y perspectivas del fallo de La Haya\u2019, actividad que se realizar\u00e1 a las 11 de la ma\u00f1ana y que est\u00e1 destinada a escolares, al mundo docente y universitario y en general a la comunidad que le interese el tema.<\/p>\n<p>El jueves 27 en tanto se presentar\u00e1 la obra \u2018Odiosas\u2019, de la compa\u00f1\u00eda Molino de Agua de esta comuna, dirigida por Rodrigo Martel y donde act\u00faan los adultos mayores de San Felipe.<\/p>\n<p>El s\u00e1bado 29 de marzo y como es habitual el \u00faltimo s\u00e1bado de cada mes habr\u00e1 teatro infantil y esta vez se presentar\u00e1 la obra, \u2018Por un rayito de sol\u2019, de la compa\u00f1\u00eda de teatro de In\u00e9s Bretch y ese mismo d\u00eda, a partir de las 18:30 horas se presentar\u00e1 la Escuela de Danza \u00c1rabe de Jessica Richmaue.<\/p>\n<p>Adem\u00e1s como una actividad in\u00e9dita este viernes 28 se dar\u00e1 inicio a un programa radial a partir de las 19:30 horas, el que se transmite desde el Teatro Municipal de San Felipe con m\u00fasicos locales y en este caso inaugurando el ciclo con el m\u00fasico local Cristi\u00e1n Lazcano, dijo Ruiz.<\/p>\n<p>\u201cEste viernes vamos a tocar mi disco debut entero y tres canciones nuevas que estoy preparando para este a\u00f1o. El disco se llama Lengua Romance y lo lanzamos el 2013 ac\u00e1 en el Teatro. La idea es que la gente vaya conociendo la m\u00fasica y que la gente entienda que est\u00e1n pasando cosas en San Felipe y hay m\u00fasicos que se toman en serio un proyecto musical. Los invitamos a todos para que vengan este viernes a las 19:30, est\u00e1n todos invitados para que vengan a pasarlo bien\u201d, coment\u00f3 Lazcano.<\/p>\n<p>&nbsp;<\/p>\n","protected":false},"excerpt":{"rendered":"<p>Esta semana contin\u00faan las actividades culturales en el Teatro Municipal de San Felipe, con una variada oferta que ha organizado el departamento de Cultura del Municipio. Este martes se presentar\u00e1 un ciclo&#8230;<\/p>\n","protected":false},"author":482,"featured_media":44664,"comment_status":"open","ping_status":"closed","sticky":false,"template":"","format":"standard","meta":{"advanced_seo_description":"","jetpack_seo_html_title":"","jetpack_seo_noindex":false,"_jetpack_memberships_contains_paid_content":false,"footnotes":""},"categories":[1],"tags":[],"class_list":["post-44663","post","type-post","status-publish","format-standard","has-post-thumbnail","hentry","category-cronica"],"jetpack_featured_media_url":"https:\/\/i0.wp.com\/eltrabajo.cl\/portal\/wp-content\/uploads\/2014\/03\/municipal.jpg?fit=529%2C341&ssl=1","jetpack_sharing_enabled":true,"jetpack_likes_enabled":true,"jetpack-related-posts":[],"_links":{"self":[{"href":"https:\/\/eltrabajo.cl\/portal\/wp-json\/wp\/v2\/posts\/44663","targetHints":{"allow":["GET"]}}],"collection":[{"href":"https:\/\/eltrabajo.cl\/portal\/wp-json\/wp\/v2\/posts"}],"about":[{"href":"https:\/\/eltrabajo.cl\/portal\/wp-json\/wp\/v2\/types\/post"}],"author":[{"embeddable":true,"href":"https:\/\/eltrabajo.cl\/portal\/wp-json\/wp\/v2\/users\/482"}],"replies":[{"embeddable":true,"href":"https:\/\/eltrabajo.cl\/portal\/wp-json\/wp\/v2\/comments?post=44663"}],"version-history":[{"count":0,"href":"https:\/\/eltrabajo.cl\/portal\/wp-json\/wp\/v2\/posts\/44663\/revisions"}],"wp:featuredmedia":[{"embeddable":true,"href":"https:\/\/eltrabajo.cl\/portal\/wp-json\/wp\/v2\/media\/44664"}],"wp:attachment":[{"href":"https:\/\/eltrabajo.cl\/portal\/wp-json\/wp\/v2\/media?parent=44663"}],"wp:term":[{"taxonomy":"category","embeddable":true,"href":"https:\/\/eltrabajo.cl\/portal\/wp-json\/wp\/v2\/categories?post=44663"},{"taxonomy":"post_tag","embeddable":true,"href":"https:\/\/eltrabajo.cl\/portal\/wp-json\/wp\/v2\/tags?post=44663"}],"curies":[{"name":"wp","href":"https:\/\/api.w.org\/{rel}","templated":true}]}}