{"id":44666,"date":"2014-03-25T09:31:11","date_gmt":"2014-03-25T12:31:11","guid":{"rendered":"http:\/\/www.eltrabajo.cl\/portal\/?p=44666"},"modified":"2014-03-25T09:31:11","modified_gmt":"2014-03-25T12:31:11","slug":"gremios-de-salud-destacan-nuevo-trato-del-director-del-servicio-de-salud","status":"publish","type":"post","link":"https:\/\/eltrabajo.cl\/portal\/gremios-de-salud-destacan-nuevo-trato-del-director-del-servicio-de-salud\/","title":{"rendered":"Gremios de Salud destacan nuevo trato del Director del Servicio de Salud"},"content":{"rendered":"<figure id=\"attachment_44667\" aria-describedby=\"caption-attachment-44667\" style=\"width: 528px\" class=\"wp-caption alignnone\"><a href=\"https:\/\/i0.wp.com\/www.eltrabajo.cl\/portal\/wp-content\/uploads\/2014\/03\/salud1.jpg\"><img data-recalc-dims=\"1\" loading=\"lazy\" decoding=\"async\" class=\"size-full wp-image-44667\" alt=\"Dirigentes de la Salud junto al Director del \u00e1rea recientemente designado, Alejandro C\u00e1rdenas.\" src=\"https:\/\/i0.wp.com\/www.eltrabajo.cl\/portal\/wp-content\/uploads\/2014\/03\/salud1.jpg?resize=528%2C263\" width=\"528\" height=\"263\" srcset=\"https:\/\/i0.wp.com\/eltrabajo.cl\/portal\/wp-content\/uploads\/2014\/03\/salud1.jpg?w=528&amp;ssl=1 528w, https:\/\/i0.wp.com\/eltrabajo.cl\/portal\/wp-content\/uploads\/2014\/03\/salud1.jpg?resize=200%2C99&amp;ssl=1 200w, https:\/\/i0.wp.com\/eltrabajo.cl\/portal\/wp-content\/uploads\/2014\/03\/salud1.jpg?resize=300%2C149&amp;ssl=1 300w, https:\/\/i0.wp.com\/eltrabajo.cl\/portal\/wp-content\/uploads\/2014\/03\/salud1.jpg?resize=150%2C74&amp;ssl=1 150w, https:\/\/i0.wp.com\/eltrabajo.cl\/portal\/wp-content\/uploads\/2014\/03\/salud1.jpg?resize=400%2C199&amp;ssl=1 400w\" sizes=\"auto, (max-width: 528px) 100vw, 528px\" \/><\/a><figcaption id=\"caption-attachment-44667\" class=\"wp-caption-text\">Dirigentes de la Salud junto al Director del \u00e1rea recientemente designado, Alejandro C\u00e1rdenas.<\/figcaption><\/figure>\n<p>As\u00ed lo se\u00f1alaron dirigentes sindicales en reuni\u00f3n sostenida con el nuevo Director de Salud Alejandro C\u00e1rdenas, quien los invit\u00f3 a desarrollar un trabajo colaborativo y de conjunto para alcanzar acuerdos satisfactorios para los trabajadores.<\/p>\n<p>El Director del Servicio de Salud Aconcagua, Alejandro C\u00e1rdenas, sostuvo una reuni\u00f3n con todas las Asociaciones Gremiales de la zona, en la que particip\u00f3 la Federaci\u00f3n Fenats Aconcagua con representantes de todas sus bases, Coordinaci\u00f3n Fenpruss, Federaci\u00f3n de T\u00e9cnicos Param\u00e9dicos y Asociaci\u00f3n de Funcionarios del Servicio de Salud.<\/p>\n<p>En la oportunidad, los dirigentes expresaron duras cr\u00edticas al distanciamiento que el Director de Servicio anterior estableci\u00f3 con los trabajadores en los \u00faltimos cuatro a\u00f1os, solicitando m\u00e1s apertura y capacidad de di\u00e1logo para avanzar en sus demandas.<\/p>\n<p>\u201cNo hemos sido escuchado y estos \u00faltimos cuatro a\u00f1os hubo un claro retroceso para avanzar en los temas que son de inter\u00e9s para los trabajadores de la salud y del pa\u00eds. Es una situaci\u00f3n que tiene que modificarse y confiamos que la nueva Direcci\u00f3n lo comparta y haga los cambios que estime para restablecer un espacio de confianza y de di\u00e1logo\u201d, afirm\u00f3 uno de los dirigentes en su intervenci\u00f3n.<\/p>\n<p>Por su parte, el nuevo Director se comprometi\u00f3 a un nuevo trato con los funcionarios y sus representantes, se\u00f1alando que \u201ccualquier gesti\u00f3n necesita y debe considerar a los gremios. Estas instancias son las que permiten favorecer el entendimiento para cumplir los compromisos en salud y resolver las demandas de sus trabajadores que no seguir\u00e1n siendo postergadas\u201d, expres\u00f3 Alejandro C\u00e1rdenas.<\/p>\n<p>Finalmente, los dirigentes agradecieron la disposici\u00f3n y el respaldo otorgado por la autoridad, quien se comprometi\u00f3 a establecer una agenda de trabajo con cada una de las asociaciones gremiales.<\/p>\n<p>&nbsp;<\/p>\n","protected":false},"excerpt":{"rendered":"<p>As\u00ed lo se\u00f1alaron dirigentes sindicales en reuni\u00f3n sostenida con el nuevo Director de Salud Alejandro C\u00e1rdenas, quien los invit\u00f3 a desarrollar un trabajo colaborativo y de conjunto para alcanzar acuerdos satisfactorios para&#8230;<\/p>\n","protected":false},"author":482,"featured_media":44667,"comment_status":"open","ping_status":"closed","sticky":false,"template":"","format":"standard","meta":{"advanced_seo_description":"","jetpack_seo_html_title":"","jetpack_seo_noindex":false,"_jetpack_memberships_contains_paid_content":false,"footnotes":""},"categories":[1],"tags":[],"class_list":["post-44666","post","type-post","status-publish","format-standard","has-post-thumbnail","hentry","category-cronica"],"jetpack_featured_media_url":"https:\/\/i0.wp.com\/eltrabajo.cl\/portal\/wp-content\/uploads\/2014\/03\/salud1.jpg?fit=528%2C263&ssl=1","jetpack_sharing_enabled":true,"jetpack_likes_enabled":true,"jetpack-related-posts":[],"_links":{"self":[{"href":"https:\/\/eltrabajo.cl\/portal\/wp-json\/wp\/v2\/posts\/44666","targetHints":{"allow":["GET"]}}],"collection":[{"href":"https:\/\/eltrabajo.cl\/portal\/wp-json\/wp\/v2\/posts"}],"about":[{"href":"https:\/\/eltrabajo.cl\/portal\/wp-json\/wp\/v2\/types\/post"}],"author":[{"embeddable":true,"href":"https:\/\/eltrabajo.cl\/portal\/wp-json\/wp\/v2\/users\/482"}],"replies":[{"embeddable":true,"href":"https:\/\/eltrabajo.cl\/portal\/wp-json\/wp\/v2\/comments?post=44666"}],"version-history":[{"count":0,"href":"https:\/\/eltrabajo.cl\/portal\/wp-json\/wp\/v2\/posts\/44666\/revisions"}],"wp:featuredmedia":[{"embeddable":true,"href":"https:\/\/eltrabajo.cl\/portal\/wp-json\/wp\/v2\/media\/44667"}],"wp:attachment":[{"href":"https:\/\/eltrabajo.cl\/portal\/wp-json\/wp\/v2\/media?parent=44666"}],"wp:term":[{"taxonomy":"category","embeddable":true,"href":"https:\/\/eltrabajo.cl\/portal\/wp-json\/wp\/v2\/categories?post=44666"},{"taxonomy":"post_tag","embeddable":true,"href":"https:\/\/eltrabajo.cl\/portal\/wp-json\/wp\/v2\/tags?post=44666"}],"curies":[{"name":"wp","href":"https:\/\/api.w.org\/{rel}","templated":true}]}}