{"id":44674,"date":"2014-03-25T09:44:05","date_gmt":"2014-03-25T12:44:05","guid":{"rendered":"http:\/\/www.eltrabajo.cl\/portal\/?p=44674"},"modified":"2014-03-25T09:44:05","modified_gmt":"2014-03-25T12:44:05","slug":"mas-de-80-escolares-recibieron-donativo-de-utiles-escolares","status":"publish","type":"post","link":"https:\/\/eltrabajo.cl\/portal\/mas-de-80-escolares-recibieron-donativo-de-utiles-escolares\/","title":{"rendered":"M\u00e1s de 80 escolares recibieron donativo de \u00fatiles escolares"},"content":{"rendered":"<figure id=\"attachment_44675\" aria-describedby=\"caption-attachment-44675\" style=\"width: 529px\" class=\"wp-caption alignnone\"><a href=\"https:\/\/i0.wp.com\/www.eltrabajo.cl\/portal\/wp-content\/uploads\/2014\/03\/Entrega11.jpg\"><img data-recalc-dims=\"1\" loading=\"lazy\" decoding=\"async\" class=\"size-full wp-image-44675\" alt=\"FELICES.- Decenas de peque\u00f1itos de las escuelas de San Rafael y Casa Blanca de Putaendo, reciben de manos de los sanfelipe\u00f1os, a trav\u00e9s de la campa\u00f1a de los empleados de Carnes KAR, los \u00fatiles escolares.\" src=\"https:\/\/i0.wp.com\/www.eltrabajo.cl\/portal\/wp-content\/uploads\/2014\/03\/Entrega11.jpg?resize=529%2C315\" width=\"529\" height=\"315\" srcset=\"https:\/\/i0.wp.com\/eltrabajo.cl\/portal\/wp-content\/uploads\/2014\/03\/Entrega11.jpg?w=529&amp;ssl=1 529w, https:\/\/i0.wp.com\/eltrabajo.cl\/portal\/wp-content\/uploads\/2014\/03\/Entrega11.jpg?resize=200%2C119&amp;ssl=1 200w, https:\/\/i0.wp.com\/eltrabajo.cl\/portal\/wp-content\/uploads\/2014\/03\/Entrega11.jpg?resize=300%2C178&amp;ssl=1 300w, https:\/\/i0.wp.com\/eltrabajo.cl\/portal\/wp-content\/uploads\/2014\/03\/Entrega11.jpg?resize=150%2C89&amp;ssl=1 150w, https:\/\/i0.wp.com\/eltrabajo.cl\/portal\/wp-content\/uploads\/2014\/03\/Entrega11.jpg?resize=400%2C238&amp;ssl=1 400w\" sizes=\"auto, (max-width: 529px) 100vw, 529px\" \/><\/a><figcaption id=\"caption-attachment-44675\" class=\"wp-caption-text\">FELICES.- Decenas de peque\u00f1itos de las escuelas de San Rafael y Casa Blanca de Putaendo, reciben de manos de los sanfelipe\u00f1os, a trav\u00e9s de la campa\u00f1a de los empleados de Carnes KAR, los \u00fatiles escolares.<\/figcaption><\/figure>\n<p>Luego que a finales de enero Carnes KAR iniciara la campa\u00f1a solidaria \u2018Para una mejor educaci\u00f3n, a los ni\u00f1os de coraz\u00f3n\u2019, a fin de colectar \u00fatiles escolares para ser entregados estos en escuelitas rurales de nuestra provincia, la semana pasada se logr\u00f3 hacer entrega a m\u00e1s de 80 peque\u00f1itos de las escuelas de San Rafael y la de Casa Blanca, Putaendo. Estos recursos did\u00e1cticos fueron llevados a Carnes KAR, aunque la campa\u00f1a la realizaron los 22 empleados directamente.<\/p>\n<p>Luego que ellos iniciaran con la colecta de material did\u00e1ctico para donar a las escuelas vulnerables de la provincia, los clientes de Carnes KAR empezaron a traer cuadernos y otros art\u00edculos escolares. Juan Gonz\u00e1lez, Gerente de Carnes KAR, explic\u00f3 a Diario El Trabajo que \u00abfue una jornada tranquila, logramos distribuir en partes iguales todos los donativos que nos dieron, cada una de las escuelas recibi\u00f3 tambi\u00e9n una pelota de f\u00fatbol, para que adem\u00e1s de estudiar, puedan jugar bastante en sus recreos\u00bb.<\/p>\n<p><strong>INICIATIVA PROPIA<\/strong><\/p>\n<p>Juan Gonz\u00e1lez aclar\u00f3 a nuestro medio que esta actividad fue una iniciativa de ellos como empleados, no de la empresa c\u00e1rnica.<\/p>\n<p>\u00abHay que aclarar, que quienes estuvimos haciendo campa\u00f1a fuimos los empleados, no la empresa, es por ello que pedimos a todos los sanfelipe\u00f1os que trajeran confiadamente cualquier caja de l\u00e1pices, t\u00e9mperas, estuches y cuadernos para colorear, todo lo que sirve para los ni\u00f1os en sus estudios, todo eso estamos recibiendo\u00bb, coment\u00f3 Gonz\u00e1lez.<\/p>\n<p>No es la primera vez que los empleados de Carnes KAR se involucran en acciones solidarias en beneficio de otras personas, pues hace un a\u00f1o ellos hicieron otra campa\u00f1a a beneficio de los damnificados del gigantesco incendio que afect\u00f3 a miles de personas en Valpara\u00edso, en esa oportunidad tambi\u00e9n los sanfelipe\u00f1os se volcaron solidariamente con los m\u00e1s necesitados.<\/p>\n<p>\u00abEsperamos para este a\u00f1o poder convocar a m\u00e1s personas y juntos colectar libros de toda clase, esto para poder establecer una biblioteca escolar en alguna de estas escuelas de nuestras provincia.<\/p>\n<p>Roberto Gonz\u00e1lez Short<\/p>\n<p>rgonzalez@eltrabajo.cl<\/p>\n<div class=\"tiled-gallery type-rectangular tiled-gallery-unresized\" data-original-width=\"640\" data-carousel-extra='null' itemscope itemtype=\"http:\/\/schema.org\/ImageGallery\" > <div class=\"gallery-row\" style=\"width: 640px; height: 508px;\" data-original-width=\"640\" data-original-height=\"508\" > <div class=\"gallery-group images-1\" style=\"width: 411px; height: 508px;\" data-original-width=\"411\" data-original-height=\"508\" > <div class=\"tiled-gallery-item tiled-gallery-item-large\" itemprop=\"associatedMedia\" itemscope itemtype=\"http:\/\/schema.org\/ImageObject\"> <a href=\"https:\/\/eltrabajo.cl\/portal\/mas-de-80-escolares-recibieron-donativo-de-utiles-escolares\/alegria1-7\/\" border=\"0\" itemprop=\"url\"> <meta itemprop=\"width\" content=\"407\"> <meta itemprop=\"height\" content=\"504\"> <img decoding=\"async\" class=\"\" data-attachment-id=\"44676\" data-orig-file=\"https:\/\/eltrabajo.cl\/portal\/wp-content\/uploads\/2014\/03\/alegria1.jpg\" data-orig-size=\"529,655\" data-comments-opened=\"1\" data-image-meta=\"{&quot;aperture&quot;:&quot;2.6&quot;,&quot;credit&quot;:&quot;&quot;,&quot;camera&quot;:&quot;GT-P5110&quot;,&quot;caption&quot;:&quot;&quot;,&quot;created_timestamp&quot;:&quot;1394442996&quot;,&quot;copyright&quot;:&quot;&quot;,&quot;focal_length&quot;:&quot;2.79&quot;,&quot;iso&quot;:&quot;100&quot;,&quot;shutter_speed&quot;:&quot;0.01&quot;,&quot;title&quot;:&quot;&quot;}\" data-image-title=\"alegria1\" data-image-description=\"&lt;p&gt;ALEGRES.- Los m\u00e1s peque\u00f1itos se fueron con sus manos llenas de golosinas; una gran sonrisa en sus rostros y los \u00fatiles para ellos destinados.&lt;\/p&gt; \" data-medium-file=\"https:\/\/i0.wp.com\/eltrabajo.cl\/portal\/wp-content\/uploads\/2014\/03\/alegria1.jpg?fit=242%2C300&#038;ssl=1\" data-large-file=\"https:\/\/i0.wp.com\/eltrabajo.cl\/portal\/wp-content\/uploads\/2014\/03\/alegria1.jpg?fit=529%2C655&#038;ssl=1\" src=\"https:\/\/i0.wp.com\/eltrabajo.cl\/portal\/wp-content\/uploads\/2014\/03\/alegria1.jpg?w=407&#038;h=504&#038;ssl=1\" srcset=\"https:\/\/i0.wp.com\/eltrabajo.cl\/portal\/wp-content\/uploads\/2014\/03\/alegria1.jpg?w=529&amp;ssl=1 529w, https:\/\/i0.wp.com\/eltrabajo.cl\/portal\/wp-content\/uploads\/2014\/03\/alegria1.jpg?resize=121%2C150&amp;ssl=1 121w, https:\/\/i0.wp.com\/eltrabajo.cl\/portal\/wp-content\/uploads\/2014\/03\/alegria1.jpg?resize=242%2C300&amp;ssl=1 242w, https:\/\/i0.wp.com\/eltrabajo.cl\/portal\/wp-content\/uploads\/2014\/03\/alegria1.jpg?resize=400%2C495&amp;ssl=1 400w\" width=\"407\" height=\"504\" loading=\"lazy\" data-original-width=\"407\" data-original-height=\"504\" itemprop=\"http:\/\/schema.org\/image\" title=\"alegria1\" alt=\"ALEGRES.- Los m\u00e1s peque\u00f1itos se fueron con sus manos llenas de golosinas; una gran sonrisa en sus rostros y los \u00fatiles para ellos destinados.\" style=\"width: 407px; height: 504px;\" \/> <\/a> <div class=\"tiled-gallery-caption\" itemprop=\"caption description\"> ALEGRES.- Los m\u00e1s peque\u00f1itos se fueron con sus manos llenas de golosinas; una gran sonrisa en sus rostros y los \u00fatiles para ellos destinados. <\/div> <\/div> <\/div> <!-- close group --> <div class=\"gallery-group images-3\" style=\"width: 229px; height: 508px;\" data-original-width=\"229\" data-original-height=\"508\" > <div class=\"tiled-gallery-item tiled-gallery-item-small\" itemprop=\"associatedMedia\" itemscope itemtype=\"http:\/\/schema.org\/ImageObject\"> <a href=\"https:\/\/eltrabajo.cl\/portal\/mas-de-80-escolares-recibieron-donativo-de-utiles-escolares\/colecta-kar1-2\/\" border=\"0\" itemprop=\"url\"> <meta itemprop=\"width\" content=\"225\"> <meta itemprop=\"height\" content=\"156\"> <img decoding=\"async\" class=\"\" data-attachment-id=\"44677\" data-orig-file=\"https:\/\/eltrabajo.cl\/portal\/wp-content\/uploads\/2014\/03\/Colecta-KAR1.jpg\" data-orig-size=\"529,366\" data-comments-opened=\"1\" data-image-meta=\"{&quot;aperture&quot;:&quot;3.1&quot;,&quot;credit&quot;:&quot;&quot;,&quot;camera&quot;:&quot;DSC-H100&quot;,&quot;caption&quot;:&quot;&quot;,&quot;created_timestamp&quot;:&quot;1326736110&quot;,&quot;copyright&quot;:&quot;&quot;,&quot;focal_length&quot;:&quot;4.5&quot;,&quot;iso&quot;:&quot;80&quot;,&quot;shutter_speed&quot;:&quot;0.033333333333333&quot;,&quot;title&quot;:&quot;&quot;}\" data-image-title=\"Colecta KAR1\" data-image-description=\"&lt;p&gt;SOLIDARIOS.- Hace un a\u00f1o los empleados de Carnes KAR hicieron otra campa\u00f1a a beneficio de los damnificados del gigantesco incendio que afect\u00f3 a miles de personas en Valpara\u00edso.&lt;\/p&gt; \" data-medium-file=\"https:\/\/i0.wp.com\/eltrabajo.cl\/portal\/wp-content\/uploads\/2014\/03\/Colecta-KAR1.jpg?fit=300%2C207&#038;ssl=1\" data-large-file=\"https:\/\/i0.wp.com\/eltrabajo.cl\/portal\/wp-content\/uploads\/2014\/03\/Colecta-KAR1.jpg?fit=529%2C366&#038;ssl=1\" src=\"https:\/\/i0.wp.com\/eltrabajo.cl\/portal\/wp-content\/uploads\/2014\/03\/Colecta-KAR1.jpg?w=225&#038;h=156&#038;ssl=1\" srcset=\"https:\/\/i0.wp.com\/eltrabajo.cl\/portal\/wp-content\/uploads\/2014\/03\/Colecta-KAR1.jpg?w=529&amp;ssl=1 529w, https:\/\/i0.wp.com\/eltrabajo.cl\/portal\/wp-content\/uploads\/2014\/03\/Colecta-KAR1.jpg?resize=200%2C138&amp;ssl=1 200w, https:\/\/i0.wp.com\/eltrabajo.cl\/portal\/wp-content\/uploads\/2014\/03\/Colecta-KAR1.jpg?resize=300%2C207&amp;ssl=1 300w, https:\/\/i0.wp.com\/eltrabajo.cl\/portal\/wp-content\/uploads\/2014\/03\/Colecta-KAR1.jpg?resize=150%2C103&amp;ssl=1 150w, https:\/\/i0.wp.com\/eltrabajo.cl\/portal\/wp-content\/uploads\/2014\/03\/Colecta-KAR1.jpg?resize=400%2C276&amp;ssl=1 400w\" width=\"225\" height=\"156\" loading=\"lazy\" data-original-width=\"225\" data-original-height=\"156\" itemprop=\"http:\/\/schema.org\/image\" title=\"Colecta KAR1\" alt=\"SOLIDARIOS.- Hace un a\u00f1o los empleados de Carnes KAR hicieron otra campa\u00f1a a beneficio de los damnificados del gigantesco incendio que afect\u00f3 a miles de personas en Valpara\u00edso.\" style=\"width: 225px; height: 156px;\" \/> <\/a> <div class=\"tiled-gallery-caption\" itemprop=\"caption description\"> SOLIDARIOS.- Hace un a\u00f1o los empleados de Carnes KAR hicieron otra campa\u00f1a a beneficio de los damnificados del gigantesco incendio que afect\u00f3 a miles de personas en Valpara\u00edso. <\/div> <\/div> <div class=\"tiled-gallery-item tiled-gallery-item-small\" itemprop=\"associatedMedia\" itemscope itemtype=\"http:\/\/schema.org\/ImageObject\"> <a href=\"https:\/\/eltrabajo.cl\/portal\/mas-de-80-escolares-recibieron-donativo-de-utiles-escolares\/cuadernos2-2\/\" border=\"0\" itemprop=\"url\"> <meta itemprop=\"width\" content=\"225\"> <meta itemprop=\"height\" content=\"168\"> <img decoding=\"async\" class=\"\" data-attachment-id=\"44678\" data-orig-file=\"https:\/\/eltrabajo.cl\/portal\/wp-content\/uploads\/2014\/03\/Cuadernos2.jpg\" data-orig-size=\"528,395\" data-comments-opened=\"1\" data-image-meta=\"{&quot;aperture&quot;:&quot;3.1&quot;,&quot;credit&quot;:&quot;&quot;,&quot;camera&quot;:&quot;DSC-H100&quot;,&quot;caption&quot;:&quot;&quot;,&quot;created_timestamp&quot;:&quot;1390822975&quot;,&quot;copyright&quot;:&quot;Copyright 2009&quot;,&quot;focal_length&quot;:&quot;4.5&quot;,&quot;iso&quot;:&quot;80&quot;,&quot;shutter_speed&quot;:&quot;0.033333333333333&quot;,&quot;title&quot;:&quot;&quot;}\" data-image-title=\"Cuadernos2\" data-image-description=\"&lt;p&gt;A ESTUDIAR.- Cientos de \u00fatiles escolares y art\u00edculos para estudiar, son los que ahora est\u00e1n en manos de estos alumnos de la educaci\u00f3n municipalizada.&lt;\/p&gt; \" data-medium-file=\"https:\/\/i0.wp.com\/eltrabajo.cl\/portal\/wp-content\/uploads\/2014\/03\/Cuadernos2.jpg?fit=300%2C224&#038;ssl=1\" data-large-file=\"https:\/\/i0.wp.com\/eltrabajo.cl\/portal\/wp-content\/uploads\/2014\/03\/Cuadernos2.jpg?fit=528%2C395&#038;ssl=1\" src=\"https:\/\/i0.wp.com\/eltrabajo.cl\/portal\/wp-content\/uploads\/2014\/03\/Cuadernos2.jpg?w=225&#038;h=168&#038;ssl=1\" srcset=\"https:\/\/i0.wp.com\/eltrabajo.cl\/portal\/wp-content\/uploads\/2014\/03\/Cuadernos2.jpg?w=528&amp;ssl=1 528w, https:\/\/i0.wp.com\/eltrabajo.cl\/portal\/wp-content\/uploads\/2014\/03\/Cuadernos2.jpg?resize=200%2C150&amp;ssl=1 200w, https:\/\/i0.wp.com\/eltrabajo.cl\/portal\/wp-content\/uploads\/2014\/03\/Cuadernos2.jpg?resize=300%2C224&amp;ssl=1 300w, https:\/\/i0.wp.com\/eltrabajo.cl\/portal\/wp-content\/uploads\/2014\/03\/Cuadernos2.jpg?resize=150%2C112&amp;ssl=1 150w, https:\/\/i0.wp.com\/eltrabajo.cl\/portal\/wp-content\/uploads\/2014\/03\/Cuadernos2.jpg?resize=400%2C299&amp;ssl=1 400w\" width=\"225\" height=\"168\" loading=\"lazy\" data-original-width=\"225\" data-original-height=\"168\" itemprop=\"http:\/\/schema.org\/image\" title=\"Cuadernos2\" alt=\"A ESTUDIAR.- Cientos de \u00fatiles escolares y art\u00edculos para estudiar, son los que ahora est\u00e1n en manos de estos alumnos de la educaci\u00f3n municipalizada.\" style=\"width: 225px; height: 168px;\" \/> <\/a> <div class=\"tiled-gallery-caption\" itemprop=\"caption description\"> A ESTUDIAR.- Cientos de \u00fatiles escolares y art\u00edculos para estudiar, son los que ahora est\u00e1n en manos de estos alumnos de la educaci\u00f3n municipalizada. <\/div> <\/div> <div class=\"tiled-gallery-item tiled-gallery-item-small\" itemprop=\"associatedMedia\" itemscope itemtype=\"http:\/\/schema.org\/ImageObject\"> <a href=\"https:\/\/eltrabajo.cl\/portal\/mas-de-80-escolares-recibieron-donativo-de-utiles-escolares\/gestores1-3\/\" border=\"0\" itemprop=\"url\"> <meta itemprop=\"width\" content=\"225\"> <meta itemprop=\"height\" content=\"172\"> <img decoding=\"async\" class=\"\" data-attachment-id=\"44679\" data-orig-file=\"https:\/\/eltrabajo.cl\/portal\/wp-content\/uploads\/2014\/03\/Gestores11.jpg\" data-orig-size=\"529,406\" data-comments-opened=\"1\" data-image-meta=\"{&quot;aperture&quot;:&quot;2.6&quot;,&quot;credit&quot;:&quot;&quot;,&quot;camera&quot;:&quot;GT-P5110&quot;,&quot;caption&quot;:&quot;&quot;,&quot;created_timestamp&quot;:&quot;1394443491&quot;,&quot;copyright&quot;:&quot;&quot;,&quot;focal_length&quot;:&quot;2.79&quot;,&quot;iso&quot;:&quot;50&quot;,&quot;shutter_speed&quot;:&quot;0.01&quot;,&quot;title&quot;:&quot;&quot;}\" data-image-title=\"Gestores1\" data-image-description=\"&lt;p&gt;GESTORES.- Juan Gonz\u00e1lez y Heidi Inostroza de Carnes KAR, posan para las c\u00e1maras de Diario El Trabajo al lado del Director de la Escuela San Rafael, Cristian Iv\u00e1n Cruz Alfaro.&lt;\/p&gt; \" data-medium-file=\"https:\/\/i0.wp.com\/eltrabajo.cl\/portal\/wp-content\/uploads\/2014\/03\/Gestores11.jpg?fit=300%2C230&#038;ssl=1\" data-large-file=\"https:\/\/i0.wp.com\/eltrabajo.cl\/portal\/wp-content\/uploads\/2014\/03\/Gestores11.jpg?fit=529%2C406&#038;ssl=1\" src=\"https:\/\/i0.wp.com\/eltrabajo.cl\/portal\/wp-content\/uploads\/2014\/03\/Gestores11.jpg?w=225&#038;h=172&#038;ssl=1\" srcset=\"https:\/\/i0.wp.com\/eltrabajo.cl\/portal\/wp-content\/uploads\/2014\/03\/Gestores11.jpg?w=529&amp;ssl=1 529w, https:\/\/i0.wp.com\/eltrabajo.cl\/portal\/wp-content\/uploads\/2014\/03\/Gestores11.jpg?resize=195%2C150&amp;ssl=1 195w, https:\/\/i0.wp.com\/eltrabajo.cl\/portal\/wp-content\/uploads\/2014\/03\/Gestores11.jpg?resize=300%2C230&amp;ssl=1 300w, https:\/\/i0.wp.com\/eltrabajo.cl\/portal\/wp-content\/uploads\/2014\/03\/Gestores11.jpg?resize=150%2C115&amp;ssl=1 150w, https:\/\/i0.wp.com\/eltrabajo.cl\/portal\/wp-content\/uploads\/2014\/03\/Gestores11.jpg?resize=400%2C306&amp;ssl=1 400w\" width=\"225\" height=\"172\" loading=\"lazy\" data-original-width=\"225\" data-original-height=\"172\" itemprop=\"http:\/\/schema.org\/image\" title=\"Gestores1\" alt=\"GESTORES.- Juan Gonz\u00e1lez y Heidi Inostroza de Carnes KAR, posan para las c\u00e1maras de Diario El Trabajo al lado del Director de la Escuela San Rafael, Cristian Iv\u00e1n Cruz Alfaro.\" style=\"width: 225px; height: 172px;\" \/> <\/a> <div class=\"tiled-gallery-caption\" itemprop=\"caption description\"> GESTORES.- Juan Gonz\u00e1lez y Heidi Inostroza de Carnes KAR, posan para las c\u00e1maras de Diario El Trabajo al lado del Director de la Escuela San Rafael, Cristian Iv\u00e1n Cruz Alfaro. <\/div> <\/div> <\/div> <!-- close group --> <\/div> <!-- close row --> <div class=\"gallery-row\" style=\"width: 640px; height: 593px;\" data-original-width=\"640\" data-original-height=\"593\" > <div class=\"gallery-group images-1\" style=\"width: 640px; height: 593px;\" data-original-width=\"640\" data-original-height=\"593\" > <div class=\"tiled-gallery-item tiled-gallery-item-large\" itemprop=\"associatedMedia\" itemscope itemtype=\"http:\/\/schema.org\/ImageObject\"> <a href=\"https:\/\/eltrabajo.cl\/portal\/mas-de-80-escolares-recibieron-donativo-de-utiles-escolares\/juan-gonzalez-6\/\" border=\"0\" itemprop=\"url\"> <meta itemprop=\"width\" content=\"636\"> <meta itemprop=\"height\" content=\"589\"> <img decoding=\"async\" class=\"\" data-attachment-id=\"44680\" data-orig-file=\"https:\/\/eltrabajo.cl\/portal\/wp-content\/uploads\/2014\/03\/Juan-Gonzalez.jpg\" data-orig-size=\"529,490\" data-comments-opened=\"1\" data-image-meta=\"{&quot;aperture&quot;:&quot;3.1&quot;,&quot;credit&quot;:&quot;&quot;,&quot;camera&quot;:&quot;DSC-H100&quot;,&quot;caption&quot;:&quot;&quot;,&quot;created_timestamp&quot;:&quot;1395659520&quot;,&quot;copyright&quot;:&quot;Copyright 2009&quot;,&quot;focal_length&quot;:&quot;4.5&quot;,&quot;iso&quot;:&quot;100&quot;,&quot;shutter_speed&quot;:&quot;0.033333333333333&quot;,&quot;title&quot;:&quot;&quot;}\" data-image-title=\"Juan Gonzalez\" data-image-description=\"&lt;p&gt;Juan Gonz\u00e1lez, Gerente de Carnes KAR de San Felipe.&lt;\/p&gt; \" data-medium-file=\"https:\/\/i0.wp.com\/eltrabajo.cl\/portal\/wp-content\/uploads\/2014\/03\/Juan-Gonzalez.jpg?fit=300%2C277&#038;ssl=1\" data-large-file=\"https:\/\/i0.wp.com\/eltrabajo.cl\/portal\/wp-content\/uploads\/2014\/03\/Juan-Gonzalez.jpg?fit=529%2C490&#038;ssl=1\" src=\"https:\/\/i0.wp.com\/eltrabajo.cl\/portal\/wp-content\/uploads\/2014\/03\/Juan-Gonzalez.jpg?w=636&#038;h=589&#038;ssl=1\" srcset=\"https:\/\/i0.wp.com\/eltrabajo.cl\/portal\/wp-content\/uploads\/2014\/03\/Juan-Gonzalez.jpg?w=529&amp;ssl=1 529w, https:\/\/i0.wp.com\/eltrabajo.cl\/portal\/wp-content\/uploads\/2014\/03\/Juan-Gonzalez.jpg?resize=161%2C150&amp;ssl=1 161w, https:\/\/i0.wp.com\/eltrabajo.cl\/portal\/wp-content\/uploads\/2014\/03\/Juan-Gonzalez.jpg?resize=300%2C277&amp;ssl=1 300w, https:\/\/i0.wp.com\/eltrabajo.cl\/portal\/wp-content\/uploads\/2014\/03\/Juan-Gonzalez.jpg?resize=150%2C138&amp;ssl=1 150w, https:\/\/i0.wp.com\/eltrabajo.cl\/portal\/wp-content\/uploads\/2014\/03\/Juan-Gonzalez.jpg?resize=400%2C370&amp;ssl=1 400w\" width=\"636\" height=\"589\" loading=\"lazy\" data-original-width=\"636\" data-original-height=\"589\" itemprop=\"http:\/\/schema.org\/image\" title=\"Juan Gonzalez\" alt=\"Juan Gonz\u00e1lez, Gerente de Carnes KAR de San Felipe.\" style=\"width: 636px; height: 589px;\" \/> <\/a> <div class=\"tiled-gallery-caption\" itemprop=\"caption description\"> Juan Gonz\u00e1lez, Gerente de Carnes KAR de San Felipe. <\/div> <\/div> <\/div> <!-- close group --> <\/div> <!-- close row --> <\/div>\n<p>&nbsp;<\/p>\n","protected":false},"excerpt":{"rendered":"<p>Luego que a finales de enero Carnes KAR iniciara la campa\u00f1a solidaria \u2018Para una mejor educaci\u00f3n, a los ni\u00f1os de coraz\u00f3n\u2019, a fin de colectar \u00fatiles escolares para ser entregados estos en&#8230;<\/p>\n","protected":false},"author":482,"featured_media":44675,"comment_status":"open","ping_status":"closed","sticky":false,"template":"","format":"standard","meta":{"advanced_seo_description":"","jetpack_seo_html_title":"","jetpack_seo_noindex":false,"_jetpack_memberships_contains_paid_content":false,"footnotes":""},"categories":[15],"tags":[],"class_list":["post-44674","post","type-post","status-publish","format-standard","has-post-thumbnail","hentry","category-comunidad"],"jetpack_featured_media_url":"https:\/\/i0.wp.com\/eltrabajo.cl\/portal\/wp-content\/uploads\/2014\/03\/Entrega11.jpg?fit=529%2C315&ssl=1","jetpack_sharing_enabled":true,"jetpack_likes_enabled":true,"jetpack-related-posts":[],"_links":{"self":[{"href":"https:\/\/eltrabajo.cl\/portal\/wp-json\/wp\/v2\/posts\/44674","targetHints":{"allow":["GET"]}}],"collection":[{"href":"https:\/\/eltrabajo.cl\/portal\/wp-json\/wp\/v2\/posts"}],"about":[{"href":"https:\/\/eltrabajo.cl\/portal\/wp-json\/wp\/v2\/types\/post"}],"author":[{"embeddable":true,"href":"https:\/\/eltrabajo.cl\/portal\/wp-json\/wp\/v2\/users\/482"}],"replies":[{"embeddable":true,"href":"https:\/\/eltrabajo.cl\/portal\/wp-json\/wp\/v2\/comments?post=44674"}],"version-history":[{"count":0,"href":"https:\/\/eltrabajo.cl\/portal\/wp-json\/wp\/v2\/posts\/44674\/revisions"}],"wp:featuredmedia":[{"embeddable":true,"href":"https:\/\/eltrabajo.cl\/portal\/wp-json\/wp\/v2\/media\/44675"}],"wp:attachment":[{"href":"https:\/\/eltrabajo.cl\/portal\/wp-json\/wp\/v2\/media?parent=44674"}],"wp:term":[{"taxonomy":"category","embeddable":true,"href":"https:\/\/eltrabajo.cl\/portal\/wp-json\/wp\/v2\/categories?post=44674"},{"taxonomy":"post_tag","embeddable":true,"href":"https:\/\/eltrabajo.cl\/portal\/wp-json\/wp\/v2\/tags?post=44674"}],"curies":[{"name":"wp","href":"https:\/\/api.w.org\/{rel}","templated":true}]}}